{"id":42607,"date":"2024-11-22T08:12:00","date_gmt":"2024-11-22T07:12:00","guid":{"rendered":"https:\/\/blogs.diariosur.es\/tormentas-y-rayos\/?p=42607"},"modified":"2025-11-08T10:41:50","modified_gmt":"2025-11-08T09:41:50","slug":"cuando-se-quita-el-terral-de-otono-y-el-poniente-en-la-provincia-de-malaga-y-entra-polvo-en-suspension-se-forma-una-profundisima-borrasca","status":"publish","type":"post","link":"https:\/\/blogs.diariosur.es\/tormentas-y-rayos\/2024\/11\/22\/cuando-se-quita-el-terral-de-otono-y-el-poniente-en-la-provincia-de-malaga-y-entra-polvo-en-suspension-se-forma-una-profundisima-borrasca\/","title":{"rendered":"\u00bfCu\u00e1ndo se quita el terral de oto\u00f1o y el poniente en la provincia de M\u00e1laga y entra polvo en suspensi\u00f3n? Se forma una profund\u00edsima borrasca."},"content":{"rendered":"<p><a href=\"https:\/\/static-blogs.diariosur.es\/wp-content\/uploads\/sites\/12\/2024\/05\/444912498_10228884468795449_97962860407814916_n.jpg\"><img loading=\"lazy\" class=\"aligncenter size-thumbnail wp-image-40751\" src=\"https:\/\/static-blogs.diariosur.es\/wp-content\/uploads\/sites\/12\/2024\/05\/444912498_10228884468795449_97962860407814916_n-150x150.jpg\" alt=\"\" width=\"150\" height=\"150\" \/><\/a><\/p>\n<p data-pm-slice=\"1 1 []\">Buenos d\u00edas, amigos de la meteo. Cuando son las siete de la ma\u00f1ana en M\u00e1laga capital, mi estaci\u00f3n registra 17,5 \u00baC, pero debido al viento, la sensaci\u00f3n t\u00e9rmica es de 12 \u00baC. La estaci\u00f3n de la Aemet del aeropuerto ha registrado a las 3:50 de la madrugada una racha de 58 km\/h; los cielos est\u00e1n despejados y la humedad ronda el 63 %.<\/p>\n<p>La temperatura m\u00e1xima ayer jueves en M\u00e1laga capital fue de <strong>19 \u00baC,<\/strong> se registr\u00f3 una racha de viento en el aeropuerto de 63 km\/h y los cielos estuvieron adornados de lenticularis. Nuevamente, por las rachas fuertes de viento, sentimos m\u00e1s fr\u00edo, aunque dimos 19 \u00baC.<\/p>\n<p>Hoy seguir\u00e1 el terral de oto\u00f1o y el poniente, pero a \u00faltima hora de la tarde noche no soplar\u00e1 tan fuerte. A primeras horas de la madrugada de ma\u00f1ana s\u00e1bado entrar\u00e1 el levante en la costa malague\u00f1a.<\/p>\n<p><strong>Ma\u00f1ana s\u00e1bado<\/strong> tendremos rachas moderadas de levante en toda la costa; en las comarcas de Ronda y Antequera se esperan m\u00e1s fuertes. Debido al viento h\u00famedo de levante, los cielos pueden estar nubosos y dejar algunas gotas espor\u00e1dicas a primeras horas. Las temperaturas m\u00e1ximas rondar\u00e1n en la provincia entre los 15 y 20 \u00baC.<\/p>\n<p><strong>El domingo<\/strong> subir\u00e1n las temperaturas m\u00e1ximas, not\u00e1ndose m\u00e1s en las comarcas de Ronda y Antequera; rondar\u00e1n entre los 17 y 20 \u00baC. En las dem\u00e1s zonas de la provincia, entre los 18 y 21 \u00baC.<\/p>\n<p>El viento de levante soplar\u00e1 flojo, tendiendo a sur por la tarde. Hay probabilidad de polvo en suspensi\u00f3n a \u00faltima hora de la tarde, que se mantendr\u00e1 el lunes. Esto se deber\u00e1 a la profunda borrasca que se formar\u00e1 a partir de hoy.<\/p>\n<h3><span style=\"color: #ff0000;\"><strong>Se forma una profund\u00edsima borrasca.<\/strong><\/span><\/h3>\n<p data-pm-slice=\"1 1 []\">Esta semana seguro que hab\u00e9is le\u00eddo lo de bombog\u00e9nesis; yo alucino con estos nombres, en todo caso, ciclog\u00e9nesis explosiva. Como todos sab\u00e9is, una ciclog\u00e9nesis es el proceso que tiene una borrasca cuando baja de presi\u00f3n. Si esta bajada de presi\u00f3n la hace muy r\u00e1pidamente, se le llama ciclog\u00e9nesis explosiva. Hoy viernes comienza este proceso y de estar a 992 mb bajar\u00e1 en 24 horas a 940 mb, reedito a 937 mb. A esta borrasca le han puesto el nombre de Bert. Esta borrasca provocar\u00e1 vientos huracanados y olas de m\u00e1s de 14 metros en el Atl\u00e1ntico.<\/p>\n<p>Os paso estos mapas de superficie del Met Office.<\/p>\n<p>&nbsp;<\/p>\n<p><a href=\"https:\/\/static-blogs.diariosur.es\/wp-content\/uploads\/sites\/12\/2024\/11\/1-2.jpg\"><img loading=\"lazy\" class=\"aligncenter size-full wp-image-42608\" src=\"https:\/\/static-blogs.diariosur.es\/wp-content\/uploads\/sites\/12\/2024\/11\/1-2.jpg\" alt=\"\" width=\"1017\" height=\"676\" srcset=\"https:\/\/static-blogs.diariosur.es\/wp-content\/uploads\/sites\/12\/2024\/11\/1-2.jpg 1017w, https:\/\/static-blogs.diariosur.es\/wp-content\/uploads\/sites\/12\/2024\/11\/1-2-602x400.jpg 602w, https:\/\/static-blogs.diariosur.es\/wp-content\/uploads\/sites\/12\/2024\/11\/1-2-768x510.jpg 768w\" sizes=\"(max-width: 1017px) 100vw, 1017px\" \/><\/a><\/p>\n<p>&nbsp;<\/p>\n<p><a href=\"https:\/\/static-blogs.diariosur.es\/wp-content\/uploads\/sites\/12\/2024\/11\/2-2.jpg\"><img loading=\"lazy\" class=\"aligncenter size-full wp-image-42609\" src=\"https:\/\/static-blogs.diariosur.es\/wp-content\/uploads\/sites\/12\/2024\/11\/2-2.jpg\" alt=\"\" width=\"1008\" height=\"681\" srcset=\"https:\/\/static-blogs.diariosur.es\/wp-content\/uploads\/sites\/12\/2024\/11\/2-2.jpg 1008w, https:\/\/static-blogs.diariosur.es\/wp-content\/uploads\/sites\/12\/2024\/11\/2-2-592x400.jpg 592w, https:\/\/static-blogs.diariosur.es\/wp-content\/uploads\/sites\/12\/2024\/11\/2-2-768x519.jpg 768w\" sizes=\"(max-width: 1008px) 100vw, 1008px\" \/><\/a><\/p>\n<p>&nbsp;<\/p>\n<p><a href=\"https:\/\/static-blogs.diariosur.es\/wp-content\/uploads\/sites\/12\/2024\/11\/3-1.jpg\"><img loading=\"lazy\" class=\"aligncenter size-full wp-image-42610\" src=\"https:\/\/static-blogs.diariosur.es\/wp-content\/uploads\/sites\/12\/2024\/11\/3-1.jpg\" alt=\"\" width=\"1001\" height=\"676\" srcset=\"https:\/\/static-blogs.diariosur.es\/wp-content\/uploads\/sites\/12\/2024\/11\/3-1.jpg 1001w, https:\/\/static-blogs.diariosur.es\/wp-content\/uploads\/sites\/12\/2024\/11\/3-1-592x400.jpg 592w, https:\/\/static-blogs.diariosur.es\/wp-content\/uploads\/sites\/12\/2024\/11\/3-1-768x519.jpg 768w\" sizes=\"(max-width: 1001px) 100vw, 1001px\" \/><\/a><\/p>\n<p data-pm-slice=\"1 1 []\">Esta borrasca no traer\u00e1 precipitaciones a nuestra comunidad, muy curiosamente subida de temperaturas m\u00e1ximas el domingo, lunes y martes en el Valle del Guadalquivir. El lunes en las provincias de C\u00f3rdoba y Sevilla pueden llegar a los 26 \u00baC. En las comarcas de Ronda y Antequera, los 23 e incluso los 24.<\/p>\n<p>Esta borrasca favorecer\u00e1 la llegada de una masa de aire m\u00e1s c\u00e1lida y tambi\u00e9n, como he comentado m\u00e1s arriba, <strong>polvo en suspensi\u00f3n debido al viento sur.\u00a0<\/strong><\/p>\n<p>Os dejo con esta bonita foto que hizo ayer mi amigo Crist\u00f3bal Gambero a los lenticularis en Mijas Pueblo.<\/p>\n<p>&nbsp;<\/p>\n<p><a href=\"https:\/\/static-blogs.diariosur.es\/wp-content\/uploads\/sites\/12\/2024\/11\/467811661_8633291943386390_1388267836529699193_n.jpg\"><img loading=\"lazy\" class=\"aligncenter size-full wp-image-42611\" src=\"https:\/\/static-blogs.diariosur.es\/wp-content\/uploads\/sites\/12\/2024\/11\/467811661_8633291943386390_1388267836529699193_n.jpg\" alt=\"\" width=\"900\" height=\"506\" srcset=\"https:\/\/static-blogs.diariosur.es\/wp-content\/uploads\/sites\/12\/2024\/11\/467811661_8633291943386390_1388267836529699193_n.jpg 900w, https:\/\/static-blogs.diariosur.es\/wp-content\/uploads\/sites\/12\/2024\/11\/467811661_8633291943386390_1388267836529699193_n-640x360.jpg 640w, https:\/\/static-blogs.diariosur.es\/wp-content\/uploads\/sites\/12\/2024\/11\/467811661_8633291943386390_1388267836529699193_n-768x432.jpg 768w\" sizes=\"(max-width: 900px) 100vw, 900px\" \/><\/a><\/p>\n","protected":false},"excerpt":{"rendered":"<p>Buenos d\u00edas, amigos de la meteo. Cuando son las siete de la ma\u00f1ana en M\u00e1laga capital, mi estaci\u00f3n registra 17,5 \u00baC, pero debido al viento, la sensaci\u00f3n t\u00e9rmica es de 12 \u00baC. La estaci\u00f3n de la Aemet del aeropuerto ha registrado a las 3:50 de la madrugada una racha de 58 km\/h; los cielos est\u00e1n [&hellip;]<\/p>\n","protected":false},"author":16,"featured_media":42611,"comment_status":"open","ping_status":"open","sticky":false,"template":"","format":"standard","meta":[],"categories":[2],"tags":[100,1971,188,252,358,395,587,789,947,975],"_links":{"self":[{"href":"https:\/\/blogs.diariosur.es\/tormentas-y-rayos\/wp-json\/wp\/v2\/posts\/42607"}],"collection":[{"href":"https:\/\/blogs.diariosur.es\/tormentas-y-rayos\/wp-json\/wp\/v2\/posts"}],"about":[{"href":"https:\/\/blogs.diariosur.es\/tormentas-y-rayos\/wp-json\/wp\/v2\/types\/post"}],"author":[{"embeddable":true,"href":"https:\/\/blogs.diariosur.es\/tormentas-y-rayos\/wp-json\/wp\/v2\/users\/16"}],"replies":[{"embeddable":true,"href":"https:\/\/blogs.diariosur.es\/tormentas-y-rayos\/wp-json\/wp\/v2\/comments?post=42607"}],"version-history":[{"count":5,"href":"https:\/\/blogs.diariosur.es\/tormentas-y-rayos\/wp-json\/wp\/v2\/posts\/42607\/revisions"}],"predecessor-version":[{"id":47283,"href":"https:\/\/blogs.diariosur.es\/tormentas-y-rayos\/wp-json\/wp\/v2\/posts\/42607\/revisions\/47283"}],"wp:featuredmedia":[{"embeddable":true,"href":"https:\/\/blogs.diariosur.es\/tormentas-y-rayos\/wp-json\/wp\/v2\/media\/42611"}],"wp:attachment":[{"href":"https:\/\/blogs.diariosur.es\/tormentas-y-rayos\/wp-json\/wp\/v2\/media?parent=42607"}],"wp:term":[{"taxonomy":"category","embeddable":true,"href":"https:\/\/blogs.diariosur.es\/tormentas-y-rayos\/wp-json\/wp\/v2\/categories?post=42607"},{"taxonomy":"post_tag","embeddable":true,"href":"https:\/\/blogs.diariosur.es\/tormentas-y-rayos\/wp-json\/wp\/v2\/tags?post=42607"}],"curies":[{"name":"wp","href":"https:\/\/api.w.org\/{rel}","templated":true}]}}