{"id":42616,"date":"2024-11-24T08:09:04","date_gmt":"2024-11-24T07:09:04","guid":{"rendered":"https:\/\/blogs.diariosur.es\/tormentas-y-rayos\/?p=42616"},"modified":"2025-11-08T10:38:26","modified_gmt":"2025-11-08T09:38:26","slug":"que-tiempo-hara-manana-lunes-en-andalucia-y-malaga-hay-probabilidad-de-depositos-de-barro-y-tormentas","status":"publish","type":"post","link":"https:\/\/blogs.diariosur.es\/tormentas-y-rayos\/2024\/11\/24\/que-tiempo-hara-manana-lunes-en-andalucia-y-malaga-hay-probabilidad-de-depositos-de-barro-y-tormentas\/","title":{"rendered":"\u00bfQu\u00e9 tiempo hara ma\u00f1ana lunes en Andaluc\u00eda y M\u00e1laga? \u00bfHay probabilidad de dep\u00f3sitos de barro y tormentas?"},"content":{"rendered":"<p><a href=\"https:\/\/static-blogs.diariosur.es\/wp-content\/uploads\/sites\/12\/2024\/11\/130738248_10221381944997043_6257362087676436516_n.jpg\"><img loading=\"lazy\" class=\"aligncenter size-thumbnail wp-image-42618\" src=\"https:\/\/static-blogs.diariosur.es\/wp-content\/uploads\/sites\/12\/2024\/11\/130738248_10221381944997043_6257362087676436516_n-150x150.jpg\" alt=\"\" width=\"150\" height=\"150\" srcset=\"https:\/\/static-blogs.diariosur.es\/wp-content\/uploads\/sites\/12\/2024\/11\/130738248_10221381944997043_6257362087676436516_n-150x150.jpg 150w, https:\/\/static-blogs.diariosur.es\/wp-content\/uploads\/sites\/12\/2024\/11\/130738248_10221381944997043_6257362087676436516_n-400x400.jpg 400w, https:\/\/static-blogs.diariosur.es\/wp-content\/uploads\/sites\/12\/2024\/11\/130738248_10221381944997043_6257362087676436516_n.jpg 768w\" sizes=\"(max-width: 150px) 100vw, 150px\" \/><\/a><\/p>\n<p data-pm-slice=\"1 1 []\">Buenos d\u00edas, amigos de la meteo. Hoy domingo 24 de noviembre de 2024, la temperatura m\u00ednima en la capital se ha registrado en la estaci\u00f3n de la Aemet del Centro Meteorol\u00f3gico con 11,9 \u00baC. Hoy se espera una m\u00e1xima de 22 \u00baC.<\/p>\n<p>Ma\u00f1ana lunes, el frente fr\u00edo generado por la profunda borrasca Bert dejar\u00e1 precipitaciones en la zona occidental de nuestra comunidad; pueden ir acompa\u00f1adas de tormentas y dep\u00f3sitos de barro. Tranquilidad porque la concentraci\u00f3n de polvo en suspensi\u00f3n no es muy alta. En alg\u00fan punto estos chubascos pueden ser fuertes.<\/p>\n<p><strong>En cuanto a la provincia malague\u00f1a, la probabilidad m\u00e1s alta de precipitaciones se dar\u00e1 en el interior m\u00e1s occidental y comarca de Antequera. Tambi\u00e9n hay probabilidad de dep\u00f3sitos de barro, poca cosa. En la capital y zona oriental de la provincia, la probabilidad de chubascos es m\u00e1s baja. Ya veremos si el frente logra entrar m\u00e1s en la provincia.<\/strong><\/p>\n<p>Hasta ma\u00f1ana, os dejo con esta bonita foto de mi amigo Crist\u00f3bal Gambero en Mijas Pueblo. Ojal\u00e1 el frente se reactive y deje m\u00e1s precipitaciones en m\u00e1s puntos de la provincia malague\u00f1a.<\/p>\n<p>&nbsp;<\/p>\n<p><a href=\"https:\/\/static-blogs.diariosur.es\/wp-content\/uploads\/sites\/12\/2024\/11\/467604659_8616099698438948_1507262879270672686_n.jpg\"><img loading=\"lazy\" class=\"aligncenter size-full wp-image-42619\" src=\"https:\/\/static-blogs.diariosur.es\/wp-content\/uploads\/sites\/12\/2024\/11\/467604659_8616099698438948_1507262879270672686_n.jpg\" alt=\"\" width=\"900\" height=\"675\" srcset=\"https:\/\/static-blogs.diariosur.es\/wp-content\/uploads\/sites\/12\/2024\/11\/467604659_8616099698438948_1507262879270672686_n.jpg 900w, https:\/\/static-blogs.diariosur.es\/wp-content\/uploads\/sites\/12\/2024\/11\/467604659_8616099698438948_1507262879270672686_n-533x400.jpg 533w, https:\/\/static-blogs.diariosur.es\/wp-content\/uploads\/sites\/12\/2024\/11\/467604659_8616099698438948_1507262879270672686_n-768x576.jpg 768w\" sizes=\"(max-width: 900px) 100vw, 900px\" \/><\/a><\/p>\n<p>&nbsp;<\/p>\n<p>&nbsp;<\/p>\n<p>&nbsp;<\/p>\n","protected":false},"excerpt":{"rendered":"<p>Buenos d\u00edas, amigos de la meteo. Hoy domingo 24 de noviembre de 2024, la temperatura m\u00ednima en la capital se ha registrado en la estaci\u00f3n de la Aemet del Centro Meteorol\u00f3gico con 11,9 \u00baC. Hoy se espera una m\u00e1xima de 22 \u00baC. Ma\u00f1ana lunes, el frente fr\u00edo generado por la profunda borrasca Bert dejar\u00e1 precipitaciones [&hellip;]<\/p>\n","protected":false},"author":16,"featured_media":42619,"comment_status":"open","ping_status":"open","sticky":false,"template":"","format":"standard","meta":[],"categories":[2],"tags":[100,1971,188,358,587],"_links":{"self":[{"href":"https:\/\/blogs.diariosur.es\/tormentas-y-rayos\/wp-json\/wp\/v2\/posts\/42616"}],"collection":[{"href":"https:\/\/blogs.diariosur.es\/tormentas-y-rayos\/wp-json\/wp\/v2\/posts"}],"about":[{"href":"https:\/\/blogs.diariosur.es\/tormentas-y-rayos\/wp-json\/wp\/v2\/types\/post"}],"author":[{"embeddable":true,"href":"https:\/\/blogs.diariosur.es\/tormentas-y-rayos\/wp-json\/wp\/v2\/users\/16"}],"replies":[{"embeddable":true,"href":"https:\/\/blogs.diariosur.es\/tormentas-y-rayos\/wp-json\/wp\/v2\/comments?post=42616"}],"version-history":[{"count":4,"href":"https:\/\/blogs.diariosur.es\/tormentas-y-rayos\/wp-json\/wp\/v2\/posts\/42616\/revisions"}],"predecessor-version":[{"id":47280,"href":"https:\/\/blogs.diariosur.es\/tormentas-y-rayos\/wp-json\/wp\/v2\/posts\/42616\/revisions\/47280"}],"wp:featuredmedia":[{"embeddable":true,"href":"https:\/\/blogs.diariosur.es\/tormentas-y-rayos\/wp-json\/wp\/v2\/media\/42619"}],"wp:attachment":[{"href":"https:\/\/blogs.diariosur.es\/tormentas-y-rayos\/wp-json\/wp\/v2\/media?parent=42616"}],"wp:term":[{"taxonomy":"category","embeddable":true,"href":"https:\/\/blogs.diariosur.es\/tormentas-y-rayos\/wp-json\/wp\/v2\/categories?post=42616"},{"taxonomy":"post_tag","embeddable":true,"href":"https:\/\/blogs.diariosur.es\/tormentas-y-rayos\/wp-json\/wp\/v2\/tags?post=42616"}],"curies":[{"name":"wp","href":"https:\/\/api.w.org\/{rel}","templated":true}]}}