{"id":42627,"date":"2024-11-27T07:42:31","date_gmt":"2024-11-27T06:42:31","guid":{"rendered":"https:\/\/blogs.diariosur.es\/tormentas-y-rayos\/?p=42627"},"modified":"2025-11-08T10:23:42","modified_gmt":"2025-11-08T09:23:42","slug":"memorias-de-un-meteoadicto-por-jose-luis-escudero-3","status":"publish","type":"post","link":"https:\/\/blogs.diariosur.es\/tormentas-y-rayos\/2024\/11\/27\/memorias-de-un-meteoadicto-por-jose-luis-escudero-3\/","title":{"rendered":"Memorias de un meteoadicto, por Jos\u00e9 Luis Escudero."},"content":{"rendered":"<p><a href=\"https:\/\/static-blogs.diariosur.es\/wp-content\/uploads\/sites\/12\/2021\/12\/71342116_10217590951984587_6214543044218191872_n.jpg\"><img loading=\"lazy\" class=\"aligncenter size-thumbnail wp-image-32021\" src=\"https:\/\/static-blogs.diariosur.es\/wp-content\/uploads\/sites\/12\/2021\/12\/71342116_10217590951984587_6214543044218191872_n-150x150.jpg\" alt=\"\" width=\"150\" height=\"150\" \/><\/a><\/p>\n<p data-pm-slice=\"1 1 []\">Buenos d\u00edas, amigos de la meteo. Me llamo Jos\u00e9 Lu\u00eds Escudero Gallegos, nac\u00ed en M\u00e1laga en la Calle Ancha del Carmen y, por lo que me contaban mis padres, mi afici\u00f3n a la meteorolog\u00eda me viene desde muy peque\u00f1o, pues parece que cuando hab\u00eda tormenta o llov\u00eda, me empe\u00f1aba en salir a la calle y hasta que no me sacaban, no se me pasaba el berrinche. Con tres a\u00f1itos ya me gustaban las tormentas.<\/p>\n<p>A los diez a\u00f1os, cuando cay\u00f3 un rayo sobre el Colegio Menor Mediterr\u00e1neo y el estruendo del trueno rompi\u00f3 los cristales del aula, fui el \u00fanico alumno que no solo no llor\u00f3, sino que adem\u00e1s, seg\u00fan le cont\u00f3 el profesor a mis padres, me puse content\u00edsimo; curiosamente, a mi padre tambi\u00e9n le encantaban las tormentas.<\/p>\n<p>Con esa edad tuve el mejor regalo de Reyes que he tenido hasta ahora; mis padres me regalaron un prism\u00e1tico de mucho aumento. Lo primero que hice fue bajar a la calle y mirar a la Sierra de las Nieves; me qued\u00e9 asombrado cuando vi tan cerca la nieve. Tambi\u00e9n lo usaba para ver los cumulonimbus. Con 65 a\u00f1os que tengo, a\u00fan lo conservo.<\/p>\n<p>Mi adolescencia transcurri\u00f3 entre M\u00e1laga y Sevilla, donde le perd\u00ed la c\u00e1mara de fotos a mis padres, intentando documentar el desbordamiento del Guadalquivir en el puente de hierro de San Juan de Aznalfarache, Sevilla, donde viv\u00eda por entonces.<\/p>\n<p>Entre mirar al cielo, devorar todo libro de Meteorolog\u00eda que ca\u00eda en mis manos y no perderme el parte de Mariano Medina, en la televisi\u00f3n de entonces, pasaba los d\u00edas. Bueno, exagero, tambi\u00e9n me dio tiempo a dejar embarazada a mi novia, Susi, por lo que tuve que decir adi\u00f3s a mi juventud y saltar a las responsabilidades de un adulto con 18 a\u00f1os.<\/p>\n<p>Entr\u00e9 a trabajar en el reci\u00e9n inaugurado Corte Ingl\u00e9s de M\u00e1laga, y claro, mi din\u00e1mica cotidiana cambi\u00f3, aunque no por eso dejaba de mirar al cielo cada vez que pasaba por las cristaleras de los escaparates. Aunque con chaqueta, corbata y la cinta m\u00e9trica, para tomar las tallas y las composturas, segu\u00eda con mi meteoman\u00eda. Es verdad que me sent\u00eda un poco bicho raro entre mis compa\u00f1eros, puesto que nadie compart\u00eda mi afici\u00f3n.<\/p>\n<p>As\u00ed transcurri\u00f3 gran parte de la d\u00e9cada de los ochenta, hasta que en noviembre de 1989, avis\u00e9 con suficiente tiempo a mis compa\u00f1eros de trabajo del diluvio que iba a caer en M\u00e1laga. Los que me escucharon, sacaron sus veh\u00edculos del garaje subterr\u00e1neo y los aparcaron en lugares m\u00e1s elevados; los que no me hicieron caso tuvieron que negociar con sus compa\u00f1\u00edas de seguro.<\/p>\n<p>Creo que tambi\u00e9n fue por entonces cuando el chico que sal\u00eda con mi hermana y que le encantaban los ordenadores me demostr\u00f3 que en la incipiente web de los a\u00f1os 80 no solo hab\u00eda mucha m\u00e1s informaci\u00f3n meteorol\u00f3gica. Recuerdo que el primer sitio que visit\u00e9 fue la p\u00e1gina web de la Universidad de Nottingham (Inglaterra), que proporcionaba im\u00e1genes del sat\u00e9lite Meteosat, tanto del visible como del infrarrojo, y adem\u00e1s actualiz\u00e1ndose cada hora. Lo malo es que por entonces los m\u00f3dems eran muy lentos, de 300 Kb, con lo que a veces se tardaba una eternidad en actualizar una pantalla.<\/p>\n<p>Mi cuasi cu\u00f1ado tambi\u00e9n me hizo ver que yo tampoco era un bicho tan raro. Me ense\u00f1\u00f3 a navegar por Internet y al poco encontr\u00f3 dos foros de aficionados a la meteorolog\u00eda, el Foro de Meteored y Cazatormentas. All\u00ed hab\u00eda muchas personas de distintos lugares, comentando cualquier aspecto de la meteorolog\u00eda. Todo aquello me encant\u00f3, tanto que inmediatamente me quise dar de alta en el foro.<\/p>\n<p>Mi cu\u00f1ado, el bi\u00f3logo Jos\u00e9 Manuel Guevara, me hizo pisar el freno. Antes ten\u00eda que comprarme un ordenador con m\u00f3dem, abonarme a un servidor de internet y crearme una cuenta de correo electr\u00f3nico. Al d\u00eda siguiente, creo, ya estaba hablando con mis compa\u00f1eros de inform\u00e1tica de El Corte Ingl\u00e9s sobre ordenadores, routers y precios. Fue mi autorregalo de Reyes del a\u00f1o 1990. De entonces es mi cuenta de correo electr\u00f3nico: jlegmeteosat@.<\/p>\n<p>Poco despu\u00e9s, mientras tomaba una cerveza con mi cu\u00f1ado en el bar de abajo de mi casa y le comentaba lo \u00faltimo que hab\u00eda visto en los dos foros, y que todos los que participaban ten\u00edan un nombre raro como: Nimbus; Deily; Chaparr\u00f3n; Coriolis; Chimpun; Ufronito; Rayo; Mammatus; Storm; Onuba; Pilgrim; Gale; Vigorro; Meteocol\u2026 \u00c9l me explic\u00f3 que esos nombres eran \u201cnicks\u201d y que era lo habitual que usara la gente en los foros para identificarse. \u00a1Yo quer\u00eda uno! As\u00ed que en servilletas del bar nos pusimos a apuntar posibles nombres. Nada m\u00e1s subir a casa me di de alta en el Foro. \u00a1Hab\u00eda nacido TERRAL!<\/p>\n<p>As\u00ed como activo miembro de Meteored y Cazatormentas transcurrieron los \u00faltimos a\u00f1os del siglo XX. Ya no era un meteoadicto solitario, ni un meteofriki, sino que en compa\u00f1\u00eda de otros muchos me iba transformando, cada vez m\u00e1s, en un meteoaficionado cada vez m\u00e1s senior. La verdad es que en este foro aprend\u00ed m\u00e1s de la meteorolog\u00eda que en toda mi vida. Buff, y encima me convencieron para que actuara como moderador en los debates del foro.<\/p>\n<p>Entr\u00e9 en el nuevo milenio, convertido en un cuarent\u00f3n, reci\u00e9n divorciado, pero en plena ciclog\u00e9nesis. Se estaban fraguando nuevos cambios. El ocho de noviembre de 2004 se celebraron los Encuentros Nacionales de Aficionados a la Meteorolog\u00eda, en Sevilla. All\u00ed se intercalaron visitas a distintos entornos, como el Parque Nacional de Do\u00f1ana y la estaci\u00f3n meteorol\u00f3gica de San Juan de Aznalfarache, con conferencias en el sal\u00f3n de actos del Albergue de la Juventud y escapadas nocturnas por la ciudad. Tambi\u00e9n estren\u00e9 all\u00ed mi primera c\u00e1mara digital, fotografiando no solo los actos y excursiones, sino incluso un fuerte chaparr\u00f3n y una tuba en los cielos de Sevilla.<\/p>\n<p>En ese mismo a\u00f1o conoc\u00ed a la que hoy es mi mujer, Genoveva. Desde luego, mi 45 cumplea\u00f1os estuvo repleto de acontecimientos.<\/p>\n<p>Durante los siguientes a\u00f1os altern\u00e9 mi participaci\u00f3n en los foros\u00a0con la organizaci\u00f3n de \u201cquedadas\u201d con otros miembros del foro, tanto en M\u00e1laga como en Salobre\u00f1a, donde naci\u00f3\u00a0ACAMET. As\u00ed llegu\u00e9 hasta 2008, cuando Fernando Gonz\u00e1lez, periodista del SUR, me convenci\u00f3 para que iniciara un blog sobre meteorolog\u00eda en el SUR digital, el blog Tormenta y Rayos, labor que mantengo hasta el d\u00eda de hoy.<\/p>\n<p>A pesar de que el blog Tormenta y Rayos es principalmente de \u00e1mbito local, y a veces incluso provincial. En ocasiones no me he resistido a comentar fen\u00f3menos meteorol\u00f3gicos, de \u00edndole internacional, ya sean huracanes en el Caribe; tornados en Norteam\u00e9rica; tifones en Filipinas\u2026<\/p>\n<p>Al mismo tiempo que mi blog, y posiblemente como consecuencia de este, he ido desarrollando mi otra gran afici\u00f3n, que es la fotograf\u00eda. Muchas veces han sido los fen\u00f3menos meteorol\u00f3gicos los que han captado mi atenci\u00f3n: nubes con desarrollos espectaculares; grandes tormentas el\u00e9ctricas; tornados y sus efectos; minigalernas; fuertes fen\u00f3menos costeros; inundaciones; arco\u00edris dobles y sencillos; halos solares y lunares\u2026 Algunas de estas fotos van incluidas en varios libros de mi amigo Jose Miguel Vi\u00f1as y Javier Aguilar, que tuve el honor de presentar su libro \u201cSi ma\u00f1ana no llueve me afeito el bigote\u201d.<\/p>\n<p>Pero tambi\u00e9n es verdad que, cada vez m\u00e1s, soy un completo enamorado de la naturaleza. De sus paisajes y de los seres vivos que los pueblan. Como consecuencia de ello, he sido galardonado varias veces en el Concurso de Fotograf\u00eda del Parque Natural Montes de M\u00e1laga. Unas veces en el apartado de Fauna; otras en el de Flora o en el de Paisaje. Son tantas las cosas que fotografiar en un Parque Natural como ese\u2026<\/p>\n<p>Siguiendo con los galardones y premios, en el a\u00f1o 2011, el diario SUR me otorg\u00f3 el premio al mejor blog de autor, lo que sin duda contribuy\u00f3 a que mi blog fuera a\u00fan m\u00e1s visitado.<\/p>\n<p>En el 2014 gan\u00e9 con MeteoMagia el primer premio de meteoreportajes de la AME.<\/p>\n<p>Tambi\u00e9n por aquellas fechas comenz\u00f3 mi colaboraci\u00f3n con los medios de comunicaci\u00f3n de radio y televisi\u00f3n locales y comarcales. Empezaba a ser habitual que me llamaran de Radio Victoria o de 101 TVE para el programa \u201cLleg\u00f3 la Hora\u201d, especialmente en los d\u00edas previos a festividades.<\/p>\n<p>Incluso en algunos momentos he sido llamado por Canal Sur Andaluc\u00eda RTVE por mi amigo Javier Aguilar; tuve la suerte de presentar su libro Si ma\u00f1ana no llueve me afeito el bigote, en compa\u00f1\u00eda de Jose Mar\u00eda S\u00e1nchez Laulh\u00e9, como he comentado m\u00e1s arriba.<\/p>\n<p>Pero al d\u00eda de hoy mi compromiso m\u00e1s constante es con mi blog, con \u201cRadio M\u00e1laga Televisi\u00f3n\u201d, el PTV y, por \u00faltimo, Radio Ser M\u00e1laga; en estos medios tengo un programa semanal para hablar del tiempo.<\/p>\n<p>Tambi\u00e9n he dado charlas a alumnos en colegios, universidad e institutos, hablando del terral de M\u00e1laga.<\/p>\n<p>En C\u00e1diz, en compa\u00f1\u00eda de mi amigo Jose Miguel Vi\u00f1as, dimos una peque\u00f1a conferencia hablando tambi\u00e9n del viento malague\u00f1o. Agradecer a la AME esa oportunidad.<\/p>\n<p>Todo esto ha contribuido a que en la actualidad mi blog sea visitado desde casi todo el mundo, y que llegue a recibir m\u00e1s de un<strong> mill\u00f3n de visitas anuales.<\/strong><\/p>\n<p>Me he jubilado hace unos a\u00f1os, pero la meteorolog\u00eda me garantiza que mis a\u00f1os postreros est\u00e9n cargados de planes y proyectos hasta que el cuerpo aguante.<\/p>\n<p>&nbsp;<\/p>\n<p>Os dejo con mis fotos preferidas.<\/p>\n<p>&nbsp;<\/p>\n<p><a href=\"https:\/\/static-blogs.diariosur.es\/wp-content\/uploads\/sites\/12\/2024\/11\/2188263057_0ec9b2d004_o.jpg\"><img loading=\"lazy\" class=\"aligncenter size-full wp-image-42629\" src=\"https:\/\/static-blogs.diariosur.es\/wp-content\/uploads\/sites\/12\/2024\/11\/2188263057_0ec9b2d004_o.jpg\" alt=\"\" width=\"847\" height=\"611\" srcset=\"https:\/\/static-blogs.diariosur.es\/wp-content\/uploads\/sites\/12\/2024\/11\/2188263057_0ec9b2d004_o.jpg 847w, https:\/\/static-blogs.diariosur.es\/wp-content\/uploads\/sites\/12\/2024\/11\/2188263057_0ec9b2d004_o-555x400.jpg 555w, https:\/\/static-blogs.diariosur.es\/wp-content\/uploads\/sites\/12\/2024\/11\/2188263057_0ec9b2d004_o-768x554.jpg 768w\" sizes=\"(max-width: 847px) 100vw, 847px\" \/><\/a><\/p>\n<p>&nbsp;<\/p>\n<p><a href=\"https:\/\/static-blogs.diariosur.es\/wp-content\/uploads\/sites\/12\/2022\/02\/15934706039_361f8d538d_b.jpg\"><img loading=\"lazy\" class=\"aligncenter size-full wp-image-32386\" src=\"https:\/\/static-blogs.diariosur.es\/wp-content\/uploads\/sites\/12\/2022\/02\/15934706039_361f8d538d_b.jpg\" alt=\"\" width=\"1024\" height=\"684\" srcset=\"https:\/\/static-blogs.diariosur.es\/wp-content\/uploads\/sites\/12\/2022\/02\/15934706039_361f8d538d_b.jpg 1024w, https:\/\/static-blogs.diariosur.es\/wp-content\/uploads\/sites\/12\/2022\/02\/15934706039_361f8d538d_b-599x400.jpg 599w, https:\/\/static-blogs.diariosur.es\/wp-content\/uploads\/sites\/12\/2022\/02\/15934706039_361f8d538d_b-768x513.jpg 768w\" sizes=\"(max-width: 1024px) 100vw, 1024px\" \/><\/a><\/p>\n<p>&nbsp;<\/p>\n<p><a href=\"https:\/\/static-blogs.diariosur.es\/wp-content\/uploads\/sites\/12\/2020\/01\/24669892526_2e99031ed7_b.jpg\"><img loading=\"lazy\" class=\"aligncenter size-full wp-image-26275\" src=\"https:\/\/static-blogs.diariosur.es\/wp-content\/uploads\/sites\/12\/2020\/01\/24669892526_2e99031ed7_b.jpg\" alt=\"\" width=\"1023\" height=\"474\" srcset=\"https:\/\/static-blogs.diariosur.es\/wp-content\/uploads\/sites\/12\/2020\/01\/24669892526_2e99031ed7_b.jpg 1023w, https:\/\/static-blogs.diariosur.es\/wp-content\/uploads\/sites\/12\/2020\/01\/24669892526_2e99031ed7_b-640x297.jpg 640w, https:\/\/static-blogs.diariosur.es\/wp-content\/uploads\/sites\/12\/2020\/01\/24669892526_2e99031ed7_b-768x356.jpg 768w\" sizes=\"(max-width: 1023px) 100vw, 1023px\" \/><\/a><\/p>\n<p><a href=\"https:\/\/static-blogs.diariosur.es\/wp-content\/uploads\/sites\/12\/2020\/09\/24329296078_687ebdba80_b.jpg\"><img loading=\"lazy\" class=\"aligncenter size-full wp-image-27962\" src=\"https:\/\/static-blogs.diariosur.es\/wp-content\/uploads\/sites\/12\/2020\/09\/24329296078_687ebdba80_b.jpg\" alt=\"\" width=\"1024\" height=\"542\" srcset=\"https:\/\/static-blogs.diariosur.es\/wp-content\/uploads\/sites\/12\/2020\/09\/24329296078_687ebdba80_b.jpg 1024w, https:\/\/static-blogs.diariosur.es\/wp-content\/uploads\/sites\/12\/2020\/09\/24329296078_687ebdba80_b-640x339.jpg 640w, https:\/\/static-blogs.diariosur.es\/wp-content\/uploads\/sites\/12\/2020\/09\/24329296078_687ebdba80_b-768x407.jpg 768w\" sizes=\"(max-width: 1024px) 100vw, 1024px\" \/><\/a><\/p>\n<p><a href=\"https:\/\/static-blogs.diariosur.es\/wp-content\/uploads\/sites\/12\/2020\/09\/40771632175_027772b801_b.jpg\"><img loading=\"lazy\" class=\"aligncenter size-full wp-image-27963\" src=\"https:\/\/static-blogs.diariosur.es\/wp-content\/uploads\/sites\/12\/2020\/09\/40771632175_027772b801_b.jpg\" alt=\"\" width=\"1024\" height=\"579\" srcset=\"https:\/\/static-blogs.diariosur.es\/wp-content\/uploads\/sites\/12\/2020\/09\/40771632175_027772b801_b.jpg 1024w, https:\/\/static-blogs.diariosur.es\/wp-content\/uploads\/sites\/12\/2020\/09\/40771632175_027772b801_b-640x362.jpg 640w, https:\/\/static-blogs.diariosur.es\/wp-content\/uploads\/sites\/12\/2020\/09\/40771632175_027772b801_b-768x434.jpg 768w\" sizes=\"(max-width: 1024px) 100vw, 1024px\" \/><\/a><\/p>\n<p><a href=\"https:\/\/static-blogs.diariosur.es\/wp-content\/uploads\/sites\/12\/2020\/09\/49514789906_2712ceeacd_b.jpg\"><img loading=\"lazy\" class=\"aligncenter size-full wp-image-27964\" src=\"https:\/\/static-blogs.diariosur.es\/wp-content\/uploads\/sites\/12\/2020\/09\/49514789906_2712ceeacd_b.jpg\" alt=\"\" width=\"1023\" height=\"503\" srcset=\"https:\/\/static-blogs.diariosur.es\/wp-content\/uploads\/sites\/12\/2020\/09\/49514789906_2712ceeacd_b.jpg 1023w, https:\/\/static-blogs.diariosur.es\/wp-content\/uploads\/sites\/12\/2020\/09\/49514789906_2712ceeacd_b-640x315.jpg 640w, https:\/\/static-blogs.diariosur.es\/wp-content\/uploads\/sites\/12\/2020\/09\/49514789906_2712ceeacd_b-768x378.jpg 768w\" sizes=\"(max-width: 1023px) 100vw, 1023px\" \/><\/a><\/p>\n<p><a href=\"https:\/\/static-blogs.diariosur.es\/wp-content\/uploads\/sites\/12\/2020\/09\/48942423992_76f3b28142_b.jpg\"><img loading=\"lazy\" class=\"aligncenter size-full wp-image-27965\" src=\"https:\/\/static-blogs.diariosur.es\/wp-content\/uploads\/sites\/12\/2020\/09\/48942423992_76f3b28142_b.jpg\" alt=\"\" width=\"1023\" height=\"683\" srcset=\"https:\/\/static-blogs.diariosur.es\/wp-content\/uploads\/sites\/12\/2020\/09\/48942423992_76f3b28142_b.jpg 1023w, https:\/\/static-blogs.diariosur.es\/wp-content\/uploads\/sites\/12\/2020\/09\/48942423992_76f3b28142_b-599x400.jpg 599w, https:\/\/static-blogs.diariosur.es\/wp-content\/uploads\/sites\/12\/2020\/09\/48942423992_76f3b28142_b-768x513.jpg 768w\" sizes=\"(max-width: 1023px) 100vw, 1023px\" \/><\/a><\/p>\n<p><a href=\"https:\/\/static-blogs.diariosur.es\/wp-content\/uploads\/sites\/12\/2020\/09\/49514269923_82a5b72402_b.jpg\"><img loading=\"lazy\" class=\"aligncenter size-full wp-image-27966\" src=\"https:\/\/static-blogs.diariosur.es\/wp-content\/uploads\/sites\/12\/2020\/09\/49514269923_82a5b72402_b.jpg\" alt=\"\" width=\"1024\" height=\"683\" srcset=\"https:\/\/static-blogs.diariosur.es\/wp-content\/uploads\/sites\/12\/2020\/09\/49514269923_82a5b72402_b.jpg 1024w, https:\/\/static-blogs.diariosur.es\/wp-content\/uploads\/sites\/12\/2020\/09\/49514269923_82a5b72402_b-600x400.jpg 600w, https:\/\/static-blogs.diariosur.es\/wp-content\/uploads\/sites\/12\/2020\/09\/49514269923_82a5b72402_b-768x512.jpg 768w\" sizes=\"(max-width: 1024px) 100vw, 1024px\" \/><\/a><\/p>\n<p><a href=\"https:\/\/static-blogs.diariosur.es\/wp-content\/uploads\/sites\/12\/2020\/09\/46721660425_7c0b75429b_b.jpg\"><img loading=\"lazy\" class=\"aligncenter size-full wp-image-27967\" src=\"https:\/\/static-blogs.diariosur.es\/wp-content\/uploads\/sites\/12\/2020\/09\/46721660425_7c0b75429b_b.jpg\" alt=\"\" width=\"1024\" height=\"683\" srcset=\"https:\/\/static-blogs.diariosur.es\/wp-content\/uploads\/sites\/12\/2020\/09\/46721660425_7c0b75429b_b.jpg 1024w, https:\/\/static-blogs.diariosur.es\/wp-content\/uploads\/sites\/12\/2020\/09\/46721660425_7c0b75429b_b-600x400.jpg 600w, https:\/\/static-blogs.diariosur.es\/wp-content\/uploads\/sites\/12\/2020\/09\/46721660425_7c0b75429b_b-768x512.jpg 768w\" sizes=\"(max-width: 1024px) 100vw, 1024px\" \/><\/a><\/p>\n<p><a href=\"https:\/\/static-blogs.diariosur.es\/wp-content\/uploads\/sites\/12\/2020\/09\/41617144355_2746af2fa1_b.jpg\"><img loading=\"lazy\" class=\"aligncenter size-full wp-image-27968\" src=\"https:\/\/static-blogs.diariosur.es\/wp-content\/uploads\/sites\/12\/2020\/09\/41617144355_2746af2fa1_b.jpg\" alt=\"\" width=\"1024\" height=\"683\" srcset=\"https:\/\/static-blogs.diariosur.es\/wp-content\/uploads\/sites\/12\/2020\/09\/41617144355_2746af2fa1_b.jpg 1024w, https:\/\/static-blogs.diariosur.es\/wp-content\/uploads\/sites\/12\/2020\/09\/41617144355_2746af2fa1_b-600x400.jpg 600w, https:\/\/static-blogs.diariosur.es\/wp-content\/uploads\/sites\/12\/2020\/09\/41617144355_2746af2fa1_b-768x512.jpg 768w\" sizes=\"(max-width: 1024px) 100vw, 1024px\" \/><\/a><\/p>\n<p><a href=\"https:\/\/static-blogs.diariosur.es\/wp-content\/uploads\/sites\/12\/2020\/09\/30313163665_fdf866c36b_b.jpg\"><img loading=\"lazy\" class=\"aligncenter size-full wp-image-27969\" src=\"https:\/\/static-blogs.diariosur.es\/wp-content\/uploads\/sites\/12\/2020\/09\/30313163665_fdf866c36b_b.jpg\" alt=\"\" width=\"1024\" height=\"684\" srcset=\"https:\/\/static-blogs.diariosur.es\/wp-content\/uploads\/sites\/12\/2020\/09\/30313163665_fdf866c36b_b.jpg 1024w, https:\/\/static-blogs.diariosur.es\/wp-content\/uploads\/sites\/12\/2020\/09\/30313163665_fdf866c36b_b-599x400.jpg 599w, https:\/\/static-blogs.diariosur.es\/wp-content\/uploads\/sites\/12\/2020\/09\/30313163665_fdf866c36b_b-768x513.jpg 768w\" sizes=\"(max-width: 1024px) 100vw, 1024px\" \/><\/a><\/p>\n<p><a href=\"https:\/\/static-blogs.diariosur.es\/wp-content\/uploads\/sites\/12\/2020\/09\/28534699305_6dc328a010_b.jpg\"><img loading=\"lazy\" class=\"aligncenter size-full wp-image-27970\" src=\"https:\/\/static-blogs.diariosur.es\/wp-content\/uploads\/sites\/12\/2020\/09\/28534699305_6dc328a010_b.jpg\" alt=\"\" width=\"1024\" height=\"684\" srcset=\"https:\/\/static-blogs.diariosur.es\/wp-content\/uploads\/sites\/12\/2020\/09\/28534699305_6dc328a010_b.jpg 1024w, https:\/\/static-blogs.diariosur.es\/wp-content\/uploads\/sites\/12\/2020\/09\/28534699305_6dc328a010_b-599x400.jpg 599w, https:\/\/static-blogs.diariosur.es\/wp-content\/uploads\/sites\/12\/2020\/09\/28534699305_6dc328a010_b-768x513.jpg 768w\" sizes=\"(max-width: 1024px) 100vw, 1024px\" \/><\/a><\/p>\n<p><a href=\"https:\/\/static-blogs.diariosur.es\/wp-content\/uploads\/sites\/12\/2020\/09\/22650821106_b8f2cb8bab_b.jpg\"><img loading=\"lazy\" class=\"aligncenter size-full wp-image-27971\" src=\"https:\/\/static-blogs.diariosur.es\/wp-content\/uploads\/sites\/12\/2020\/09\/22650821106_b8f2cb8bab_b.jpg\" alt=\"\" width=\"1023\" height=\"682\" srcset=\"https:\/\/static-blogs.diariosur.es\/wp-content\/uploads\/sites\/12\/2020\/09\/22650821106_b8f2cb8bab_b.jpg 1023w, https:\/\/static-blogs.diariosur.es\/wp-content\/uploads\/sites\/12\/2020\/09\/22650821106_b8f2cb8bab_b-600x400.jpg 600w, https:\/\/static-blogs.diariosur.es\/wp-content\/uploads\/sites\/12\/2020\/09\/22650821106_b8f2cb8bab_b-768x512.jpg 768w\" sizes=\"(max-width: 1023px) 100vw, 1023px\" \/><\/a><\/p>\n<p><a href=\"https:\/\/static-blogs.diariosur.es\/wp-content\/uploads\/sites\/12\/2020\/09\/15865699686_65bd94ef4a_b.jpg\"><img loading=\"lazy\" class=\"aligncenter size-full wp-image-27972\" src=\"https:\/\/static-blogs.diariosur.es\/wp-content\/uploads\/sites\/12\/2020\/09\/15865699686_65bd94ef4a_b.jpg\" alt=\"\" width=\"1023\" height=\"683\" srcset=\"https:\/\/static-blogs.diariosur.es\/wp-content\/uploads\/sites\/12\/2020\/09\/15865699686_65bd94ef4a_b.jpg 1023w, https:\/\/static-blogs.diariosur.es\/wp-content\/uploads\/sites\/12\/2020\/09\/15865699686_65bd94ef4a_b-599x400.jpg 599w, https:\/\/static-blogs.diariosur.es\/wp-content\/uploads\/sites\/12\/2020\/09\/15865699686_65bd94ef4a_b-768x513.jpg 768w\" sizes=\"(max-width: 1023px) 100vw, 1023px\" \/><\/a><\/p>\n<p><a href=\"https:\/\/static-blogs.diariosur.es\/wp-content\/uploads\/sites\/12\/2020\/09\/14919672512_3a98e2dc02_b.jpg\"><img loading=\"lazy\" class=\"aligncenter size-full wp-image-27973\" src=\"https:\/\/static-blogs.diariosur.es\/wp-content\/uploads\/sites\/12\/2020\/09\/14919672512_3a98e2dc02_b.jpg\" alt=\"\" width=\"1024\" height=\"684\" srcset=\"https:\/\/static-blogs.diariosur.es\/wp-content\/uploads\/sites\/12\/2020\/09\/14919672512_3a98e2dc02_b.jpg 1024w, https:\/\/static-blogs.diariosur.es\/wp-content\/uploads\/sites\/12\/2020\/09\/14919672512_3a98e2dc02_b-599x400.jpg 599w, https:\/\/static-blogs.diariosur.es\/wp-content\/uploads\/sites\/12\/2020\/09\/14919672512_3a98e2dc02_b-768x513.jpg 768w\" sizes=\"(max-width: 1024px) 100vw, 1024px\" \/><\/a><\/p>\n<p><a href=\"https:\/\/static-blogs.diariosur.es\/wp-content\/uploads\/sites\/12\/2020\/09\/m1.jpg\"><img loading=\"lazy\" class=\"aligncenter size-full wp-image-27974\" src=\"https:\/\/static-blogs.diariosur.es\/wp-content\/uploads\/sites\/12\/2020\/09\/m1.jpg\" alt=\"\" width=\"1024\" height=\"684\" srcset=\"https:\/\/static-blogs.diariosur.es\/wp-content\/uploads\/sites\/12\/2020\/09\/m1.jpg 1024w, https:\/\/static-blogs.diariosur.es\/wp-content\/uploads\/sites\/12\/2020\/09\/m1-599x400.jpg 599w, https:\/\/static-blogs.diariosur.es\/wp-content\/uploads\/sites\/12\/2020\/09\/m1-768x513.jpg 768w\" sizes=\"(max-width: 1024px) 100vw, 1024px\" \/><\/a><\/p>\n<p><a href=\"https:\/\/static-blogs.diariosur.es\/wp-content\/uploads\/sites\/12\/2020\/09\/12816150793_10ba243445_b.jpg\"><img loading=\"lazy\" class=\"aligncenter size-full wp-image-27975\" src=\"https:\/\/static-blogs.diariosur.es\/wp-content\/uploads\/sites\/12\/2020\/09\/12816150793_10ba243445_b.jpg\" alt=\"\" width=\"1024\" height=\"768\" srcset=\"https:\/\/static-blogs.diariosur.es\/wp-content\/uploads\/sites\/12\/2020\/09\/12816150793_10ba243445_b.jpg 1024w, https:\/\/static-blogs.diariosur.es\/wp-content\/uploads\/sites\/12\/2020\/09\/12816150793_10ba243445_b-533x400.jpg 533w, https:\/\/static-blogs.diariosur.es\/wp-content\/uploads\/sites\/12\/2020\/09\/12816150793_10ba243445_b-768x576.jpg 768w\" sizes=\"(max-width: 1024px) 100vw, 1024px\" \/><\/a><\/p>\n<p><a href=\"https:\/\/static-blogs.diariosur.es\/wp-content\/uploads\/sites\/12\/2024\/11\/2-DE-NOVIEMBRE-DE-2021.jpg\"><img loading=\"lazy\" class=\"aligncenter size-full wp-image-42630\" src=\"https:\/\/static-blogs.diariosur.es\/wp-content\/uploads\/sites\/12\/2024\/11\/2-DE-NOVIEMBRE-DE-2021.jpg\" alt=\"\" width=\"1024\" height=\"577\" srcset=\"https:\/\/static-blogs.diariosur.es\/wp-content\/uploads\/sites\/12\/2024\/11\/2-DE-NOVIEMBRE-DE-2021.jpg 1024w, https:\/\/static-blogs.diariosur.es\/wp-content\/uploads\/sites\/12\/2024\/11\/2-DE-NOVIEMBRE-DE-2021-640x361.jpg 640w, https:\/\/static-blogs.diariosur.es\/wp-content\/uploads\/sites\/12\/2024\/11\/2-DE-NOVIEMBRE-DE-2021-768x433.jpg 768w\" sizes=\"(max-width: 1024px) 100vw, 1024px\" \/><\/a><\/p>\n<p><a href=\"https:\/\/static-blogs.diariosur.es\/wp-content\/uploads\/sites\/12\/2024\/11\/22-DE-FEBRERO.jpg\"><img loading=\"lazy\" class=\"aligncenter size-full wp-image-42631\" src=\"https:\/\/static-blogs.diariosur.es\/wp-content\/uploads\/sites\/12\/2024\/11\/22-DE-FEBRERO.jpg\" alt=\"\" width=\"1024\" height=\"612\" srcset=\"https:\/\/static-blogs.diariosur.es\/wp-content\/uploads\/sites\/12\/2024\/11\/22-DE-FEBRERO.jpg 1024w, https:\/\/static-blogs.diariosur.es\/wp-content\/uploads\/sites\/12\/2024\/11\/22-DE-FEBRERO-640x383.jpg 640w, https:\/\/static-blogs.diariosur.es\/wp-content\/uploads\/sites\/12\/2024\/11\/22-DE-FEBRERO-768x459.jpg 768w\" sizes=\"(max-width: 1024px) 100vw, 1024px\" \/><\/a><\/p>\n<p><a href=\"https:\/\/static-blogs.diariosur.es\/wp-content\/uploads\/sites\/12\/2024\/11\/11-DEL-12-DE-2023.jpg\"><img loading=\"lazy\" class=\"aligncenter size-full wp-image-42632\" src=\"https:\/\/static-blogs.diariosur.es\/wp-content\/uploads\/sites\/12\/2024\/11\/11-DEL-12-DE-2023.jpg\" alt=\"\" width=\"1024\" height=\"683\" srcset=\"https:\/\/static-blogs.diariosur.es\/wp-content\/uploads\/sites\/12\/2024\/11\/11-DEL-12-DE-2023.jpg 1024w, https:\/\/static-blogs.diariosur.es\/wp-content\/uploads\/sites\/12\/2024\/11\/11-DEL-12-DE-2023-600x400.jpg 600w, https:\/\/static-blogs.diariosur.es\/wp-content\/uploads\/sites\/12\/2024\/11\/11-DEL-12-DE-2023-768x512.jpg 768w\" sizes=\"(max-width: 1024px) 100vw, 1024px\" \/><\/a><\/p>\n<p><a href=\"https:\/\/static-blogs.diariosur.es\/wp-content\/uploads\/sites\/12\/2024\/11\/27-DE-JULIO-2023.jpg\"><img loading=\"lazy\" class=\"aligncenter size-full wp-image-42633\" src=\"https:\/\/static-blogs.diariosur.es\/wp-content\/uploads\/sites\/12\/2024\/11\/27-DE-JULIO-2023.jpg\" alt=\"\" width=\"1024\" height=\"683\" srcset=\"https:\/\/static-blogs.diariosur.es\/wp-content\/uploads\/sites\/12\/2024\/11\/27-DE-JULIO-2023.jpg 1024w, https:\/\/static-blogs.diariosur.es\/wp-content\/uploads\/sites\/12\/2024\/11\/27-DE-JULIO-2023-600x400.jpg 600w, https:\/\/static-blogs.diariosur.es\/wp-content\/uploads\/sites\/12\/2024\/11\/27-DE-JULIO-2023-768x512.jpg 768w\" sizes=\"(max-width: 1024px) 100vw, 1024px\" \/><\/a><\/p>\n<p><a href=\"https:\/\/static-blogs.diariosur.es\/wp-content\/uploads\/sites\/12\/2024\/11\/53632835181_97b259a6b1_b.jpg\"><img loading=\"lazy\" class=\"aligncenter size-full wp-image-42634\" src=\"https:\/\/static-blogs.diariosur.es\/wp-content\/uploads\/sites\/12\/2024\/11\/53632835181_97b259a6b1_b.jpg\" alt=\"\" width=\"1024\" height=\"768\" srcset=\"https:\/\/static-blogs.diariosur.es\/wp-content\/uploads\/sites\/12\/2024\/11\/53632835181_97b259a6b1_b.jpg 1024w, https:\/\/static-blogs.diariosur.es\/wp-content\/uploads\/sites\/12\/2024\/11\/53632835181_97b259a6b1_b-533x400.jpg 533w, https:\/\/static-blogs.diariosur.es\/wp-content\/uploads\/sites\/12\/2024\/11\/53632835181_97b259a6b1_b-768x576.jpg 768w\" sizes=\"(max-width: 1024px) 100vw, 1024px\" \/><\/a><\/p>\n<p><a href=\"https:\/\/static-blogs.diariosur.es\/wp-content\/uploads\/sites\/12\/2024\/11\/53521100345_afcb01894b_b.jpg\"><img loading=\"lazy\" class=\"aligncenter size-full wp-image-42635\" src=\"https:\/\/static-blogs.diariosur.es\/wp-content\/uploads\/sites\/12\/2024\/11\/53521100345_afcb01894b_b.jpg\" alt=\"\" width=\"1024\" height=\"683\" srcset=\"https:\/\/static-blogs.diariosur.es\/wp-content\/uploads\/sites\/12\/2024\/11\/53521100345_afcb01894b_b.jpg 1024w, https:\/\/static-blogs.diariosur.es\/wp-content\/uploads\/sites\/12\/2024\/11\/53521100345_afcb01894b_b-600x400.jpg 600w, https:\/\/static-blogs.diariosur.es\/wp-content\/uploads\/sites\/12\/2024\/11\/53521100345_afcb01894b_b-768x512.jpg 768w\" sizes=\"(max-width: 1024px) 100vw, 1024px\" \/><\/a><\/p>\n<p><a href=\"https:\/\/static-blogs.diariosur.es\/wp-content\/uploads\/sites\/12\/2024\/11\/53391399752_f025dd7128_b.jpg\"><img loading=\"lazy\" class=\"aligncenter size-full wp-image-42636\" src=\"https:\/\/static-blogs.diariosur.es\/wp-content\/uploads\/sites\/12\/2024\/11\/53391399752_f025dd7128_b.jpg\" alt=\"\" width=\"1024\" height=\"683\" srcset=\"https:\/\/static-blogs.diariosur.es\/wp-content\/uploads\/sites\/12\/2024\/11\/53391399752_f025dd7128_b.jpg 1024w, https:\/\/static-blogs.diariosur.es\/wp-content\/uploads\/sites\/12\/2024\/11\/53391399752_f025dd7128_b-600x400.jpg 600w, https:\/\/static-blogs.diariosur.es\/wp-content\/uploads\/sites\/12\/2024\/11\/53391399752_f025dd7128_b-768x512.jpg 768w\" sizes=\"(max-width: 1024px) 100vw, 1024px\" \/><\/a><\/p>\n","protected":false},"excerpt":{"rendered":"<p>Buenos d\u00edas, amigos de la meteo. Me llamo Jos\u00e9 Lu\u00eds Escudero Gallegos, nac\u00ed en M\u00e1laga en la Calle Ancha del Carmen y, por lo que me contaban mis padres, mi afici\u00f3n a la meteorolog\u00eda me viene desde muy peque\u00f1o, pues parece que cuando hab\u00eda tormenta o llov\u00eda, me empe\u00f1aba en salir a la calle y [&hellip;]<\/p>\n","protected":false},"author":16,"featured_media":42629,"comment_status":"open","ping_status":"open","sticky":false,"template":"","format":"standard","meta":[],"categories":[2],"tags":[1365,1363,1364,1394,1395],"_links":{"self":[{"href":"https:\/\/blogs.diariosur.es\/tormentas-y-rayos\/wp-json\/wp\/v2\/posts\/42627"}],"collection":[{"href":"https:\/\/blogs.diariosur.es\/tormentas-y-rayos\/wp-json\/wp\/v2\/posts"}],"about":[{"href":"https:\/\/blogs.diariosur.es\/tormentas-y-rayos\/wp-json\/wp\/v2\/types\/post"}],"author":[{"embeddable":true,"href":"https:\/\/blogs.diariosur.es\/tormentas-y-rayos\/wp-json\/wp\/v2\/users\/16"}],"replies":[{"embeddable":true,"href":"https:\/\/blogs.diariosur.es\/tormentas-y-rayos\/wp-json\/wp\/v2\/comments?post=42627"}],"version-history":[{"count":3,"href":"https:\/\/blogs.diariosur.es\/tormentas-y-rayos\/wp-json\/wp\/v2\/posts\/42627\/revisions"}],"predecessor-version":[{"id":47273,"href":"https:\/\/blogs.diariosur.es\/tormentas-y-rayos\/wp-json\/wp\/v2\/posts\/42627\/revisions\/47273"}],"wp:featuredmedia":[{"embeddable":true,"href":"https:\/\/blogs.diariosur.es\/tormentas-y-rayos\/wp-json\/wp\/v2\/media\/42629"}],"wp:attachment":[{"href":"https:\/\/blogs.diariosur.es\/tormentas-y-rayos\/wp-json\/wp\/v2\/media?parent=42627"}],"wp:term":[{"taxonomy":"category","embeddable":true,"href":"https:\/\/blogs.diariosur.es\/tormentas-y-rayos\/wp-json\/wp\/v2\/categories?post=42627"},{"taxonomy":"post_tag","embeddable":true,"href":"https:\/\/blogs.diariosur.es\/tormentas-y-rayos\/wp-json\/wp\/v2\/tags?post=42627"}],"curies":[{"name":"wp","href":"https:\/\/api.w.org\/{rel}","templated":true}]}}