{"id":42638,"date":"2024-11-27T18:05:19","date_gmt":"2024-11-27T17:05:19","guid":{"rendered":"https:\/\/blogs.diariosur.es\/tormentas-y-rayos\/?p=42638"},"modified":"2025-11-08T10:25:06","modified_gmt":"2025-11-08T09:25:06","slug":"hay-probabilidad-manana-jueves-de-lloviznas-ocasionales-en-algun-punto-de-la-costa-malaguena","status":"publish","type":"post","link":"https:\/\/blogs.diariosur.es\/tormentas-y-rayos\/2024\/11\/27\/hay-probabilidad-manana-jueves-de-lloviznas-ocasionales-en-algun-punto-de-la-costa-malaguena\/","title":{"rendered":"\u00bfHay probabilidad ma\u00f1ana jueves de lloviznas ocasionales en alg\u00fan punto de la costa malague\u00f1a?"},"content":{"rendered":"<p><a href=\"https:\/\/static-blogs.diariosur.es\/wp-content\/uploads\/sites\/12\/2024\/11\/130738248_10221381944997043_6257362087676436516_n.jpg\"><img loading=\"lazy\" class=\"aligncenter size-thumbnail wp-image-42618\" src=\"https:\/\/static-blogs.diariosur.es\/wp-content\/uploads\/sites\/12\/2024\/11\/130738248_10221381944997043_6257362087676436516_n-150x150.jpg\" alt=\"\" width=\"150\" height=\"150\" srcset=\"https:\/\/static-blogs.diariosur.es\/wp-content\/uploads\/sites\/12\/2024\/11\/130738248_10221381944997043_6257362087676436516_n-150x150.jpg 150w, https:\/\/static-blogs.diariosur.es\/wp-content\/uploads\/sites\/12\/2024\/11\/130738248_10221381944997043_6257362087676436516_n-400x400.jpg 400w, https:\/\/static-blogs.diariosur.es\/wp-content\/uploads\/sites\/12\/2024\/11\/130738248_10221381944997043_6257362087676436516_n.jpg 768w\" sizes=\"(max-width: 150px) 100vw, 150px\" \/><\/a><\/p>\n<p data-pm-slice=\"1 1 []\">Buenas tardes, amigos de la meteo. Ma\u00f1ana jueves hay probabilidad de lloviznas en alg\u00fan punto de la costa malague\u00f1a y zonas de monta\u00f1a cercanas al mar. Esto se deber\u00e1 a precipitaciones orogr\u00e1ficas.<\/p>\n<p>Os explico qu\u00e9 son precipitaciones orogr\u00e1ficas.<\/p>\n<p>Es la producida por el ascenso de una columna de aire h\u00famedo al encontrarse con un obst\u00e1culo orogr\u00e1fico, como una monta\u00f1a. En su ascenso, el aire se enfr\u00eda hasta alcanzar el punto de saturaci\u00f3n del vapor de agua y una humedad relativa del 100%, que origina la lluvia.<\/p>\n<p>Ma\u00f1ana tendremos levante en la costa malague\u00f1a y un poco de aire fr\u00edo en altura, ingredientes para estas probables precipitaciones. La probabilidad mayor a \u00faltima hora de la madrugada o primera hora de la ma\u00f1ana.<\/p>\n<p><strong>Tambi\u00e9n os aviso que en muchos portales no caer\u00e1 ni una gota.<\/strong><\/p>\n<p>Esta foto la he hecho sobre las seis de la tarde; esas nubes dejan en estos momentos gotillas en alg\u00fan punto de los montes de M\u00e1laga.<\/p>\n<p>&nbsp;<\/p>\n","protected":false},"excerpt":{"rendered":"<p>Buenas tardes, amigos de la meteo. Ma\u00f1ana jueves hay probabilidad de lloviznas en alg\u00fan punto de la costa malague\u00f1a y zonas de monta\u00f1a cercanas al mar. Esto se deber\u00e1 a precipitaciones orogr\u00e1ficas. Os explico qu\u00e9 son precipitaciones orogr\u00e1ficas. Es la producida por el ascenso de una columna de aire h\u00famedo al encontrarse con un obst\u00e1culo [&hellip;]<\/p>\n","protected":false},"author":16,"featured_media":42641,"comment_status":"open","ping_status":"open","sticky":false,"template":"","format":"standard","meta":[],"categories":[2],"tags":[587,1972,799],"_links":{"self":[{"href":"https:\/\/blogs.diariosur.es\/tormentas-y-rayos\/wp-json\/wp\/v2\/posts\/42638"}],"collection":[{"href":"https:\/\/blogs.diariosur.es\/tormentas-y-rayos\/wp-json\/wp\/v2\/posts"}],"about":[{"href":"https:\/\/blogs.diariosur.es\/tormentas-y-rayos\/wp-json\/wp\/v2\/types\/post"}],"author":[{"embeddable":true,"href":"https:\/\/blogs.diariosur.es\/tormentas-y-rayos\/wp-json\/wp\/v2\/users\/16"}],"replies":[{"embeddable":true,"href":"https:\/\/blogs.diariosur.es\/tormentas-y-rayos\/wp-json\/wp\/v2\/comments?post=42638"}],"version-history":[{"count":6,"href":"https:\/\/blogs.diariosur.es\/tormentas-y-rayos\/wp-json\/wp\/v2\/posts\/42638\/revisions"}],"predecessor-version":[{"id":47274,"href":"https:\/\/blogs.diariosur.es\/tormentas-y-rayos\/wp-json\/wp\/v2\/posts\/42638\/revisions\/47274"}],"wp:featuredmedia":[{"embeddable":true,"href":"https:\/\/blogs.diariosur.es\/tormentas-y-rayos\/wp-json\/wp\/v2\/media\/42641"}],"wp:attachment":[{"href":"https:\/\/blogs.diariosur.es\/tormentas-y-rayos\/wp-json\/wp\/v2\/media?parent=42638"}],"wp:term":[{"taxonomy":"category","embeddable":true,"href":"https:\/\/blogs.diariosur.es\/tormentas-y-rayos\/wp-json\/wp\/v2\/categories?post=42638"},{"taxonomy":"post_tag","embeddable":true,"href":"https:\/\/blogs.diariosur.es\/tormentas-y-rayos\/wp-json\/wp\/v2\/tags?post=42638"}],"curies":[{"name":"wp","href":"https:\/\/api.w.org\/{rel}","templated":true}]}}