{"id":42645,"date":"2024-11-29T07:23:11","date_gmt":"2024-11-29T06:23:11","guid":{"rendered":"https:\/\/blogs.diariosur.es\/tormentas-y-rayos\/?p=42645"},"modified":"2025-11-08T10:21:48","modified_gmt":"2025-11-08T09:21:48","slug":"terminaremos-noviembre-y-comenzaremos-diciembre-yendo-a-la-playa-o-cogiendo-el-paraguas-en-malaga","status":"publish","type":"post","link":"https:\/\/blogs.diariosur.es\/tormentas-y-rayos\/2024\/11\/29\/terminaremos-noviembre-y-comenzaremos-diciembre-yendo-a-la-playa-o-cogiendo-el-paraguas-en-malaga\/","title":{"rendered":"\u00bfTerminaremos noviembre y comenzaremos diciembre yendo a la playa, o cogiendo el paraguas en M\u00e1laga?"},"content":{"rendered":"<p><a href=\"https:\/\/static-blogs.diariosur.es\/wp-content\/uploads\/sites\/12\/2024\/11\/130738248_10221381944997043_6257362087676436516_n.jpg\"><br \/>\n<img loading=\"lazy\" class=\"aligncenter size-thumbnail wp-image-42618\" src=\"https:\/\/static-blogs.diariosur.es\/wp-content\/uploads\/sites\/12\/2024\/11\/130738248_10221381944997043_6257362087676436516_n-150x150.jpg\" alt=\"\" width=\"150\" height=\"150\" srcset=\"https:\/\/static-blogs.diariosur.es\/wp-content\/uploads\/sites\/12\/2024\/11\/130738248_10221381944997043_6257362087676436516_n-150x150.jpg 150w, https:\/\/static-blogs.diariosur.es\/wp-content\/uploads\/sites\/12\/2024\/11\/130738248_10221381944997043_6257362087676436516_n-400x400.jpg 400w, https:\/\/static-blogs.diariosur.es\/wp-content\/uploads\/sites\/12\/2024\/11\/130738248_10221381944997043_6257362087676436516_n.jpg 768w\" sizes=\"(max-width: 150px) 100vw, 150px\" \/><\/a><\/p>\n<p data-pm-slice=\"1 1 []\">Buenos d\u00edas, amigos de la meteo. Cuando son las seis y media de la ma\u00f1ana en M\u00e1laga capital, mi estaci\u00f3n registra 14,3 \u00baC, los cielos est\u00e1n poco nubosos y el viento sopla flojo de direcci\u00f3n variable. Hay bancos de niebla por el Valle del Guadalhorce y comarcas de Ronda y Antequera. Reedito: En zona oeste de la capital, tambi\u00e9n hay niebla de radiaci\u00f3n.<\/p>\n<p>La m\u00e1xima hoy viernes en la capital rondar\u00e1 los 22 \u00baC; en las dem\u00e1s zonas de la provincia, entre los 17 y 23 \u00baC.<\/p>\n<p>Ayer se cumplieron las previsiones y se registraron lloviznas a primera hora de la ma\u00f1ana en la capital malague\u00f1a; no tengo claro si en todos los portales. La temperatura m\u00e1xima se registr\u00f3 en la estaci\u00f3n de la AEMET del puerto con 21,1 \u00baC; destacar Ronda con 19,1 y Antequera con 18,1 \u00baC, m\u00e1ximas por encima de la media.<\/p>\n<p>Os paso un v\u00eddeo que hice ayer a las 6:30 de la ma\u00f1ana.<\/p>\n<p>&nbsp;<\/p>\n<p><iframe loading=\"lazy\" title=\"YouTube video player\" src=\"https:\/\/www.youtube.com\/embed\/MahARUcuJNw?si=5sLvHIXt4wYpyYFq\" width=\"560\" height=\"315\" frameborder=\"0\" allowfullscreen=\"allowfullscreen\"><\/iframe><\/p>\n<h3><span style=\"color: #ff0000;\"><strong>\u00bfTerminaremos noviembre y comenzaremos diciembre yendo a la playa, o cogiendo paraguas?<\/strong><\/span><\/h3>\n<p data-pm-slice=\"1 1 []\">Os resuelvo ya la pregunta: yo me pienso ir a la playa e incluso me pienso tomar un espeto aunque el mes tenga r. El domingo pasado unos amigos m\u00edos me comentaron que no estaban muy malas las sardinas. Algunos modelos dan probabilidad de tar\u00f3 estos d\u00edas; lo iremos viendo.<\/p>\n<p>Noviembre termina con temperaturas por encima de la media y diciembre, m\u00e1s de lo mismo. Y lo peor es que no se ven lluvias en muchos d\u00edas.<\/p>\n<p>Os paso las temperaturas m\u00e1ximas y m\u00ednimas que prev\u00e9 la AEMET el s\u00e1bado y el domingo.<\/p>\n<p>&nbsp;<\/p>\n<p><a href=\"https:\/\/static-blogs.diariosur.es\/wp-content\/uploads\/sites\/12\/2024\/11\/Captura-de-pantalla-2024-11-28-185849.jpg\"><img loading=\"lazy\" class=\"aligncenter size-full wp-image-42651\" src=\"https:\/\/static-blogs.diariosur.es\/wp-content\/uploads\/sites\/12\/2024\/11\/Captura-de-pantalla-2024-11-28-185849.jpg\" alt=\"\" width=\"867\" height=\"687\" srcset=\"https:\/\/static-blogs.diariosur.es\/wp-content\/uploads\/sites\/12\/2024\/11\/Captura-de-pantalla-2024-11-28-185849.jpg 867w, https:\/\/static-blogs.diariosur.es\/wp-content\/uploads\/sites\/12\/2024\/11\/Captura-de-pantalla-2024-11-28-185849-505x400.jpg 505w, https:\/\/static-blogs.diariosur.es\/wp-content\/uploads\/sites\/12\/2024\/11\/Captura-de-pantalla-2024-11-28-185849-768x609.jpg 768w\" sizes=\"(max-width: 867px) 100vw, 867px\" \/><\/a><\/p>\n<p>&nbsp;<\/p>\n<p><a href=\"https:\/\/static-blogs.diariosur.es\/wp-content\/uploads\/sites\/12\/2024\/11\/z-1.jpg\"><img loading=\"lazy\" class=\"aligncenter size-full wp-image-42652\" src=\"https:\/\/static-blogs.diariosur.es\/wp-content\/uploads\/sites\/12\/2024\/11\/z-1.jpg\" alt=\"\" width=\"876\" height=\"682\" srcset=\"https:\/\/static-blogs.diariosur.es\/wp-content\/uploads\/sites\/12\/2024\/11\/z-1.jpg 876w, https:\/\/static-blogs.diariosur.es\/wp-content\/uploads\/sites\/12\/2024\/11\/z-1-514x400.jpg 514w, https:\/\/static-blogs.diariosur.es\/wp-content\/uploads\/sites\/12\/2024\/11\/z-1-768x598.jpg 768w\" sizes=\"(max-width: 876px) 100vw, 876px\" \/><\/a><\/p>\n","protected":false},"excerpt":{"rendered":"<p>Buenos d\u00edas, amigos de la meteo. Cuando son las seis y media de la ma\u00f1ana en M\u00e1laga capital, mi estaci\u00f3n registra 14,3 \u00baC, los cielos est\u00e1n poco nubosos y el viento sopla flojo de direcci\u00f3n variable. Hay bancos de niebla por el Valle del Guadalhorce y comarcas de Ronda y Antequera. Reedito: En zona oeste [&hellip;]<\/p>\n","protected":false},"author":16,"featured_media":40589,"comment_status":"open","ping_status":"open","sticky":false,"template":"","format":"standard","meta":[],"categories":[2],"tags":[212,587,782,809,980],"_links":{"self":[{"href":"https:\/\/blogs.diariosur.es\/tormentas-y-rayos\/wp-json\/wp\/v2\/posts\/42645"}],"collection":[{"href":"https:\/\/blogs.diariosur.es\/tormentas-y-rayos\/wp-json\/wp\/v2\/posts"}],"about":[{"href":"https:\/\/blogs.diariosur.es\/tormentas-y-rayos\/wp-json\/wp\/v2\/types\/post"}],"author":[{"embeddable":true,"href":"https:\/\/blogs.diariosur.es\/tormentas-y-rayos\/wp-json\/wp\/v2\/users\/16"}],"replies":[{"embeddable":true,"href":"https:\/\/blogs.diariosur.es\/tormentas-y-rayos\/wp-json\/wp\/v2\/comments?post=42645"}],"version-history":[{"count":13,"href":"https:\/\/blogs.diariosur.es\/tormentas-y-rayos\/wp-json\/wp\/v2\/posts\/42645\/revisions"}],"predecessor-version":[{"id":47272,"href":"https:\/\/blogs.diariosur.es\/tormentas-y-rayos\/wp-json\/wp\/v2\/posts\/42645\/revisions\/47272"}],"wp:featuredmedia":[{"embeddable":true,"href":"https:\/\/blogs.diariosur.es\/tormentas-y-rayos\/wp-json\/wp\/v2\/media\/40589"}],"wp:attachment":[{"href":"https:\/\/blogs.diariosur.es\/tormentas-y-rayos\/wp-json\/wp\/v2\/media?parent=42645"}],"wp:term":[{"taxonomy":"category","embeddable":true,"href":"https:\/\/blogs.diariosur.es\/tormentas-y-rayos\/wp-json\/wp\/v2\/categories?post=42645"},{"taxonomy":"post_tag","embeddable":true,"href":"https:\/\/blogs.diariosur.es\/tormentas-y-rayos\/wp-json\/wp\/v2\/tags?post=42645"}],"curies":[{"name":"wp","href":"https:\/\/api.w.org\/{rel}","templated":true}]}}