{"id":42660,"date":"2024-12-01T10:33:43","date_gmt":"2024-12-01T09:33:43","guid":{"rendered":"https:\/\/blogs.diariosur.es\/tormentas-y-rayos\/?p=42660"},"modified":"2025-11-08T10:19:06","modified_gmt":"2025-11-08T09:19:06","slug":"hoy-comienza-el-invierno-meteorologico-hara-calor-o-frio-en-malaga","status":"publish","type":"post","link":"https:\/\/blogs.diariosur.es\/tormentas-y-rayos\/2024\/12\/01\/hoy-comienza-el-invierno-meteorologico-hara-calor-o-frio-en-malaga\/","title":{"rendered":"Hoy comienza el invierno meteorol\u00f3gico. \u00bfHar\u00e1 calor o fr\u00edo en M\u00e1laga?"},"content":{"rendered":"<p><a href=\"https:\/\/static-blogs.diariosur.es\/wp-content\/uploads\/sites\/12\/2024\/11\/130738248_10221381944997043_6257362087676436516_n.jpg\"><img loading=\"lazy\" class=\"aligncenter size-thumbnail wp-image-42618\" src=\"https:\/\/static-blogs.diariosur.es\/wp-content\/uploads\/sites\/12\/2024\/11\/130738248_10221381944997043_6257362087676436516_n-150x150.jpg\" alt=\"\" width=\"150\" height=\"150\" srcset=\"https:\/\/static-blogs.diariosur.es\/wp-content\/uploads\/sites\/12\/2024\/11\/130738248_10221381944997043_6257362087676436516_n-150x150.jpg 150w, https:\/\/static-blogs.diariosur.es\/wp-content\/uploads\/sites\/12\/2024\/11\/130738248_10221381944997043_6257362087676436516_n-400x400.jpg 400w, https:\/\/static-blogs.diariosur.es\/wp-content\/uploads\/sites\/12\/2024\/11\/130738248_10221381944997043_6257362087676436516_n.jpg 768w\" sizes=\"(max-width: 150px) 100vw, 150px\" \/><\/a><\/p>\n<p data-pm-slice=\"1 1 []\">Muy buenos d\u00edas, amigos de la meteo. Por asuntos personales no podr\u00e9 extenderme mucho en el blog estos d\u00edas; las actualizaciones ser\u00e1n breves.<\/p>\n<p>La temperatura m\u00ednima hoy en el Aeropuerto de M\u00e1laga ha sido de 11 \u00b0C, los cielos est\u00e1n nubosos y el viento sopla flojo de direcci\u00f3n variable.<\/p>\n<p>A la pregunta que hago en el t\u00edtulo del post, todo hace indicar que hasta el domingo d\u00eda 8 seguiremos con temperaturas m\u00e1ximas y m\u00ednimas por encima de la media en toda la provincia malague\u00f1a y la capital.<\/p>\n<p>Es muy probable que a partir del d\u00eda 9 lleguen los primeros fr\u00edos a toda la pen\u00ednsula y Baleares; nos podr\u00e1 afectar una masa de aire muy fr\u00eda de latitudes altas.<\/p>\n<p>Hasta ma\u00f1ana.<\/p>\n","protected":false},"excerpt":{"rendered":"<p>Muy buenos d\u00edas, amigos de la meteo. Por asuntos personales no podr\u00e9 extenderme mucho en el blog estos d\u00edas; las actualizaciones ser\u00e1n breves. La temperatura m\u00ednima hoy en el Aeropuerto de M\u00e1laga ha sido de 11 \u00b0C, los cielos est\u00e1n nubosos y el viento sopla flojo de direcci\u00f3n variable. A la pregunta que hago en [&hellip;]<\/p>\n","protected":false},"author":16,"featured_media":42665,"comment_status":"open","ping_status":"open","sticky":false,"template":"","format":"standard","meta":[],"categories":[2],"tags":[212,269,432,517,587],"_links":{"self":[{"href":"https:\/\/blogs.diariosur.es\/tormentas-y-rayos\/wp-json\/wp\/v2\/posts\/42660"}],"collection":[{"href":"https:\/\/blogs.diariosur.es\/tormentas-y-rayos\/wp-json\/wp\/v2\/posts"}],"about":[{"href":"https:\/\/blogs.diariosur.es\/tormentas-y-rayos\/wp-json\/wp\/v2\/types\/post"}],"author":[{"embeddable":true,"href":"https:\/\/blogs.diariosur.es\/tormentas-y-rayos\/wp-json\/wp\/v2\/users\/16"}],"replies":[{"embeddable":true,"href":"https:\/\/blogs.diariosur.es\/tormentas-y-rayos\/wp-json\/wp\/v2\/comments?post=42660"}],"version-history":[{"count":6,"href":"https:\/\/blogs.diariosur.es\/tormentas-y-rayos\/wp-json\/wp\/v2\/posts\/42660\/revisions"}],"predecessor-version":[{"id":47271,"href":"https:\/\/blogs.diariosur.es\/tormentas-y-rayos\/wp-json\/wp\/v2\/posts\/42660\/revisions\/47271"}],"wp:featuredmedia":[{"embeddable":true,"href":"https:\/\/blogs.diariosur.es\/tormentas-y-rayos\/wp-json\/wp\/v2\/media\/42665"}],"wp:attachment":[{"href":"https:\/\/blogs.diariosur.es\/tormentas-y-rayos\/wp-json\/wp\/v2\/media?parent=42660"}],"wp:term":[{"taxonomy":"category","embeddable":true,"href":"https:\/\/blogs.diariosur.es\/tormentas-y-rayos\/wp-json\/wp\/v2\/categories?post=42660"},{"taxonomy":"post_tag","embeddable":true,"href":"https:\/\/blogs.diariosur.es\/tormentas-y-rayos\/wp-json\/wp\/v2\/tags?post=42660"}],"curies":[{"name":"wp","href":"https:\/\/api.w.org\/{rel}","templated":true}]}}