{"id":42676,"date":"2024-12-03T07:18:08","date_gmt":"2024-12-03T06:18:08","guid":{"rendered":"https:\/\/blogs.diariosur.es\/tormentas-y-rayos\/?p=42676"},"modified":"2025-11-08T10:08:17","modified_gmt":"2025-11-08T09:08:17","slug":"pensais-que-noviembre-ha-sido-muy-calido-en-malaga-capital","status":"publish","type":"post","link":"https:\/\/blogs.diariosur.es\/tormentas-y-rayos\/2024\/12\/03\/pensais-que-noviembre-ha-sido-muy-calido-en-malaga-capital\/","title":{"rendered":"\u00bfPens\u00e1is que noviembre ha sido muy c\u00e1lido en M\u00e1laga capital?"},"content":{"rendered":"<p><a href=\"https:\/\/static-blogs.diariosur.es\/wp-content\/uploads\/sites\/12\/2024\/11\/130738248_10221381944997043_6257362087676436516_n.jpg\"><img loading=\"lazy\" class=\"aligncenter size-thumbnail wp-image-42618\" src=\"https:\/\/static-blogs.diariosur.es\/wp-content\/uploads\/sites\/12\/2024\/11\/130738248_10221381944997043_6257362087676436516_n-150x150.jpg\" alt=\"\" width=\"150\" height=\"150\" srcset=\"https:\/\/static-blogs.diariosur.es\/wp-content\/uploads\/sites\/12\/2024\/11\/130738248_10221381944997043_6257362087676436516_n-150x150.jpg 150w, https:\/\/static-blogs.diariosur.es\/wp-content\/uploads\/sites\/12\/2024\/11\/130738248_10221381944997043_6257362087676436516_n-400x400.jpg 400w, https:\/\/static-blogs.diariosur.es\/wp-content\/uploads\/sites\/12\/2024\/11\/130738248_10221381944997043_6257362087676436516_n.jpg 768w\" sizes=\"(max-width: 150px) 100vw, 150px\" \/><\/a><\/p>\n<p data-pm-slice=\"1 1 []\">Buenos d\u00edas, amigos de la meteo. A falta de confirmar la temperatura media del Aeropuerto de M\u00e1laga por la AEMET, que, como todos sab\u00e9is, es la que se toma como referencia desde el a\u00f1o 1942, y si mis cuentas no me fallan (me faltan cuatro datos), el mes de noviembre ha sido el m\u00e1s c\u00e1lido desde que se tienen registros con <span style=\"color: #ff0000;\">18,2 \u00baC.<\/span> El anterior noviembre m\u00e1s c\u00e1lido se registr\u00f3 en el <strong>a\u00f1o 2022<\/strong> con una temperatura media de <strong>18 \u00b0C<\/strong>; es muy probable que se haya superado. El valor normal de temperatura media en M\u00e1laga capital en noviembre es de <strong>15,9 \u00b0C.<\/strong><\/p>\n<p>S\u00ed tengo la temperatura media del Centro Meteorol\u00f3gico de la Aemet en M\u00e1laga capital, que ha sido de <strong>18,6 \u00b0C<\/strong>, casi tres grados m\u00e1s que la media normal. Destacar tambi\u00e9n la temperatura media de las m\u00e1ximas con 22,3 \u00b0C y la media de las m\u00ednimas con 14,8 \u00b0C. Unos datos que asustan.<\/p>\n<p>Ayer lunes, la Aemet sac\u00f3 el estudio del mes de noviembre en Espa\u00f1a y tambi\u00e9n ha sido el m\u00e1s c\u00e1lido desde que se tienen registros.<\/p>\n<p>Os paso el comunicado.<\/p>\n<p>El pasado noviembre fue el m\u00e1s c\u00e1lido en el conjunto de la Espa\u00f1a peninsular desde que hay registros.<br \/>\nLa temperatura media fue de 12.4 \u00baC (2.8 \u00baC por encima del promedio del per\u00edodo 1991-2020).<br \/>\nSuper\u00f3 en 0.5 \u00baC al noviembre m\u00e1s c\u00e1lido hasta ahora, el de 1983.<\/p>\n<p>Poco m\u00e1s que contar; esperemos que diciembre no sea c\u00e1lido.<\/p>\n","protected":false},"excerpt":{"rendered":"<p>Buenos d\u00edas, amigos de la meteo. A falta de confirmar la temperatura media del Aeropuerto de M\u00e1laga por la AEMET, que, como todos sab\u00e9is, es la que se toma como referencia desde el a\u00f1o 1942, y si mis cuentas no me fallan (me faltan cuatro datos), el mes de noviembre ha sido el m\u00e1s c\u00e1lido [&hellip;]<\/p>\n","protected":false},"author":16,"featured_media":42685,"comment_status":"open","ping_status":"open","sticky":false,"template":"","format":"standard","meta":[],"categories":[2],"tags":[212,215,1618,375,587,718],"_links":{"self":[{"href":"https:\/\/blogs.diariosur.es\/tormentas-y-rayos\/wp-json\/wp\/v2\/posts\/42676"}],"collection":[{"href":"https:\/\/blogs.diariosur.es\/tormentas-y-rayos\/wp-json\/wp\/v2\/posts"}],"about":[{"href":"https:\/\/blogs.diariosur.es\/tormentas-y-rayos\/wp-json\/wp\/v2\/types\/post"}],"author":[{"embeddable":true,"href":"https:\/\/blogs.diariosur.es\/tormentas-y-rayos\/wp-json\/wp\/v2\/users\/16"}],"replies":[{"embeddable":true,"href":"https:\/\/blogs.diariosur.es\/tormentas-y-rayos\/wp-json\/wp\/v2\/comments?post=42676"}],"version-history":[{"count":11,"href":"https:\/\/blogs.diariosur.es\/tormentas-y-rayos\/wp-json\/wp\/v2\/posts\/42676\/revisions"}],"predecessor-version":[{"id":47267,"href":"https:\/\/blogs.diariosur.es\/tormentas-y-rayos\/wp-json\/wp\/v2\/posts\/42676\/revisions\/47267"}],"wp:featuredmedia":[{"embeddable":true,"href":"https:\/\/blogs.diariosur.es\/tormentas-y-rayos\/wp-json\/wp\/v2\/media\/42685"}],"wp:attachment":[{"href":"https:\/\/blogs.diariosur.es\/tormentas-y-rayos\/wp-json\/wp\/v2\/media?parent=42676"}],"wp:term":[{"taxonomy":"category","embeddable":true,"href":"https:\/\/blogs.diariosur.es\/tormentas-y-rayos\/wp-json\/wp\/v2\/categories?post=42676"},{"taxonomy":"post_tag","embeddable":true,"href":"https:\/\/blogs.diariosur.es\/tormentas-y-rayos\/wp-json\/wp\/v2\/tags?post=42676"}],"curies":[{"name":"wp","href":"https:\/\/api.w.org\/{rel}","templated":true}]}}