{"id":42687,"date":"2024-12-05T07:52:38","date_gmt":"2024-12-05T06:52:38","guid":{"rendered":"https:\/\/blogs.diariosur.es\/tormentas-y-rayos\/?p=42687"},"modified":"2025-11-08T10:03:35","modified_gmt":"2025-11-08T09:03:35","slug":"cuando-llega-la-masa-de-aire-frio-origen-artico-a-la-provincia-de-malaga-y-las-lluvias","status":"publish","type":"post","link":"https:\/\/blogs.diariosur.es\/tormentas-y-rayos\/2024\/12\/05\/cuando-llega-la-masa-de-aire-frio-origen-artico-a-la-provincia-de-malaga-y-las-lluvias\/","title":{"rendered":"\u00bfCu\u00e1ndo llega la masa de aire fr\u00edo, origen \u00e1rtico, a la provincia de M\u00e1laga y las lluvias?"},"content":{"rendered":"<p><a href=\"https:\/\/static-blogs.diariosur.es\/wp-content\/uploads\/sites\/12\/2024\/11\/130738248_10221381944997043_6257362087676436516_n.jpg\"><img loading=\"lazy\" class=\"aligncenter size-thumbnail wp-image-42618\" src=\"https:\/\/static-blogs.diariosur.es\/wp-content\/uploads\/sites\/12\/2024\/11\/130738248_10221381944997043_6257362087676436516_n-150x150.jpg\" alt=\"\" width=\"150\" height=\"150\" srcset=\"https:\/\/static-blogs.diariosur.es\/wp-content\/uploads\/sites\/12\/2024\/11\/130738248_10221381944997043_6257362087676436516_n-150x150.jpg 150w, https:\/\/static-blogs.diariosur.es\/wp-content\/uploads\/sites\/12\/2024\/11\/130738248_10221381944997043_6257362087676436516_n-400x400.jpg 400w, https:\/\/static-blogs.diariosur.es\/wp-content\/uploads\/sites\/12\/2024\/11\/130738248_10221381944997043_6257362087676436516_n.jpg 768w\" sizes=\"(max-width: 150px) 100vw, 150px\" \/><\/a><\/p>\n<p data-pm-slice=\"1 1 []\">Buenos d\u00edas, amigos de la meteo. Cuando son las siete de la ma\u00f1ana en M\u00e1laga capital, la estaci\u00f3n del aeropuerto ha registrado una m\u00ednima de 10,1 \u00baC, los cielos est\u00e1n algo nubosos y el viento sopla flojo de direcci\u00f3n variable. Hoy se espera una temperatura m\u00e1xima en la capital que rondar\u00e1 entre los 20 y 21 grados.<\/p>\n<p>Ayer mi\u00e9rcoles la temperatura m\u00e1xima se registr\u00f3 en el aeropuerto con 19,6 \u00b0C, d\u00e1ndose unas rachas de terral de invierno de 50 km\/h. Estas rachas fuertes de viento hicieron que la sensaci\u00f3n t\u00e9rmica fuera de m\u00e1s fr\u00edo.<\/p>\n<p>Se confirma que M\u00e1laga capital ha registrado el noviembre m\u00e1s c\u00e1lido desde que se tienen registros, con una temperatura media de 18,1 \u00baC. Destacar tambi\u00e9n que Andaluc\u00eda tambi\u00e9n ha tenido el noviembre m\u00e1s c\u00e1lido desde que se tienen registros, con una temperatura media de 15.2 \u00baC, 2.9 grados por encima del promedio.<\/p>\n<h3><span style=\"color: #0000ff;\">\u00bfCu\u00e1ndo llega la masa de aire fr\u00edo, origen \u00e1rtico, a la provincia de M\u00e1laga?<\/span><\/h3>\n<p data-pm-slice=\"1 1 []\">Los primeros d\u00edas del acueducto tendremos temperaturas m\u00e1ximas y m\u00ednimas por encima de la media, como pod\u00e9is comprobar en estos mapas de m\u00e1ximas y m\u00ednimas de la Aemet.<\/p>\n<p>Fijaros en las m\u00e1ximas del s\u00e1bado. En algunos puntos de la provincia pueden llegar a los 24 y 25 grados.<\/p>\n<p><strong>VIERNES 6<\/strong><\/p>\n<p>&nbsp;<\/p>\n<p><a href=\"https:\/\/static-blogs.diariosur.es\/wp-content\/uploads\/sites\/12\/2024\/12\/1.jpg\"><img loading=\"lazy\" class=\"aligncenter size-full wp-image-42694\" src=\"https:\/\/static-blogs.diariosur.es\/wp-content\/uploads\/sites\/12\/2024\/12\/1.jpg\" alt=\"\" width=\"871\" height=\"685\" srcset=\"https:\/\/static-blogs.diariosur.es\/wp-content\/uploads\/sites\/12\/2024\/12\/1.jpg 871w, https:\/\/static-blogs.diariosur.es\/wp-content\/uploads\/sites\/12\/2024\/12\/1-509x400.jpg 509w, https:\/\/static-blogs.diariosur.es\/wp-content\/uploads\/sites\/12\/2024\/12\/1-768x604.jpg 768w\" sizes=\"(max-width: 871px) 100vw, 871px\" \/><\/a><\/p>\n<p>&nbsp;<\/p>\n<p><strong>S\u00c1BADO 9\u00a0<\/strong><\/p>\n<p><a href=\"https:\/\/static-blogs.diariosur.es\/wp-content\/uploads\/sites\/12\/2024\/12\/2.jpg\"><img loading=\"lazy\" class=\"aligncenter size-full wp-image-42695\" src=\"https:\/\/static-blogs.diariosur.es\/wp-content\/uploads\/sites\/12\/2024\/12\/2.jpg\" alt=\"\" width=\"865\" height=\"680\" srcset=\"https:\/\/static-blogs.diariosur.es\/wp-content\/uploads\/sites\/12\/2024\/12\/2.jpg 865w, https:\/\/static-blogs.diariosur.es\/wp-content\/uploads\/sites\/12\/2024\/12\/2-509x400.jpg 509w, https:\/\/static-blogs.diariosur.es\/wp-content\/uploads\/sites\/12\/2024\/12\/2-768x604.jpg 768w\" sizes=\"(max-width: 865px) 100vw, 865px\" \/><\/a><\/p>\n<p>&nbsp;<\/p>\n<p>&nbsp;<\/p>\n<p data-pm-slice=\"1 1 []\">El domingo bajar\u00e1n un poquito, pero ser\u00e1 el lunes d\u00eda 9 cuando notemos el fr\u00edo \u00e1rtico. Este fr\u00edo nos acompa\u00f1ar\u00e1 toda la semana entrante.<\/p>\n<p>Tambi\u00e9n os comento que es el fr\u00edo normal para la fecha que estamos en la provincia de M\u00e1laga; lo que pasa es que ya hac\u00eda algunos a\u00f1os que no entraba.<\/p>\n<p>Os paso las m\u00e1ximas y m\u00ednimas que prev\u00e9 la AEMET el domingo y lunes.<\/p>\n<p>&nbsp;<\/p>\n<p>&nbsp;<\/p>\n<p><a href=\"https:\/\/static-blogs.diariosur.es\/wp-content\/uploads\/sites\/12\/2024\/12\/3.jpg\"><img loading=\"lazy\" class=\"aligncenter size-full wp-image-42696\" src=\"https:\/\/static-blogs.diariosur.es\/wp-content\/uploads\/sites\/12\/2024\/12\/3.jpg\" alt=\"\" width=\"875\" height=\"677\" srcset=\"https:\/\/static-blogs.diariosur.es\/wp-content\/uploads\/sites\/12\/2024\/12\/3.jpg 875w, https:\/\/static-blogs.diariosur.es\/wp-content\/uploads\/sites\/12\/2024\/12\/3-517x400.jpg 517w, https:\/\/static-blogs.diariosur.es\/wp-content\/uploads\/sites\/12\/2024\/12\/3-768x594.jpg 768w\" sizes=\"(max-width: 875px) 100vw, 875px\" \/><\/a><\/p>\n<p>&nbsp;<\/p>\n<p><a href=\"https:\/\/static-blogs.diariosur.es\/wp-content\/uploads\/sites\/12\/2024\/12\/4.jpg\"><img loading=\"lazy\" class=\"aligncenter size-full wp-image-42697\" src=\"https:\/\/static-blogs.diariosur.es\/wp-content\/uploads\/sites\/12\/2024\/12\/4.jpg\" alt=\"\" width=\"857\" height=\"678\" srcset=\"https:\/\/static-blogs.diariosur.es\/wp-content\/uploads\/sites\/12\/2024\/12\/4.jpg 857w, https:\/\/static-blogs.diariosur.es\/wp-content\/uploads\/sites\/12\/2024\/12\/4-506x400.jpg 506w, https:\/\/static-blogs.diariosur.es\/wp-content\/uploads\/sites\/12\/2024\/12\/4-768x608.jpg 768w\" sizes=\"(max-width: 857px) 100vw, 857px\" \/><\/a><\/p>\n<h3><\/h3>\n<h3><span style=\"color: #ff0000;\"><strong>\u00bfHay probabilidad de lluvias?<\/strong><\/span><\/h3>\n<p data-pm-slice=\"1 1 []\"><strong>La pregunta del mill\u00f3n, \u00bfverdad, amigos? Os cuento. Este tipo de situaciones, en algunas ocasiones, suelen formar alguna baja al oeste de Portugal o Cabo de San Vicente; de momento, el modelo europeo y americano dan probabilidades. A\u00fan es pronto para confirmarlo; de ser as\u00ed, tendr\u00edamos unas bonitas nevadas el mi\u00e9rcoles en las zonas habituales de los sistemas monta\u00f1osos de la provincia de M\u00e1laga.<\/strong><\/p>\n<p>Ojal\u00e1 se cumplan esas probabilidades de precipitaciones y nevadas y podamos ver la Sierra de las Nieves as\u00ed de bonita.<\/p>\n<p>&nbsp;<\/p>\n<p><a href=\"https:\/\/static-blogs.diariosur.es\/wp-content\/uploads\/sites\/12\/2024\/12\/50830796482_805fc589d5_b.jpg\"><img loading=\"lazy\" class=\"aligncenter size-full wp-image-42698\" src=\"https:\/\/static-blogs.diariosur.es\/wp-content\/uploads\/sites\/12\/2024\/12\/50830796482_805fc589d5_b.jpg\" alt=\"\" width=\"1024\" height=\"683\" srcset=\"https:\/\/static-blogs.diariosur.es\/wp-content\/uploads\/sites\/12\/2024\/12\/50830796482_805fc589d5_b.jpg 1024w, https:\/\/static-blogs.diariosur.es\/wp-content\/uploads\/sites\/12\/2024\/12\/50830796482_805fc589d5_b-600x400.jpg 600w, https:\/\/static-blogs.diariosur.es\/wp-content\/uploads\/sites\/12\/2024\/12\/50830796482_805fc589d5_b-768x512.jpg 768w\" sizes=\"(max-width: 1024px) 100vw, 1024px\" \/><\/a><\/p>\n","protected":false},"excerpt":{"rendered":"<p>Buenos d\u00edas, amigos de la meteo. Cuando son las siete de la ma\u00f1ana en M\u00e1laga capital, la estaci\u00f3n del aeropuerto ha registrado una m\u00ednima de 10,1 \u00baC, los cielos est\u00e1n algo nubosos y el viento sopla flojo de direcci\u00f3n variable. Hoy se espera una temperatura m\u00e1xima en la capital que rondar\u00e1 entre los 20 y [&hellip;]<\/p>\n","protected":false},"author":16,"featured_media":42698,"comment_status":"open","ping_status":"open","sticky":false,"template":"","format":"standard","meta":[],"categories":[2],"tags":[100,133,358,375,432,587,690],"_links":{"self":[{"href":"https:\/\/blogs.diariosur.es\/tormentas-y-rayos\/wp-json\/wp\/v2\/posts\/42687"}],"collection":[{"href":"https:\/\/blogs.diariosur.es\/tormentas-y-rayos\/wp-json\/wp\/v2\/posts"}],"about":[{"href":"https:\/\/blogs.diariosur.es\/tormentas-y-rayos\/wp-json\/wp\/v2\/types\/post"}],"author":[{"embeddable":true,"href":"https:\/\/blogs.diariosur.es\/tormentas-y-rayos\/wp-json\/wp\/v2\/users\/16"}],"replies":[{"embeddable":true,"href":"https:\/\/blogs.diariosur.es\/tormentas-y-rayos\/wp-json\/wp\/v2\/comments?post=42687"}],"version-history":[{"count":9,"href":"https:\/\/blogs.diariosur.es\/tormentas-y-rayos\/wp-json\/wp\/v2\/posts\/42687\/revisions"}],"predecessor-version":[{"id":47265,"href":"https:\/\/blogs.diariosur.es\/tormentas-y-rayos\/wp-json\/wp\/v2\/posts\/42687\/revisions\/47265"}],"wp:featuredmedia":[{"embeddable":true,"href":"https:\/\/blogs.diariosur.es\/tormentas-y-rayos\/wp-json\/wp\/v2\/media\/42698"}],"wp:attachment":[{"href":"https:\/\/blogs.diariosur.es\/tormentas-y-rayos\/wp-json\/wp\/v2\/media?parent=42687"}],"wp:term":[{"taxonomy":"category","embeddable":true,"href":"https:\/\/blogs.diariosur.es\/tormentas-y-rayos\/wp-json\/wp\/v2\/categories?post=42687"},{"taxonomy":"post_tag","embeddable":true,"href":"https:\/\/blogs.diariosur.es\/tormentas-y-rayos\/wp-json\/wp\/v2\/tags?post=42687"}],"curies":[{"name":"wp","href":"https:\/\/api.w.org\/{rel}","templated":true}]}}