{"id":42703,"date":"2024-12-07T07:33:50","date_gmt":"2024-12-07T06:33:50","guid":{"rendered":"https:\/\/blogs.diariosur.es\/tormentas-y-rayos\/?p=42703"},"modified":"2025-11-08T09:59:16","modified_gmt":"2025-11-08T08:59:16","slug":"el-tiempo-en-espana-mucha-precaucion-en-el-puente-con-los-avisos-rojos-y-naranjas","status":"publish","type":"post","link":"https:\/\/blogs.diariosur.es\/tormentas-y-rayos\/2024\/12\/07\/el-tiempo-en-espana-mucha-precaucion-en-el-puente-con-los-avisos-rojos-y-naranjas\/","title":{"rendered":"El tiempo en Espa\u00f1a. Mucha precauci\u00f3n en el puente, con los avisos rojos y naranjas."},"content":{"rendered":"<p><a href=\"https:\/\/static-blogs.diariosur.es\/wp-content\/uploads\/sites\/12\/2024\/11\/130738248_10221381944997043_6257362087676436516_n.jpg\"><img loading=\"lazy\" class=\"aligncenter size-thumbnail wp-image-42618\" src=\"https:\/\/static-blogs.diariosur.es\/wp-content\/uploads\/sites\/12\/2024\/11\/130738248_10221381944997043_6257362087676436516_n-150x150.jpg\" alt=\"\" width=\"150\" height=\"150\" srcset=\"https:\/\/static-blogs.diariosur.es\/wp-content\/uploads\/sites\/12\/2024\/11\/130738248_10221381944997043_6257362087676436516_n-150x150.jpg 150w, https:\/\/static-blogs.diariosur.es\/wp-content\/uploads\/sites\/12\/2024\/11\/130738248_10221381944997043_6257362087676436516_n-400x400.jpg 400w, https:\/\/static-blogs.diariosur.es\/wp-content\/uploads\/sites\/12\/2024\/11\/130738248_10221381944997043_6257362087676436516_n.jpg 768w\" sizes=\"(max-width: 150px) 100vw, 150px\" \/><\/a><\/p>\n<p data-pm-slice=\"1 1 []\">Buenos d\u00edas, amigos de la meteo. Cuando son las seis y cuarto de la ma\u00f1ana en M\u00e1laga capital, la estaci\u00f3n de la Aemet del Aeropuerto de M\u00e1laga registra unos impresionantes <strong>19,1 \u00baC<\/strong>, los cielos est\u00e1n poco nubosos y el viento sopla de terral de invierno.<\/p>\n<p>Os paso la gr\u00e1fica de temperatura del aeropuerto.<\/p>\n<p>&nbsp;<\/p>\n<p><a href=\"https:\/\/static-blogs.diariosur.es\/wp-content\/uploads\/sites\/12\/2024\/12\/Captura-de-pantalla-2024-12-07-062826-e1733549467955.jpg\"><img loading=\"lazy\" class=\"aligncenter size-full wp-image-42704\" src=\"https:\/\/static-blogs.diariosur.es\/wp-content\/uploads\/sites\/12\/2024\/12\/Captura-de-pantalla-2024-12-07-062826-e1733549467955.jpg\" alt=\"\" width=\"900\" height=\"405\" \/><\/a><\/p>\n<p data-pm-slice=\"1 1 []\">Hoy s\u00e1bado se pueden alcanzar los 23 y 24 grados en las zonas habituales donde el poniente entre de tierra; destacar que a partir del mediod\u00eda se esperan rachas fuertes, sobre todo en la costa oriental malague\u00f1a.<\/p>\n<h3><span style=\"color: #ff0000;\"><strong>Mucha precauci\u00f3n en puente con los avisos rojos y naranjas.<\/strong><\/span><\/h3>\n<p>&nbsp;<\/p>\n<p data-pm-slice=\"1 1 []\">La masa de aire fr\u00eda \u00e1rtica ya est\u00e1 llegando al norte peninsular; los que est\u00e9n de viaje por esa zona tienen que tener mucha precauci\u00f3n.<\/p>\n<p>Os paso una imagen de masas de aire del sat\u00e9lite Eumetsat; por el color se distingue la masa de aire fr\u00edo.<\/p>\n<p>&nbsp;<\/p>\n<p>&nbsp;<\/p>\n<p><a href=\"https:\/\/static-blogs.diariosur.es\/wp-content\/uploads\/sites\/12\/2024\/12\/Captura-de-pantalla-2024-12-07-063452-e1733550031742.jpg\"><img loading=\"lazy\" class=\"aligncenter size-full wp-image-42705\" src=\"https:\/\/static-blogs.diariosur.es\/wp-content\/uploads\/sites\/12\/2024\/12\/Captura-de-pantalla-2024-12-07-063452-e1733550031742.jpg\" alt=\"\" width=\"1200\" height=\"838\" \/><\/a><\/p>\n<p>&nbsp;<\/p>\n<p data-pm-slice=\"1 1 []\">La AEMET activa para hoy s\u00e1bado y ma\u00f1ana domingo el aviso rojo por nevadas en el Pirineo navarro y oscense, el naranja en el Pirineo de Lleida. Mucha precauci\u00f3n en la cordillera cant\u00e1brica; ma\u00f1ana se activan avisos naranjas por nevadas.<\/p>\n<p>Destacar tambi\u00e9n que se esperan rachas muy fuertes de viento y mala mar en estas zonas. Os paso el mapa de avisos por viento y olas.<\/p>\n<p>&nbsp;<\/p>\n<p><a href=\"https:\/\/static-blogs.diariosur.es\/wp-content\/uploads\/sites\/12\/2024\/12\/viento.jpg\"><img loading=\"lazy\" class=\"aligncenter size-full wp-image-42706\" src=\"https:\/\/static-blogs.diariosur.es\/wp-content\/uploads\/sites\/12\/2024\/12\/viento.jpg\" alt=\"\" width=\"861\" height=\"676\" srcset=\"https:\/\/static-blogs.diariosur.es\/wp-content\/uploads\/sites\/12\/2024\/12\/viento.jpg 861w, https:\/\/static-blogs.diariosur.es\/wp-content\/uploads\/sites\/12\/2024\/12\/viento-509x400.jpg 509w, https:\/\/static-blogs.diariosur.es\/wp-content\/uploads\/sites\/12\/2024\/12\/viento-768x603.jpg 768w\" sizes=\"(max-width: 861px) 100vw, 861px\" \/><\/a><\/p>\n<p>&nbsp;<\/p>\n<p><a href=\"https:\/\/static-blogs.diariosur.es\/wp-content\/uploads\/sites\/12\/2024\/12\/costeros.jpg\"><img loading=\"lazy\" class=\"aligncenter size-full wp-image-42707\" src=\"https:\/\/static-blogs.diariosur.es\/wp-content\/uploads\/sites\/12\/2024\/12\/costeros.jpg\" alt=\"\" width=\"867\" height=\"686\" srcset=\"https:\/\/static-blogs.diariosur.es\/wp-content\/uploads\/sites\/12\/2024\/12\/costeros.jpg 867w, https:\/\/static-blogs.diariosur.es\/wp-content\/uploads\/sites\/12\/2024\/12\/costeros-506x400.jpg 506w, https:\/\/static-blogs.diariosur.es\/wp-content\/uploads\/sites\/12\/2024\/12\/costeros-768x608.jpg 768w\" sizes=\"(max-width: 867px) 100vw, 867px\" \/><\/a><\/p>\n<p>&nbsp;<\/p>\n<p>&nbsp;<\/p>\n<p data-pm-slice=\"1 1 []\">En la provincia de M\u00e1laga notaremos m\u00e1s el fr\u00edo el lunes, que unido a las rachas de moderadas a fuertes de viento, la sensaci\u00f3n t\u00e9rmica ser\u00e1 de m\u00e1s fr\u00edo.<\/p>\n<p>Sigue habiendo probabilidad de que se forme una borrasca en el Cabo de San Vicente; seg\u00fan se posicione, puede traer lluvias a la provincia de M\u00e1laga. Estas situaciones retr\u00f3gradas son dif\u00edciles de modelizar. A partir de ma\u00f1ana har\u00e9 un seguimiento de estas probables lluvias; ojal\u00e1 se cumplan.<\/p>\n<p>Os dejo con este fot\u00f3n de mi amigo Crist\u00f3bal Gambero del Puente de la Inmaculada, perd\u00f3n, jijij, del embarcadero de Marbella.<\/p>\n<p>&nbsp;<\/p>\n<p>&nbsp;<\/p>\n<p><a href=\"https:\/\/static-blogs.diariosur.es\/wp-content\/uploads\/sites\/12\/2024\/12\/468716005_8704428529606064_3337140759190875883_n.jpg\"><img loading=\"lazy\" class=\"aligncenter size-full wp-image-42708\" src=\"https:\/\/static-blogs.diariosur.es\/wp-content\/uploads\/sites\/12\/2024\/12\/468716005_8704428529606064_3337140759190875883_n.jpg\" alt=\"\" width=\"1000\" height=\"750\" srcset=\"https:\/\/static-blogs.diariosur.es\/wp-content\/uploads\/sites\/12\/2024\/12\/468716005_8704428529606064_3337140759190875883_n.jpg 1000w, https:\/\/static-blogs.diariosur.es\/wp-content\/uploads\/sites\/12\/2024\/12\/468716005_8704428529606064_3337140759190875883_n-533x400.jpg 533w, https:\/\/static-blogs.diariosur.es\/wp-content\/uploads\/sites\/12\/2024\/12\/468716005_8704428529606064_3337140759190875883_n-768x576.jpg 768w\" sizes=\"(max-width: 1000px) 100vw, 1000px\" \/><\/a><\/p>\n<p>&nbsp;<\/p>\n<p>&nbsp;<\/p>\n<p>&nbsp;<\/p>\n","protected":false},"excerpt":{"rendered":"<p>Buenos d\u00edas, amigos de la meteo. Cuando son las seis y cuarto de la ma\u00f1ana en M\u00e1laga capital, la estaci\u00f3n de la Aemet del Aeropuerto de M\u00e1laga registra unos impresionantes 19,1 \u00baC, los cielos est\u00e1n poco nubosos y el viento sopla de terral de invierno. Os paso la gr\u00e1fica de temperatura del aeropuerto. &nbsp; Hoy [&hellip;]<\/p>\n","protected":false},"author":16,"featured_media":42708,"comment_status":"open","ping_status":"open","sticky":false,"template":"","format":"standard","meta":[],"categories":[2],"tags":[151,307,358,375,587,690,832,872,1059],"_links":{"self":[{"href":"https:\/\/blogs.diariosur.es\/tormentas-y-rayos\/wp-json\/wp\/v2\/posts\/42703"}],"collection":[{"href":"https:\/\/blogs.diariosur.es\/tormentas-y-rayos\/wp-json\/wp\/v2\/posts"}],"about":[{"href":"https:\/\/blogs.diariosur.es\/tormentas-y-rayos\/wp-json\/wp\/v2\/types\/post"}],"author":[{"embeddable":true,"href":"https:\/\/blogs.diariosur.es\/tormentas-y-rayos\/wp-json\/wp\/v2\/users\/16"}],"replies":[{"embeddable":true,"href":"https:\/\/blogs.diariosur.es\/tormentas-y-rayos\/wp-json\/wp\/v2\/comments?post=42703"}],"version-history":[{"count":3,"href":"https:\/\/blogs.diariosur.es\/tormentas-y-rayos\/wp-json\/wp\/v2\/posts\/42703\/revisions"}],"predecessor-version":[{"id":47262,"href":"https:\/\/blogs.diariosur.es\/tormentas-y-rayos\/wp-json\/wp\/v2\/posts\/42703\/revisions\/47262"}],"wp:featuredmedia":[{"embeddable":true,"href":"https:\/\/blogs.diariosur.es\/tormentas-y-rayos\/wp-json\/wp\/v2\/media\/42708"}],"wp:attachment":[{"href":"https:\/\/blogs.diariosur.es\/tormentas-y-rayos\/wp-json\/wp\/v2\/media?parent=42703"}],"wp:term":[{"taxonomy":"category","embeddable":true,"href":"https:\/\/blogs.diariosur.es\/tormentas-y-rayos\/wp-json\/wp\/v2\/categories?post=42703"},{"taxonomy":"post_tag","embeddable":true,"href":"https:\/\/blogs.diariosur.es\/tormentas-y-rayos\/wp-json\/wp\/v2\/tags?post=42703"}],"curies":[{"name":"wp","href":"https:\/\/api.w.org\/{rel}","templated":true}]}}