{"id":42722,"date":"2024-12-09T08:50:42","date_gmt":"2024-12-09T07:50:42","guid":{"rendered":"https:\/\/blogs.diariosur.es\/tormentas-y-rayos\/?p=42722"},"modified":"2025-11-08T09:51:49","modified_gmt":"2025-11-08T08:51:49","slug":"llovera-mucho-o-muy-poco-en-la-provincia-de-malaga-se-registran-las-primeras-heladas-del-invierno-en-capitales-andaluzas","status":"publish","type":"post","link":"https:\/\/blogs.diariosur.es\/tormentas-y-rayos\/2024\/12\/09\/llovera-mucho-o-muy-poco-en-la-provincia-de-malaga-se-registran-las-primeras-heladas-del-invierno-en-capitales-andaluzas\/","title":{"rendered":"\u00bfLlover\u00e1 mucho o muy poco en la provincia de M\u00e1laga? Se registran las primeras heladas del invierno en capitales andaluzas."},"content":{"rendered":"<p><a href=\"https:\/\/static-blogs.diariosur.es\/wp-content\/uploads\/sites\/12\/2024\/11\/130738248_10221381944997043_6257362087676436516_n.jpg\"><img loading=\"lazy\" class=\"aligncenter size-thumbnail wp-image-42618\" src=\"https:\/\/static-blogs.diariosur.es\/wp-content\/uploads\/sites\/12\/2024\/11\/130738248_10221381944997043_6257362087676436516_n-150x150.jpg\" alt=\"\" width=\"150\" height=\"150\" srcset=\"https:\/\/static-blogs.diariosur.es\/wp-content\/uploads\/sites\/12\/2024\/11\/130738248_10221381944997043_6257362087676436516_n-150x150.jpg 150w, https:\/\/static-blogs.diariosur.es\/wp-content\/uploads\/sites\/12\/2024\/11\/130738248_10221381944997043_6257362087676436516_n-400x400.jpg 400w, https:\/\/static-blogs.diariosur.es\/wp-content\/uploads\/sites\/12\/2024\/11\/130738248_10221381944997043_6257362087676436516_n.jpg 768w\" sizes=\"(max-width: 150px) 100vw, 150px\" \/><\/a><\/p>\n<p data-pm-slice=\"1 1 []\">Buenos d\u00edas, amigos de la meteo. Cuando son las ocho de la ma\u00f1ana en M\u00e1laga capital, el Centro Meteorol\u00f3gico ha registrado una m\u00ednima de 8,3 \u00baC y el Aeropuerto, 8,7 \u00baC. Destacar en la provincia Antequera con 1 \u00baC y Ronda con 3,3 \u00baC.<\/p>\n<p>Se han registrado las primeras heladas en capitales andaluzas; en C\u00f3rdoba Aeropuerto han registrado una m\u00ednima de -1.1 grados bajo cero y en Granada Aeropuerto -0.8 grados bajo cero.<\/p>\n<h3><strong>\u00bfLlover\u00e1 mucho o muy poco en la provincia de M\u00e1laga?<\/strong><\/h3>\n<p>A tan pocas horas, seguimos con la incertidumbre de c\u00f3mo nos\u00a0afectar\u00e1 la vaguada retr\u00f3grada el pr\u00f3ximo mi\u00e9rcoles y jueves a la provincia de M\u00e1laga. Los dos principales modelos no se ponen de acuerdo con los acumulados. Ma\u00f1ana con los modelos en mesoescala estar\u00e1 m\u00e1s claro lo que pueda pasar. Lo que s\u00ed garantizo es el fresquito.<\/p>\n<p>Os paso los acumulados que dan el modelo europeo y americano. En el europeo, los mayores acumulados van al mar.<\/p>\n<p>&nbsp;<\/p>\n<p><a href=\"https:\/\/static-blogs.diariosur.es\/wp-content\/uploads\/sites\/12\/2024\/12\/europeo.jpg\"><img loading=\"lazy\" class=\"aligncenter size-full wp-image-42723\" src=\"https:\/\/static-blogs.diariosur.es\/wp-content\/uploads\/sites\/12\/2024\/12\/europeo.jpg\" alt=\"\" width=\"952\" height=\"977\" srcset=\"https:\/\/static-blogs.diariosur.es\/wp-content\/uploads\/sites\/12\/2024\/12\/europeo.jpg 952w, https:\/\/static-blogs.diariosur.es\/wp-content\/uploads\/sites\/12\/2024\/12\/europeo-390x400.jpg 390w, https:\/\/static-blogs.diariosur.es\/wp-content\/uploads\/sites\/12\/2024\/12\/europeo-768x788.jpg 768w\" sizes=\"(max-width: 952px) 100vw, 952px\" \/><\/a><\/p>\n<p>&nbsp;<\/p>\n<p>Modelo americano<\/p>\n<p>&nbsp;<\/p>\n<p><a href=\"https:\/\/static-blogs.diariosur.es\/wp-content\/uploads\/sites\/12\/2024\/12\/americano.jpg\"><img loading=\"lazy\" class=\"aligncenter size-full wp-image-42724\" src=\"https:\/\/static-blogs.diariosur.es\/wp-content\/uploads\/sites\/12\/2024\/12\/americano.jpg\" alt=\"\" width=\"952\" height=\"956\" srcset=\"https:\/\/static-blogs.diariosur.es\/wp-content\/uploads\/sites\/12\/2024\/12\/americano.jpg 952w, https:\/\/static-blogs.diariosur.es\/wp-content\/uploads\/sites\/12\/2024\/12\/americano-398x400.jpg 398w, https:\/\/static-blogs.diariosur.es\/wp-content\/uploads\/sites\/12\/2024\/12\/americano-150x150.jpg 150w, https:\/\/static-blogs.diariosur.es\/wp-content\/uploads\/sites\/12\/2024\/12\/americano-768x771.jpg 768w\" sizes=\"(max-width: 952px) 100vw, 952px\" \/><\/a><\/p>\n<p>&nbsp;<\/p>\n","protected":false},"excerpt":{"rendered":"<p>Buenos d\u00edas, amigos de la meteo. Cuando son las ocho de la ma\u00f1ana en M\u00e1laga capital, el Centro Meteorol\u00f3gico ha registrado una m\u00ednima de 8,3 \u00baC y el Aeropuerto, 8,7 \u00baC. Destacar en la provincia Antequera con 1 \u00baC y Ronda con 3,3 \u00baC. Se han registrado las primeras heladas en capitales andaluzas; en C\u00f3rdoba [&hellip;]<\/p>\n","protected":false},"author":16,"featured_media":42726,"comment_status":"open","ping_status":"open","sticky":false,"template":"","format":"standard","meta":[],"categories":[2],"tags":[100,151,358,1974,587,690,872],"_links":{"self":[{"href":"https:\/\/blogs.diariosur.es\/tormentas-y-rayos\/wp-json\/wp\/v2\/posts\/42722"}],"collection":[{"href":"https:\/\/blogs.diariosur.es\/tormentas-y-rayos\/wp-json\/wp\/v2\/posts"}],"about":[{"href":"https:\/\/blogs.diariosur.es\/tormentas-y-rayos\/wp-json\/wp\/v2\/types\/post"}],"author":[{"embeddable":true,"href":"https:\/\/blogs.diariosur.es\/tormentas-y-rayos\/wp-json\/wp\/v2\/users\/16"}],"replies":[{"embeddable":true,"href":"https:\/\/blogs.diariosur.es\/tormentas-y-rayos\/wp-json\/wp\/v2\/comments?post=42722"}],"version-history":[{"count":4,"href":"https:\/\/blogs.diariosur.es\/tormentas-y-rayos\/wp-json\/wp\/v2\/posts\/42722\/revisions"}],"predecessor-version":[{"id":47258,"href":"https:\/\/blogs.diariosur.es\/tormentas-y-rayos\/wp-json\/wp\/v2\/posts\/42722\/revisions\/47258"}],"wp:featuredmedia":[{"embeddable":true,"href":"https:\/\/blogs.diariosur.es\/tormentas-y-rayos\/wp-json\/wp\/v2\/media\/42726"}],"wp:attachment":[{"href":"https:\/\/blogs.diariosur.es\/tormentas-y-rayos\/wp-json\/wp\/v2\/media?parent=42722"}],"wp:term":[{"taxonomy":"category","embeddable":true,"href":"https:\/\/blogs.diariosur.es\/tormentas-y-rayos\/wp-json\/wp\/v2\/categories?post=42722"},{"taxonomy":"post_tag","embeddable":true,"href":"https:\/\/blogs.diariosur.es\/tormentas-y-rayos\/wp-json\/wp\/v2\/tags?post=42722"}],"curies":[{"name":"wp","href":"https:\/\/api.w.org\/{rel}","templated":true}]}}