{"id":42728,"date":"2024-12-10T08:38:11","date_gmt":"2024-12-10T07:38:11","guid":{"rendered":"https:\/\/blogs.diariosur.es\/tormentas-y-rayos\/?p=42728"},"modified":"2025-11-08T09:50:04","modified_gmt":"2025-11-08T08:50:04","slug":"llegan-las-primeras-heladas-a-la-provincia-de-malaga-a-que-hora-se-preven-las-precipitaciones-manana","status":"publish","type":"post","link":"https:\/\/blogs.diariosur.es\/tormentas-y-rayos\/2024\/12\/10\/llegan-las-primeras-heladas-a-la-provincia-de-malaga-a-que-hora-se-preven-las-precipitaciones-manana\/","title":{"rendered":"Llegan las primeras heladas a la provincia de M\u00e1laga. \u00bfA qu\u00e9 hora se prev\u00e9n las precipitaciones ma\u00f1ana?"},"content":{"rendered":"<p><a href=\"https:\/\/static-blogs.diariosur.es\/wp-content\/uploads\/sites\/12\/2024\/11\/130738248_10221381944997043_6257362087676436516_n.jpg\"><img loading=\"lazy\" class=\"aligncenter size-thumbnail wp-image-42618\" src=\"https:\/\/static-blogs.diariosur.es\/wp-content\/uploads\/sites\/12\/2024\/11\/130738248_10221381944997043_6257362087676436516_n-150x150.jpg\" alt=\"\" width=\"150\" height=\"150\" srcset=\"https:\/\/static-blogs.diariosur.es\/wp-content\/uploads\/sites\/12\/2024\/11\/130738248_10221381944997043_6257362087676436516_n-150x150.jpg 150w, https:\/\/static-blogs.diariosur.es\/wp-content\/uploads\/sites\/12\/2024\/11\/130738248_10221381944997043_6257362087676436516_n-400x400.jpg 400w, https:\/\/static-blogs.diariosur.es\/wp-content\/uploads\/sites\/12\/2024\/11\/130738248_10221381944997043_6257362087676436516_n.jpg 768w\" sizes=\"(max-width: 150px) 100vw, 150px\" \/><\/a><\/p>\n<p data-pm-slice=\"1 1 []\">Muy buenos d\u00edas fresquitos, amigos de la meteo. Cuando son las ocho de la ma\u00f1ana en M\u00e1laga capital, la estaci\u00f3n de la Aemet del aeropuerto ha registrado<strong> 5,8 \u00baC<\/strong>, los cielos est\u00e1n despejados y el viento sopla flojo de direcci\u00f3n variable; al no tener rachas fuertes de viento, la temperatura ha bajado. Adem\u00e1s, la sensaci\u00f3n t\u00e9rmica es de menos fr\u00edo, aunque tengamos menos temperatura que ayer.<\/p>\n<p>Hoy se han registrado las primeras heladas del invierno meteorol\u00f3gico en pueblos del interior; os paso algunos datos. En muchos pueblos del interior se han quedado entre 2 y 0 grados.<\/p>\n<p>Fuente: Aemet, Meteoclimatic y Wunderground<\/p>\n<p>Antequera: -2,1 grados bajo cero<\/p>\n<p>Fuente de Piedra: -2,3 grados bajo cero.<\/p>\n<p>Archidona Huertas del R\u00edo: -2,6 grados bajo cero.<\/p>\n<p>Archidona San Jos\u00e9 -4,6 grados bajo cero<\/p>\n<p>El Burgo: -1,3 grados bajo cero<\/p>\n<p>Ronda -0,1 grados bajo cero.<\/p>\n<p>Arriate: -1,8 grados bajo cero.<\/p>\n<p>Bobadilla Estaci\u00f3n: -4,1 grados bajo cero.<\/p>\n<p>Humilladero: -2,5 grados bajo cero.<\/p>\n<p>Mollina -2,2 grados bajo cero.<\/p>\n<p>Villanueva del Trabuco: 2,8 grados bajo cero.<\/p>\n<p>Villanueva del Rosario: -3 grados bajo cero.<\/p>\n<h3><strong>\u00bfA qu\u00e9 hora se prev\u00e9n las precipitaciones ma\u00f1ana?<\/strong><\/h3>\n<p>A partir de las doce y primeras horas de la tarde se prev\u00e9n chubascos, empezando por la zona oriental de la provincia malague\u00f1a. Son m\u00e1s probables en zona de costa. Estos chubascos tendr\u00e1n continuidad por la noche y primeras horas de la madrugada del jueves. La cota de nieve rondar\u00e1 entre los 1200 y 1400 metros. Otra cosilla, no espero chubascos en todos los portales de la provincia.<\/p>\n<p>Ma\u00f1ana os dar\u00e9 la predicci\u00f3n del jueves; a\u00fan hay incertidumbre, hay aviso amarillo en la costa.<\/p>\n<p>&nbsp;<\/p>\n","protected":false},"excerpt":{"rendered":"<p>Muy buenos d\u00edas fresquitos, amigos de la meteo. Cuando son las ocho de la ma\u00f1ana en M\u00e1laga capital, la estaci\u00f3n de la Aemet del aeropuerto ha registrado 5,8 \u00baC, los cielos est\u00e1n despejados y el viento sopla flojo de direcci\u00f3n variable; al no tener rachas fuertes de viento, la temperatura ha bajado. Adem\u00e1s, la sensaci\u00f3n [&hellip;]<\/p>\n","protected":false},"author":16,"featured_media":42729,"comment_status":"open","ping_status":"open","sticky":false,"template":"","format":"standard","meta":[],"categories":[2],"tags":[94,100,151,307,358,432,569,587,676,701,1039],"_links":{"self":[{"href":"https:\/\/blogs.diariosur.es\/tormentas-y-rayos\/wp-json\/wp\/v2\/posts\/42728"}],"collection":[{"href":"https:\/\/blogs.diariosur.es\/tormentas-y-rayos\/wp-json\/wp\/v2\/posts"}],"about":[{"href":"https:\/\/blogs.diariosur.es\/tormentas-y-rayos\/wp-json\/wp\/v2\/types\/post"}],"author":[{"embeddable":true,"href":"https:\/\/blogs.diariosur.es\/tormentas-y-rayos\/wp-json\/wp\/v2\/users\/16"}],"replies":[{"embeddable":true,"href":"https:\/\/blogs.diariosur.es\/tormentas-y-rayos\/wp-json\/wp\/v2\/comments?post=42728"}],"version-history":[{"count":6,"href":"https:\/\/blogs.diariosur.es\/tormentas-y-rayos\/wp-json\/wp\/v2\/posts\/42728\/revisions"}],"predecessor-version":[{"id":47256,"href":"https:\/\/blogs.diariosur.es\/tormentas-y-rayos\/wp-json\/wp\/v2\/posts\/42728\/revisions\/47256"}],"wp:featuredmedia":[{"embeddable":true,"href":"https:\/\/blogs.diariosur.es\/tormentas-y-rayos\/wp-json\/wp\/v2\/media\/42729"}],"wp:attachment":[{"href":"https:\/\/blogs.diariosur.es\/tormentas-y-rayos\/wp-json\/wp\/v2\/media?parent=42728"}],"wp:term":[{"taxonomy":"category","embeddable":true,"href":"https:\/\/blogs.diariosur.es\/tormentas-y-rayos\/wp-json\/wp\/v2\/categories?post=42728"},{"taxonomy":"post_tag","embeddable":true,"href":"https:\/\/blogs.diariosur.es\/tormentas-y-rayos\/wp-json\/wp\/v2\/tags?post=42728"}],"curies":[{"name":"wp","href":"https:\/\/api.w.org\/{rel}","templated":true}]}}