{"id":42735,"date":"2024-12-11T07:51:31","date_gmt":"2024-12-11T06:51:31","guid":{"rendered":"https:\/\/blogs.diariosur.es\/tormentas-y-rayos\/?p=42735"},"modified":"2025-11-08T09:46:43","modified_gmt":"2025-11-08T08:46:43","slug":"aviso-amarillo-por-lluvias-y-tormentas-en-sol-y-guadalhorce-madrugada-muy-fria","status":"publish","type":"post","link":"https:\/\/blogs.diariosur.es\/tormentas-y-rayos\/2024\/12\/11\/aviso-amarillo-por-lluvias-y-tormentas-en-sol-y-guadalhorce-madrugada-muy-fria\/","title":{"rendered":"Aviso amarillo por lluvias y tormentas en Sol y Guadalhorce. Madrugada muy fr\u00eda."},"content":{"rendered":"<p><a href=\"https:\/\/static-blogs.diariosur.es\/wp-content\/uploads\/sites\/12\/2024\/11\/130738248_10221381944997043_6257362087676436516_n.jpg\"><img loading=\"lazy\" class=\"aligncenter size-thumbnail wp-image-42618\" src=\"https:\/\/static-blogs.diariosur.es\/wp-content\/uploads\/sites\/12\/2024\/11\/130738248_10221381944997043_6257362087676436516_n-150x150.jpg\" alt=\"\" width=\"150\" height=\"150\" srcset=\"https:\/\/static-blogs.diariosur.es\/wp-content\/uploads\/sites\/12\/2024\/11\/130738248_10221381944997043_6257362087676436516_n-150x150.jpg 150w, https:\/\/static-blogs.diariosur.es\/wp-content\/uploads\/sites\/12\/2024\/11\/130738248_10221381944997043_6257362087676436516_n-400x400.jpg 400w, https:\/\/static-blogs.diariosur.es\/wp-content\/uploads\/sites\/12\/2024\/11\/130738248_10221381944997043_6257362087676436516_n.jpg 768w\" sizes=\"(max-width: 150px) 100vw, 150px\" \/><\/a><\/p>\n<p data-pm-slice=\"1 1 []\">Muy buenos d\u00edas, amigos de la meteo. Madrugada muy fresquita en la provincia de M\u00e1laga y su capital; la Estaci\u00f3n del Aeropuerto ha registrado una m\u00ednima de <strong>3,3 \u00baC;<\/strong> el viento sopla flojo de levante. Destacar en la provincia los -2,3 grados bajo cero de Archidona Huertas del R\u00edo y los -0,7 grados bajo cero de Antequera. Sobre las seis y media de la ma\u00f1ana se han visto rayos frente a la costa de la Axarqu\u00eda; me comentan que caen chubascos en Torre del Mar y V\u00e9lez M\u00e1laga. Como coment\u00e9 ayer, hay probabilidad de chubascos hoy mi\u00e9rcoles en la costa de M\u00e1laga; no espero gran cosa y seguro que no se mojan todos los portales.<\/p>\n<p>Ma\u00f1ana s\u00ed hay m\u00e1s probabilidad de precipitaciones, pero sobre todo en la costa; pueden venir acompa\u00f1adas de fen\u00f3menos tormentosos y granizo menudo. La cota de nieve rondar\u00e1 entre los 1200 y 1300 metros.<\/p>\n<p>La AEMET activa el aviso amarillo por tormentas y precipitaciones de 15 mm en una hora. El aviso comienza a las 00:00 horas del jueves y termina a las 18:00 horas. Un aviso amarillo no entra\u00f1a peligro.<\/p>\n<p>Aunque sea repetitivo, estas situaciones son dif\u00edciles de modelizar y puede darse el caso de que la mayor\u00eda de las precipitaciones se queden muy cerca de la costa.<\/p>\n<p>A tan pocas horas, los dos modelos principales dan distintos acumulados en la provincia, como pod\u00e9is ver en estos mapas del modelo europeo y americano.<\/p>\n<p>&nbsp;<\/p>\n<p><a href=\"https:\/\/static-blogs.diariosur.es\/wp-content\/uploads\/sites\/12\/2024\/12\/a-1.jpg\"><img loading=\"lazy\" class=\"aligncenter size-full wp-image-42740\" src=\"https:\/\/static-blogs.diariosur.es\/wp-content\/uploads\/sites\/12\/2024\/12\/a-1.jpg\" alt=\"\" width=\"956\" height=\"951\" srcset=\"https:\/\/static-blogs.diariosur.es\/wp-content\/uploads\/sites\/12\/2024\/12\/a-1.jpg 956w, https:\/\/static-blogs.diariosur.es\/wp-content\/uploads\/sites\/12\/2024\/12\/a-1-402x400.jpg 402w, https:\/\/static-blogs.diariosur.es\/wp-content\/uploads\/sites\/12\/2024\/12\/a-1-150x150.jpg 150w, https:\/\/static-blogs.diariosur.es\/wp-content\/uploads\/sites\/12\/2024\/12\/a-1-768x764.jpg 768w\" sizes=\"(max-width: 956px) 100vw, 956px\" \/><\/a><\/p>\n<p>&nbsp;<\/p>\n<p><a href=\"https:\/\/static-blogs.diariosur.es\/wp-content\/uploads\/sites\/12\/2024\/12\/b-1.jpg\"><img loading=\"lazy\" class=\"aligncenter size-full wp-image-42741\" src=\"https:\/\/static-blogs.diariosur.es\/wp-content\/uploads\/sites\/12\/2024\/12\/b-1.jpg\" alt=\"\" width=\"950\" height=\"958\" srcset=\"https:\/\/static-blogs.diariosur.es\/wp-content\/uploads\/sites\/12\/2024\/12\/b-1.jpg 950w, https:\/\/static-blogs.diariosur.es\/wp-content\/uploads\/sites\/12\/2024\/12\/b-1-397x400.jpg 397w, https:\/\/static-blogs.diariosur.es\/wp-content\/uploads\/sites\/12\/2024\/12\/b-1-150x150.jpg 150w, https:\/\/static-blogs.diariosur.es\/wp-content\/uploads\/sites\/12\/2024\/12\/b-1-768x774.jpg 768w\" sizes=\"(max-width: 950px) 100vw, 950px\" \/><\/a><\/p>\n<p>&nbsp;<\/p>\n<p data-pm-slice=\"1 1 []\">La mala noticia es que estas precipitaciones apenas afectar\u00e1n a los embalses, salvo en La Concepci\u00f3n, al estar m\u00e1s cerca de la costa. Habr\u00e1 portales del interior de la provincia que tampoco se mojen. Ojal\u00e1 me equivoque y todas esas lluvias del mar entren tierra adentro.<\/p>\n<p>&nbsp;<\/p>\n<p>&nbsp;<\/p>\n<p>&nbsp;<\/p>\n","protected":false},"excerpt":{"rendered":"<p>Muy buenos d\u00edas, amigos de la meteo. Madrugada muy fresquita en la provincia de M\u00e1laga y su capital; la Estaci\u00f3n del Aeropuerto ha registrado una m\u00ednima de 3,3 \u00baC; el viento sopla flojo de levante. Destacar en la provincia los -2,3 grados bajo cero de Archidona Huertas del R\u00edo y los -0,7 grados bajo cero [&hellip;]<\/p>\n","protected":false},"author":16,"featured_media":42742,"comment_status":"open","ping_status":"open","sticky":false,"template":"","format":"standard","meta":[],"categories":[2],"tags":[94,151,307,358,569,587,800,996],"_links":{"self":[{"href":"https:\/\/blogs.diariosur.es\/tormentas-y-rayos\/wp-json\/wp\/v2\/posts\/42735"}],"collection":[{"href":"https:\/\/blogs.diariosur.es\/tormentas-y-rayos\/wp-json\/wp\/v2\/posts"}],"about":[{"href":"https:\/\/blogs.diariosur.es\/tormentas-y-rayos\/wp-json\/wp\/v2\/types\/post"}],"author":[{"embeddable":true,"href":"https:\/\/blogs.diariosur.es\/tormentas-y-rayos\/wp-json\/wp\/v2\/users\/16"}],"replies":[{"embeddable":true,"href":"https:\/\/blogs.diariosur.es\/tormentas-y-rayos\/wp-json\/wp\/v2\/comments?post=42735"}],"version-history":[{"count":9,"href":"https:\/\/blogs.diariosur.es\/tormentas-y-rayos\/wp-json\/wp\/v2\/posts\/42735\/revisions"}],"predecessor-version":[{"id":47253,"href":"https:\/\/blogs.diariosur.es\/tormentas-y-rayos\/wp-json\/wp\/v2\/posts\/42735\/revisions\/47253"}],"wp:featuredmedia":[{"embeddable":true,"href":"https:\/\/blogs.diariosur.es\/tormentas-y-rayos\/wp-json\/wp\/v2\/media\/42742"}],"wp:attachment":[{"href":"https:\/\/blogs.diariosur.es\/tormentas-y-rayos\/wp-json\/wp\/v2\/media?parent=42735"}],"wp:term":[{"taxonomy":"category","embeddable":true,"href":"https:\/\/blogs.diariosur.es\/tormentas-y-rayos\/wp-json\/wp\/v2\/categories?post=42735"},{"taxonomy":"post_tag","embeddable":true,"href":"https:\/\/blogs.diariosur.es\/tormentas-y-rayos\/wp-json\/wp\/v2\/tags?post=42735"}],"curies":[{"name":"wp","href":"https:\/\/api.w.org\/{rel}","templated":true}]}}