{"id":42746,"date":"2024-12-11T21:39:13","date_gmt":"2024-12-11T20:39:13","guid":{"rendered":"https:\/\/blogs.diariosur.es\/tormentas-y-rayos\/?p=42746"},"modified":"2025-11-08T09:47:59","modified_gmt":"2025-11-08T08:47:59","slug":"se-activa-el-aviso-naranja-por-lluvias-en-sol-guadalhorce-y-axarquia-sierra-bermeja-se-viste-de-blanco","status":"publish","type":"post","link":"https:\/\/blogs.diariosur.es\/tormentas-y-rayos\/2024\/12\/11\/se-activa-el-aviso-naranja-por-lluvias-en-sol-guadalhorce-y-axarquia-sierra-bermeja-se-viste-de-blanco\/","title":{"rendered":"Se activa el aviso naranja por lluvias en Sol, Guadalhorce y Axarqu\u00eda. Sierra Bermeja se viste de blanco"},"content":{"rendered":"<p><a href=\"https:\/\/static-blogs.diariosur.es\/wp-content\/uploads\/sites\/12\/2024\/11\/130738248_10221381944997043_6257362087676436516_n.jpg\"><img loading=\"lazy\" class=\"aligncenter size-thumbnail wp-image-42618\" src=\"https:\/\/static-blogs.diariosur.es\/wp-content\/uploads\/sites\/12\/2024\/11\/130738248_10221381944997043_6257362087676436516_n-150x150.jpg\" alt=\"\" width=\"150\" height=\"150\" srcset=\"https:\/\/static-blogs.diariosur.es\/wp-content\/uploads\/sites\/12\/2024\/11\/130738248_10221381944997043_6257362087676436516_n-150x150.jpg 150w, https:\/\/static-blogs.diariosur.es\/wp-content\/uploads\/sites\/12\/2024\/11\/130738248_10221381944997043_6257362087676436516_n-400x400.jpg 400w, https:\/\/static-blogs.diariosur.es\/wp-content\/uploads\/sites\/12\/2024\/11\/130738248_10221381944997043_6257362087676436516_n.jpg 768w\" sizes=\"(max-width: 150px) 100vw, 150px\" \/><\/a><\/p>\n<p data-pm-slice=\"1 1 []\">Buenas noches, amigos de la meteo. Actualizo el blog para informaros de que la AEMET activa el aviso naranja por fuertes lluvias en Sol, Guadalhorce y Axarqu\u00eda para ma\u00f1ana jueves. Acumulados en una hora de 30 mm y 60 mm en 12 horas. Tambi\u00e9n se activa por tormentas.<\/p>\n<p>Algunos modelos en mesoescala prev\u00e9n que las fuertes lluvias que se esperaban en el mar entren tierra adentro. El modelo europeo y americano no dan tantos acumulados. Estas situaciones son muy dif\u00edciles de modelizar.<\/p>\n<p><strong>Ma\u00f1ana veremos qu\u00e9 sucede, pero m\u00e1s vale prevenir y tener precauci\u00f3n<\/strong>.<\/p>\n<p>&nbsp;<\/p>\n<p><a href=\"https:\/\/static-blogs.diariosur.es\/wp-content\/uploads\/sites\/12\/2024\/12\/Captura-de-pantalla-2024-12-11-214133.jpg\"><img loading=\"lazy\" class=\"aligncenter size-full wp-image-42757\" src=\"https:\/\/static-blogs.diariosur.es\/wp-content\/uploads\/sites\/12\/2024\/12\/Captura-de-pantalla-2024-12-11-214133.jpg\" alt=\"\" width=\"858\" height=\"677\" srcset=\"https:\/\/static-blogs.diariosur.es\/wp-content\/uploads\/sites\/12\/2024\/12\/Captura-de-pantalla-2024-12-11-214133.jpg 858w, https:\/\/static-blogs.diariosur.es\/wp-content\/uploads\/sites\/12\/2024\/12\/Captura-de-pantalla-2024-12-11-214133-507x400.jpg 507w, https:\/\/static-blogs.diariosur.es\/wp-content\/uploads\/sites\/12\/2024\/12\/Captura-de-pantalla-2024-12-11-214133-768x606.jpg 768w\" sizes=\"(max-width: 858px) 100vw, 858px\" \/><\/a><\/p>\n<p>&nbsp;<\/p>\n<p>Os dejo con este bonito video de mi amigo Antonio Jes\u00fas Jim\u00e9nez, que ha estado esta tarde noche en Sierra Bermeja.<\/p>\n<p>&nbsp;<\/p>\n<p><iframe loading=\"lazy\" title=\"YouTube video player\" src=\"https:\/\/www.youtube.com\/embed\/bEGfJcZ0PF0?si=oYuePxskFaMKzgsB\" width=\"560\" height=\"315\" frameborder=\"0\" allowfullscreen=\"allowfullscreen\"><\/iframe><\/p>\n<p>&nbsp;<\/p>\n<p><a href=\"https:\/\/static-blogs.diariosur.es\/wp-content\/uploads\/sites\/12\/2024\/12\/Captura-de-pantalla-2024-12-11-205310-e1733946841123.jpg\"><img loading=\"lazy\" class=\"aligncenter size-full wp-image-42752\" src=\"https:\/\/static-blogs.diariosur.es\/wp-content\/uploads\/sites\/12\/2024\/12\/Captura-de-pantalla-2024-12-11-205310-e1733946841123.jpg\" alt=\"\" width=\"1000\" height=\"437\" \/><\/a><\/p>\n<p>&nbsp;<\/p>\n<p>&nbsp;<\/p>\n<p>&nbsp;<\/p>\n<p>&nbsp;<\/p>\n<p>&nbsp;<\/p>\n<p>&nbsp;<\/p>\n<p>&nbsp;<\/p>\n","protected":false},"excerpt":{"rendered":"<p>Buenas noches, amigos de la meteo. Actualizo el blog para informaros de que la AEMET activa el aviso naranja por fuertes lluvias en Sol, Guadalhorce y Axarqu\u00eda para ma\u00f1ana jueves. Acumulados en una hora de 30 mm y 60 mm en 12 horas. Tambi\u00e9n se activa por tormentas. Algunos modelos en mesoescala prev\u00e9n que las [&hellip;]<\/p>\n","protected":false},"author":16,"featured_media":42752,"comment_status":"open","ping_status":"open","sticky":false,"template":"","format":"standard","meta":[],"categories":[2],"tags":[151,358,569,587,676,996],"_links":{"self":[{"href":"https:\/\/blogs.diariosur.es\/tormentas-y-rayos\/wp-json\/wp\/v2\/posts\/42746"}],"collection":[{"href":"https:\/\/blogs.diariosur.es\/tormentas-y-rayos\/wp-json\/wp\/v2\/posts"}],"about":[{"href":"https:\/\/blogs.diariosur.es\/tormentas-y-rayos\/wp-json\/wp\/v2\/types\/post"}],"author":[{"embeddable":true,"href":"https:\/\/blogs.diariosur.es\/tormentas-y-rayos\/wp-json\/wp\/v2\/users\/16"}],"replies":[{"embeddable":true,"href":"https:\/\/blogs.diariosur.es\/tormentas-y-rayos\/wp-json\/wp\/v2\/comments?post=42746"}],"version-history":[{"count":12,"href":"https:\/\/blogs.diariosur.es\/tormentas-y-rayos\/wp-json\/wp\/v2\/posts\/42746\/revisions"}],"predecessor-version":[{"id":47254,"href":"https:\/\/blogs.diariosur.es\/tormentas-y-rayos\/wp-json\/wp\/v2\/posts\/42746\/revisions\/47254"}],"wp:featuredmedia":[{"embeddable":true,"href":"https:\/\/blogs.diariosur.es\/tormentas-y-rayos\/wp-json\/wp\/v2\/media\/42752"}],"wp:attachment":[{"href":"https:\/\/blogs.diariosur.es\/tormentas-y-rayos\/wp-json\/wp\/v2\/media?parent=42746"}],"wp:term":[{"taxonomy":"category","embeddable":true,"href":"https:\/\/blogs.diariosur.es\/tormentas-y-rayos\/wp-json\/wp\/v2\/categories?post=42746"},{"taxonomy":"post_tag","embeddable":true,"href":"https:\/\/blogs.diariosur.es\/tormentas-y-rayos\/wp-json\/wp\/v2\/tags?post=42746"}],"curies":[{"name":"wp","href":"https:\/\/api.w.org\/{rel}","templated":true}]}}