{"id":42773,"date":"2024-12-13T17:44:26","date_gmt":"2024-12-13T16:44:26","guid":{"rendered":"https:\/\/blogs.diariosur.es\/tormentas-y-rayos\/?p=42773"},"modified":"2025-11-08T09:41:02","modified_gmt":"2025-11-08T08:41:02","slug":"llovera-el-fin-de-semana-en-la-provincia-de-malaga","status":"publish","type":"post","link":"https:\/\/blogs.diariosur.es\/tormentas-y-rayos\/2024\/12\/13\/llovera-el-fin-de-semana-en-la-provincia-de-malaga\/","title":{"rendered":"\u00bfLlovera el fin de semana en la provincia de M\u00e1laga?"},"content":{"rendered":"<p><a href=\"https:\/\/static-blogs.diariosur.es\/wp-content\/uploads\/sites\/12\/2024\/11\/130738248_10221381944997043_6257362087676436516_n.jpg\"><img loading=\"lazy\" class=\"aligncenter size-thumbnail wp-image-42618\" src=\"https:\/\/static-blogs.diariosur.es\/wp-content\/uploads\/sites\/12\/2024\/11\/130738248_10221381944997043_6257362087676436516_n-150x150.jpg\" alt=\"\" width=\"150\" height=\"150\" srcset=\"https:\/\/static-blogs.diariosur.es\/wp-content\/uploads\/sites\/12\/2024\/11\/130738248_10221381944997043_6257362087676436516_n-150x150.jpg 150w, https:\/\/static-blogs.diariosur.es\/wp-content\/uploads\/sites\/12\/2024\/11\/130738248_10221381944997043_6257362087676436516_n-400x400.jpg 400w, https:\/\/static-blogs.diariosur.es\/wp-content\/uploads\/sites\/12\/2024\/11\/130738248_10221381944997043_6257362087676436516_n.jpg 768w\" sizes=\"(max-width: 150px) 100vw, 150px\" \/><\/a><\/p>\n<p data-pm-slice=\"1 1 []\">Buenas tardes, amigos de la meteo. Cuando son las cinco y cuarto de la tarde en M\u00e1laga capital, mi estaci\u00f3n registra 15\u00b0C, los cielos est\u00e1n con cumulus congestus y el viento sopla flojo de direcci\u00f3n variable. Estos desarrollos han dejado hace una hora un chaparr\u00f3n en Mijas Pueblo. Como dice mi amigo Crist\u00f3bal Gambero, nos ha pillado con la ropa tendida, pero ha dejado un bonito arco\u00edris.<\/p>\n<p>Os pongo unas fotos de Crist\u00f3bal desde Mijas Pueblo.<\/p>\n<p>&nbsp;<\/p>\n<p><a href=\"https:\/\/static-blogs.diariosur.es\/wp-content\/uploads\/sites\/12\/2024\/12\/470163094_10231216784141875_6916017547350937170_n-e1734108078843.jpg\"><img loading=\"lazy\" class=\"aligncenter size-full wp-image-42780\" src=\"https:\/\/static-blogs.diariosur.es\/wp-content\/uploads\/sites\/12\/2024\/12\/470163094_10231216784141875_6916017547350937170_n-e1734108078843.jpg\" alt=\"\" width=\"1000\" height=\"562\" \/><\/a><\/p>\n<p>&nbsp;<\/p>\n<p><a href=\"https:\/\/static-blogs.diariosur.es\/wp-content\/uploads\/sites\/12\/2024\/12\/470200778_10231216784541885_6908995880395763243_n.jpg\"><img loading=\"lazy\" class=\"aligncenter size-full wp-image-42781\" src=\"https:\/\/static-blogs.diariosur.es\/wp-content\/uploads\/sites\/12\/2024\/12\/470200778_10231216784541885_6908995880395763243_n.jpg\" alt=\"\" width=\"1000\" height=\"562\" srcset=\"https:\/\/static-blogs.diariosur.es\/wp-content\/uploads\/sites\/12\/2024\/12\/470200778_10231216784541885_6908995880395763243_n.jpg 1000w, https:\/\/static-blogs.diariosur.es\/wp-content\/uploads\/sites\/12\/2024\/12\/470200778_10231216784541885_6908995880395763243_n-640x360.jpg 640w, https:\/\/static-blogs.diariosur.es\/wp-content\/uploads\/sites\/12\/2024\/12\/470200778_10231216784541885_6908995880395763243_n-768x432.jpg 768w\" sizes=\"(max-width: 1000px) 100vw, 1000px\" \/><\/a><\/p>\n<p>&nbsp;<\/p>\n<p data-pm-slice=\"1 1 []\">Os paso un video de hace un par de horas que he hecho desde la terraza. Debido al aire fr\u00edo en altura, tenemos estos desarrollos en M\u00e1laga.<\/p>\n<p data-pm-slice=\"1 1 []\">\n<p><iframe loading=\"lazy\" title=\"YouTube video player\" src=\"https:\/\/www.youtube.com\/embed\/CU2oWe3x-CA?si=DhZKsIb125BBQalR\" width=\"560\" height=\"315\" frameborder=\"0\" allowfullscreen=\"allowfullscreen\"><\/iframe><\/p>\n<p data-pm-slice=\"1 1 []\">Ayer se cumplieron las previsiones y la lluvia fue protagonista; en el aeropuerto malague\u00f1o y Torremolinos se acumularon 50 mm, en otras zonas de la costa, entre los 20 y 49 mm. La mala noticia es que en los embalses del Guadalhorce apenas se registraron precipitaciones, as\u00ed como en las comarcas de Ronda y Antequera. Los \u00fanicos embalses de la provincia que pueden aumentar sus reservas un poco, solo un poco, son La Concepci\u00f3n, Limonero y Vi\u00f1uela.<\/p>\n<h3><span style=\"color: #ff0000;\"><strong>\u00bfQu\u00e9 tiempo har\u00e1 el fin de semana en la provincia de M\u00e1laga?<\/strong><\/span><\/h3>\n<p>Este fin de semana se recuperan las temperaturas m\u00e1ximas y m\u00ednimas en toda la provincia malague\u00f1a, no espero heladas, salvo en zonas de monta\u00f1a. La probabilidad de precipitaciones es muy baja el s\u00e1bado y el domingo.<\/p>\n<p>&nbsp;<\/p>\n<p><a href=\"https:\/\/static-blogs.diariosur.es\/wp-content\/uploads\/sites\/12\/2024\/12\/maximas-sabado.jpg\"><img loading=\"lazy\" class=\"aligncenter size-full wp-image-42782\" src=\"https:\/\/static-blogs.diariosur.es\/wp-content\/uploads\/sites\/12\/2024\/12\/maximas-sabado.jpg\" alt=\"\" width=\"866\" height=\"686\" srcset=\"https:\/\/static-blogs.diariosur.es\/wp-content\/uploads\/sites\/12\/2024\/12\/maximas-sabado.jpg 866w, https:\/\/static-blogs.diariosur.es\/wp-content\/uploads\/sites\/12\/2024\/12\/maximas-sabado-505x400.jpg 505w, https:\/\/static-blogs.diariosur.es\/wp-content\/uploads\/sites\/12\/2024\/12\/maximas-sabado-768x608.jpg 768w\" sizes=\"(max-width: 866px) 100vw, 866px\" \/><\/a><\/p>\n<p>&nbsp;<\/p>\n<p><a href=\"https:\/\/static-blogs.diariosur.es\/wp-content\/uploads\/sites\/12\/2024\/12\/domingo.jpg\"><img loading=\"lazy\" class=\"aligncenter size-full wp-image-42783\" src=\"https:\/\/static-blogs.diariosur.es\/wp-content\/uploads\/sites\/12\/2024\/12\/domingo.jpg\" alt=\"\" width=\"862\" height=\"681\" srcset=\"https:\/\/static-blogs.diariosur.es\/wp-content\/uploads\/sites\/12\/2024\/12\/domingo.jpg 862w, https:\/\/static-blogs.diariosur.es\/wp-content\/uploads\/sites\/12\/2024\/12\/domingo-506x400.jpg 506w, https:\/\/static-blogs.diariosur.es\/wp-content\/uploads\/sites\/12\/2024\/12\/domingo-768x607.jpg 768w\" sizes=\"(max-width: 862px) 100vw, 862px\" \/><\/a><\/p>\n<p>&nbsp;<\/p>\n<p><span style=\"color: #ff0000;\"><strong>El lunes hay probabilidad de rachas fuertes de levante en la costa malague\u00f1a, lo mismo entramos en aviso amarillo por fen\u00f3menos costeros, ma\u00f1ana lo confirmo. En es Estrecho se activar\u00e1n avisos por fuertes rachas de viento de levante.<\/strong><\/span><\/p>\n<p>Os dejo con esta bonita foto de mi amiga Susana Zurita, que hizo ayer por la tarde desde Benalm\u00e1dena. Muchas gracias.<\/p>\n<p>&nbsp;<\/p>\n<p><a href=\"https:\/\/static-blogs.diariosur.es\/wp-content\/uploads\/sites\/12\/2024\/12\/470219338_10231216656338680_5671631257723772499_n.jpg\"><img loading=\"lazy\" class=\"aligncenter size-full wp-image-42779\" src=\"https:\/\/static-blogs.diariosur.es\/wp-content\/uploads\/sites\/12\/2024\/12\/470219338_10231216656338680_5671631257723772499_n.jpg\" alt=\"\" width=\"1000\" height=\"447\" srcset=\"https:\/\/static-blogs.diariosur.es\/wp-content\/uploads\/sites\/12\/2024\/12\/470219338_10231216656338680_5671631257723772499_n.jpg 1000w, https:\/\/static-blogs.diariosur.es\/wp-content\/uploads\/sites\/12\/2024\/12\/470219338_10231216656338680_5671631257723772499_n-640x286.jpg 640w, https:\/\/static-blogs.diariosur.es\/wp-content\/uploads\/sites\/12\/2024\/12\/470219338_10231216656338680_5671631257723772499_n-768x343.jpg 768w\" sizes=\"(max-width: 1000px) 100vw, 1000px\" \/><\/a><\/p>\n<p>&nbsp;<\/p>\n<p>&nbsp;<\/p>\n","protected":false},"excerpt":{"rendered":"<p>Buenas tardes, amigos de la meteo. Cuando son las cinco y cuarto de la tarde en M\u00e1laga capital, mi estaci\u00f3n registra 15\u00b0C, los cielos est\u00e1n con cumulus congestus y el viento sopla flojo de direcci\u00f3n variable. Estos desarrollos han dejado hace una hora un chaparr\u00f3n en Mijas Pueblo. Como dice mi amigo Crist\u00f3bal Gambero, nos [&hellip;]<\/p>\n","protected":false},"author":16,"featured_media":42779,"comment_status":"open","ping_status":"open","sticky":false,"template":"","format":"standard","meta":[],"categories":[2],"tags":[358,587,800],"_links":{"self":[{"href":"https:\/\/blogs.diariosur.es\/tormentas-y-rayos\/wp-json\/wp\/v2\/posts\/42773"}],"collection":[{"href":"https:\/\/blogs.diariosur.es\/tormentas-y-rayos\/wp-json\/wp\/v2\/posts"}],"about":[{"href":"https:\/\/blogs.diariosur.es\/tormentas-y-rayos\/wp-json\/wp\/v2\/types\/post"}],"author":[{"embeddable":true,"href":"https:\/\/blogs.diariosur.es\/tormentas-y-rayos\/wp-json\/wp\/v2\/users\/16"}],"replies":[{"embeddable":true,"href":"https:\/\/blogs.diariosur.es\/tormentas-y-rayos\/wp-json\/wp\/v2\/comments?post=42773"}],"version-history":[{"count":7,"href":"https:\/\/blogs.diariosur.es\/tormentas-y-rayos\/wp-json\/wp\/v2\/posts\/42773\/revisions"}],"predecessor-version":[{"id":47249,"href":"https:\/\/blogs.diariosur.es\/tormentas-y-rayos\/wp-json\/wp\/v2\/posts\/42773\/revisions\/47249"}],"wp:featuredmedia":[{"embeddable":true,"href":"https:\/\/blogs.diariosur.es\/tormentas-y-rayos\/wp-json\/wp\/v2\/media\/42779"}],"wp:attachment":[{"href":"https:\/\/blogs.diariosur.es\/tormentas-y-rayos\/wp-json\/wp\/v2\/media?parent=42773"}],"wp:term":[{"taxonomy":"category","embeddable":true,"href":"https:\/\/blogs.diariosur.es\/tormentas-y-rayos\/wp-json\/wp\/v2\/categories?post=42773"},{"taxonomy":"post_tag","embeddable":true,"href":"https:\/\/blogs.diariosur.es\/tormentas-y-rayos\/wp-json\/wp\/v2\/tags?post=42773"}],"curies":[{"name":"wp","href":"https:\/\/api.w.org\/{rel}","templated":true}]}}