{"id":42785,"date":"2024-12-14T13:04:15","date_gmt":"2024-12-14T12:04:15","guid":{"rendered":"https:\/\/blogs.diariosur.es\/tormentas-y-rayos\/?p=42785"},"modified":"2025-11-08T09:36:53","modified_gmt":"2025-11-08T08:36:53","slug":"se-comfirma-el-temporal-de-levante-para-el-lunes-en-la-costa-de-malaga-estrecho-y-cadiz","status":"publish","type":"post","link":"https:\/\/blogs.diariosur.es\/tormentas-y-rayos\/2024\/12\/14\/se-comfirma-el-temporal-de-levante-para-el-lunes-en-la-costa-de-malaga-estrecho-y-cadiz\/","title":{"rendered":"Se comfirma el temporal de levante para el lunes en la costa de M\u00e1laga, Granada, Estrecho y C\u00e1diz."},"content":{"rendered":"<p><a href=\"https:\/\/static-blogs.diariosur.es\/wp-content\/uploads\/sites\/12\/2024\/11\/130738248_10221381944997043_6257362087676436516_n.jpg\"><img loading=\"lazy\" class=\"aligncenter size-thumbnail wp-image-42618\" src=\"https:\/\/static-blogs.diariosur.es\/wp-content\/uploads\/sites\/12\/2024\/11\/130738248_10221381944997043_6257362087676436516_n-150x150.jpg\" alt=\"\" width=\"150\" height=\"150\" srcset=\"https:\/\/static-blogs.diariosur.es\/wp-content\/uploads\/sites\/12\/2024\/11\/130738248_10221381944997043_6257362087676436516_n-150x150.jpg 150w, https:\/\/static-blogs.diariosur.es\/wp-content\/uploads\/sites\/12\/2024\/11\/130738248_10221381944997043_6257362087676436516_n-400x400.jpg 400w, https:\/\/static-blogs.diariosur.es\/wp-content\/uploads\/sites\/12\/2024\/11\/130738248_10221381944997043_6257362087676436516_n.jpg 768w\" sizes=\"(max-width: 150px) 100vw, 150px\" \/><\/a><\/p>\n<p data-pm-slice=\"1 1 []\">Reedito: Se activa el aviso amarillo por viento en las comarcas de Ronda y Antequera por rachas de viento de sureste de 70 km\/h.<\/p>\n<p>Buenas tardes, amigos de la meteo. Como os comentaba ayer, se confirma el temporal de levante para el lunes en la costa de M\u00e1laga, Granada, Estrecho y campi\u00f1a gaditana.<\/p>\n<p>Empezamos con el aviso amarillo por fen\u00f3menos costeros en M\u00e1laga: viento del este con intervalos de 50 a 60 km\/h (fuerza 7) y olas de 2 a 3 metros.<\/p>\n<p>Costa de Granada, fen\u00f3menos costeros: viento del este con intervalos de 50 a 60 km\/h (fuerza 7) y olas de 2 a 3 metros.<\/p>\n<p>Estrecho y litoral de C\u00e1diz, aviso naranja por fen\u00f3menos costeros: Viento del E o SE de 62 a 74 km\/h (fuerza 8) en el Estrecho al oeste de Tarifa y mar adentro al sur de Trafalgar.<\/p>\n<p>Aviso amarillo por viento en Estrecho, campi\u00f1a gaditana y litoral de C\u00e1diz. Rachas m\u00e1ximas: 80 km\/h. Viento de levante.<\/p>\n<p>Si hay alguna novedad, actualizo el blog.<\/p>\n<p>&nbsp;<\/p>\n<p>&nbsp;<\/p>\n<p>&nbsp;<\/p>\n","protected":false},"excerpt":{"rendered":"<p>Reedito: Se activa el aviso amarillo por viento en las comarcas de Ronda y Antequera por rachas de viento de sureste de 70 km\/h. Buenas tardes, amigos de la meteo. Como os comentaba ayer, se confirma el temporal de levante para el lunes en la costa de M\u00e1laga, Granada, Estrecho y campi\u00f1a gaditana. Empezamos con [&hellip;]<\/p>\n","protected":false},"author":16,"featured_media":42786,"comment_status":"open","ping_status":"open","sticky":false,"template":"","format":"standard","meta":[],"categories":[2],"tags":[94,151,204,307,553,587,736,966,1059],"_links":{"self":[{"href":"https:\/\/blogs.diariosur.es\/tormentas-y-rayos\/wp-json\/wp\/v2\/posts\/42785"}],"collection":[{"href":"https:\/\/blogs.diariosur.es\/tormentas-y-rayos\/wp-json\/wp\/v2\/posts"}],"about":[{"href":"https:\/\/blogs.diariosur.es\/tormentas-y-rayos\/wp-json\/wp\/v2\/types\/post"}],"author":[{"embeddable":true,"href":"https:\/\/blogs.diariosur.es\/tormentas-y-rayos\/wp-json\/wp\/v2\/users\/16"}],"replies":[{"embeddable":true,"href":"https:\/\/blogs.diariosur.es\/tormentas-y-rayos\/wp-json\/wp\/v2\/comments?post=42785"}],"version-history":[{"count":5,"href":"https:\/\/blogs.diariosur.es\/tormentas-y-rayos\/wp-json\/wp\/v2\/posts\/42785\/revisions"}],"predecessor-version":[{"id":47247,"href":"https:\/\/blogs.diariosur.es\/tormentas-y-rayos\/wp-json\/wp\/v2\/posts\/42785\/revisions\/47247"}],"wp:featuredmedia":[{"embeddable":true,"href":"https:\/\/blogs.diariosur.es\/tormentas-y-rayos\/wp-json\/wp\/v2\/media\/42786"}],"wp:attachment":[{"href":"https:\/\/blogs.diariosur.es\/tormentas-y-rayos\/wp-json\/wp\/v2\/media?parent=42785"}],"wp:term":[{"taxonomy":"category","embeddable":true,"href":"https:\/\/blogs.diariosur.es\/tormentas-y-rayos\/wp-json\/wp\/v2\/categories?post=42785"},{"taxonomy":"post_tag","embeddable":true,"href":"https:\/\/blogs.diariosur.es\/tormentas-y-rayos\/wp-json\/wp\/v2\/tags?post=42785"}],"curies":[{"name":"wp","href":"https:\/\/api.w.org\/{rel}","templated":true}]}}