{"id":42789,"date":"2024-12-15T09:07:38","date_gmt":"2024-12-15T08:07:38","guid":{"rendered":"https:\/\/blogs.diariosur.es\/tormentas-y-rayos\/?p=42789"},"modified":"2025-11-08T09:35:09","modified_gmt":"2025-11-08T08:35:09","slug":"la-magia-de-la-maroma-nevada-en-la-axarquia-malaguena","status":"publish","type":"post","link":"https:\/\/blogs.diariosur.es\/tormentas-y-rayos\/2024\/12\/15\/la-magia-de-la-maroma-nevada-en-la-axarquia-malaguena\/","title":{"rendered":"La magia de la Maroma nevada en la Axarqu\u00eda malague\u00f1a."},"content":{"rendered":"<p><a href=\"https:\/\/static-blogs.diariosur.es\/wp-content\/uploads\/sites\/12\/2024\/11\/130738248_10221381944997043_6257362087676436516_n.jpg\"><img loading=\"lazy\" class=\"aligncenter size-thumbnail wp-image-42618\" src=\"https:\/\/static-blogs.diariosur.es\/wp-content\/uploads\/sites\/12\/2024\/11\/130738248_10221381944997043_6257362087676436516_n-150x150.jpg\" alt=\"\" width=\"150\" height=\"150\" srcset=\"https:\/\/static-blogs.diariosur.es\/wp-content\/uploads\/sites\/12\/2024\/11\/130738248_10221381944997043_6257362087676436516_n-150x150.jpg 150w, https:\/\/static-blogs.diariosur.es\/wp-content\/uploads\/sites\/12\/2024\/11\/130738248_10221381944997043_6257362087676436516_n-400x400.jpg 400w, https:\/\/static-blogs.diariosur.es\/wp-content\/uploads\/sites\/12\/2024\/11\/130738248_10221381944997043_6257362087676436516_n.jpg 768w\" sizes=\"(max-width: 150px) 100vw, 150px\" \/><\/a><\/p>\n<p data-pm-slice=\"1 1 []\">Buenos d\u00edas, amigos de la meteo. La temperatura m\u00ednima hoy domingo en la capital malague\u00f1a se ha registrado en el aeropuerto con 7 \u00b0C; los cielos est\u00e1n algo nubosos y la humedad ronda el 85%. El viento de momento sopla flojo de direcci\u00f3n variable; por la tarde noche se espera moderado de levante; ma\u00f1ana lunes tendremos rachas fuertes.<\/p>\n<p>Mis amigos Antonio Jes\u00fas Galiano, Ismael Guzm\u00e1n y Antonio Ch\u00e1vez estuvieron ayer s\u00e1bado muy temprano en La Maroma, que, como todos sab\u00e9is, es el pico m\u00e1s alto de la provincia con 2069 metros. Antes de que ve\u00e1is las fotos y videos, os comento que mis amigos son expertos monta\u00f1eros y conocen muy bien esta zona y la de la Sierra de las Nieves. Si me pongo en forma, la pr\u00f3xima vez me apunto.<\/p>\n<p>Vamos primero con estos videos y luego las fotos.<\/p>\n<p>&nbsp;<\/p>\n<p>&amp;<iframe loading=\"lazy\" title=\"YouTube video player\" src=\"https:\/\/www.youtube.com\/embed\/MJ-oB1_RrmE?si=ks1iTwsx5L6G9leF\" width=\"560\" height=\"315\" frameborder=\"0\" allowfullscreen=\"allowfullscreen\"><\/iframe>;<\/p>\n<p>&nbsp;<\/p>\n<p><iframe loading=\"lazy\" title=\"YouTube video player\" src=\"https:\/\/www.youtube.com\/embed\/BTidNRIDCi4?si=xLpR8NkD6L4xjLbI\" width=\"560\" height=\"315\" frameborder=\"0\" allowfullscreen=\"allowfullscreen\"><\/iframe><\/p>\n<p><iframe loading=\"lazy\" title=\"YouTube video player\" src=\"https:\/\/www.youtube.com\/embed\/BO_yygrZKIg?si=0XmzNnbKyfkLhFYK\" width=\"560\" height=\"315\" frameborder=\"0\" allowfullscreen=\"allowfullscreen\"><\/iframe><\/p>\n<p>&nbsp;<\/p>\n<p><a href=\"https:\/\/static-blogs.diariosur.es\/wp-content\/uploads\/sites\/12\/2024\/12\/470189534_10231227019797760_8074496406307097878_n-e1734246571395.jpg\"><img loading=\"lazy\" class=\"aligncenter size-full wp-image-42791\" src=\"https:\/\/static-blogs.diariosur.es\/wp-content\/uploads\/sites\/12\/2024\/12\/470189534_10231227019797760_8074496406307097878_n-e1734246571395.jpg\" alt=\"\" width=\"1000\" height=\"750\" \/><\/a><\/p>\n<p>&nbsp;<\/p>\n<p><a href=\"https:\/\/static-blogs.diariosur.es\/wp-content\/uploads\/sites\/12\/2024\/12\/470189568_10231227020437776_9085296044143492069_n-e1734246614211.jpg\"><img loading=\"lazy\" class=\"aligncenter size-full wp-image-42792\" src=\"https:\/\/static-blogs.diariosur.es\/wp-content\/uploads\/sites\/12\/2024\/12\/470189568_10231227020437776_9085296044143492069_n-e1734246614211.jpg\" alt=\"\" width=\"800\" height=\"1067\" \/><\/a><\/p>\n<p>&nbsp;<\/p>\n<p><a href=\"https:\/\/static-blogs.diariosur.es\/wp-content\/uploads\/sites\/12\/2024\/12\/470212688_10231227020157769_2460936368975199468_n-e1734246645516.jpg\"><img loading=\"lazy\" class=\"aligncenter size-full wp-image-42793\" src=\"https:\/\/static-blogs.diariosur.es\/wp-content\/uploads\/sites\/12\/2024\/12\/470212688_10231227020157769_2460936368975199468_n-e1734246645516.jpg\" alt=\"\" width=\"1000\" height=\"750\" \/><\/a><\/p>\n<p><a href=\"https:\/\/static-blogs.diariosur.es\/wp-content\/uploads\/sites\/12\/2024\/12\/Captura-de-pantalla-2024-12-15-080626-e1734249522605.jpg\"><img loading=\"lazy\" class=\"aligncenter size-full wp-image-42795\" src=\"https:\/\/static-blogs.diariosur.es\/wp-content\/uploads\/sites\/12\/2024\/12\/Captura-de-pantalla-2024-12-15-080626-e1734249522605.jpg\" alt=\"\" width=\"900\" height=\"676\" \/><\/a><\/p>\n<p>&nbsp;<\/p>\n<p><a href=\"https:\/\/static-blogs.diariosur.es\/wp-content\/uploads\/sites\/12\/2024\/12\/Captura-de-pantalla-2024-12-15-080651-e1734249562473.jpg\"><img loading=\"lazy\" class=\"aligncenter size-full wp-image-42796\" src=\"https:\/\/static-blogs.diariosur.es\/wp-content\/uploads\/sites\/12\/2024\/12\/Captura-de-pantalla-2024-12-15-080651-e1734249562473.jpg\" alt=\"\" width=\"1000\" height=\"749\" \/><\/a><\/p>\n<p>&nbsp;<\/p>\n<p><a href=\"https:\/\/static-blogs.diariosur.es\/wp-content\/uploads\/sites\/12\/2024\/12\/Captura-de-pantalla-2024-12-15-080735-e1734249599483.jpg\"><img loading=\"lazy\" class=\"aligncenter size-full wp-image-42797\" src=\"https:\/\/static-blogs.diariosur.es\/wp-content\/uploads\/sites\/12\/2024\/12\/Captura-de-pantalla-2024-12-15-080735-e1734249599483.jpg\" alt=\"\" width=\"1000\" height=\"756\" \/><\/a><\/p>\n<p>&nbsp;<\/p>\n<p><a href=\"https:\/\/static-blogs.diariosur.es\/wp-content\/uploads\/sites\/12\/2024\/12\/Captura-de-pantalla-2024-12-15-080758-e1734249639396.jpg\"><img loading=\"lazy\" class=\"aligncenter size-full wp-image-42798\" src=\"https:\/\/static-blogs.diariosur.es\/wp-content\/uploads\/sites\/12\/2024\/12\/Captura-de-pantalla-2024-12-15-080758-e1734249639396.jpg\" alt=\"\" width=\"1000\" height=\"739\" \/><\/a><\/p>\n<p>&nbsp;<\/p>\n<p><a href=\"https:\/\/static-blogs.diariosur.es\/wp-content\/uploads\/sites\/12\/2024\/12\/Captura-de-pantalla-2024-12-15-080832.jpg\"><img loading=\"lazy\" class=\"aligncenter size-full wp-image-42799\" src=\"https:\/\/static-blogs.diariosur.es\/wp-content\/uploads\/sites\/12\/2024\/12\/Captura-de-pantalla-2024-12-15-080832-e1734249905425.jpg\" alt=\"\" width=\"1000\" height=\"744\" \/><\/a><\/p>\n","protected":false},"excerpt":{"rendered":"<p>Buenos d\u00edas, amigos de la meteo. La temperatura m\u00ednima hoy domingo en la capital malague\u00f1a se ha registrado en el aeropuerto con 7 \u00b0C; los cielos est\u00e1n algo nubosos y la humedad ronda el 85%. El viento de momento sopla flojo de direcci\u00f3n variable; por la tarde noche se espera moderado de levante; ma\u00f1ana lunes [&hellip;]<\/p>\n","protected":false},"author":16,"featured_media":42791,"comment_status":"open","ping_status":"open","sticky":false,"template":"","format":"standard","meta":[],"categories":[2],"tags":[1874,155,332,587,1532],"_links":{"self":[{"href":"https:\/\/blogs.diariosur.es\/tormentas-y-rayos\/wp-json\/wp\/v2\/posts\/42789"}],"collection":[{"href":"https:\/\/blogs.diariosur.es\/tormentas-y-rayos\/wp-json\/wp\/v2\/posts"}],"about":[{"href":"https:\/\/blogs.diariosur.es\/tormentas-y-rayos\/wp-json\/wp\/v2\/types\/post"}],"author":[{"embeddable":true,"href":"https:\/\/blogs.diariosur.es\/tormentas-y-rayos\/wp-json\/wp\/v2\/users\/16"}],"replies":[{"embeddable":true,"href":"https:\/\/blogs.diariosur.es\/tormentas-y-rayos\/wp-json\/wp\/v2\/comments?post=42789"}],"version-history":[{"count":5,"href":"https:\/\/blogs.diariosur.es\/tormentas-y-rayos\/wp-json\/wp\/v2\/posts\/42789\/revisions"}],"predecessor-version":[{"id":47246,"href":"https:\/\/blogs.diariosur.es\/tormentas-y-rayos\/wp-json\/wp\/v2\/posts\/42789\/revisions\/47246"}],"wp:featuredmedia":[{"embeddable":true,"href":"https:\/\/blogs.diariosur.es\/tormentas-y-rayos\/wp-json\/wp\/v2\/media\/42791"}],"wp:attachment":[{"href":"https:\/\/blogs.diariosur.es\/tormentas-y-rayos\/wp-json\/wp\/v2\/media?parent=42789"}],"wp:term":[{"taxonomy":"category","embeddable":true,"href":"https:\/\/blogs.diariosur.es\/tormentas-y-rayos\/wp-json\/wp\/v2\/categories?post=42789"},{"taxonomy":"post_tag","embeddable":true,"href":"https:\/\/blogs.diariosur.es\/tormentas-y-rayos\/wp-json\/wp\/v2\/tags?post=42789"}],"curies":[{"name":"wp","href":"https:\/\/api.w.org\/{rel}","templated":true}]}}