{"id":42804,"date":"2024-12-18T07:52:00","date_gmt":"2024-12-18T06:52:00","guid":{"rendered":"https:\/\/blogs.diariosur.es\/tormentas-y-rayos\/?p=42804"},"modified":"2025-11-08T09:33:47","modified_gmt":"2025-11-08T08:33:47","slug":"manana-jueves-terral-y-8-gotas-en-interior-de-la-provincia-y-la-dana-del-sabado-en-malaga","status":"publish","type":"post","link":"https:\/\/blogs.diariosur.es\/tormentas-y-rayos\/2024\/12\/18\/manana-jueves-terral-y-8-gotas-en-interior-de-la-provincia-y-la-dana-del-sabado-en-malaga\/","title":{"rendered":"Ma\u00f1ana jueves, terral y 8 gotas en el interior de la provincia. \u00bfY la dana del s\u00e1bado en M\u00e1laga?"},"content":{"rendered":"<p><a href=\"https:\/\/static-blogs.diariosur.es\/wp-content\/uploads\/sites\/12\/2024\/11\/130738248_10221381944997043_6257362087676436516_n.jpg\"><img loading=\"lazy\" class=\"aligncenter size-thumbnail wp-image-42618\" src=\"https:\/\/static-blogs.diariosur.es\/wp-content\/uploads\/sites\/12\/2024\/11\/130738248_10221381944997043_6257362087676436516_n-150x150.jpg\" alt=\"\" width=\"150\" height=\"150\" srcset=\"https:\/\/static-blogs.diariosur.es\/wp-content\/uploads\/sites\/12\/2024\/11\/130738248_10221381944997043_6257362087676436516_n-150x150.jpg 150w, https:\/\/static-blogs.diariosur.es\/wp-content\/uploads\/sites\/12\/2024\/11\/130738248_10221381944997043_6257362087676436516_n-400x400.jpg 400w, https:\/\/static-blogs.diariosur.es\/wp-content\/uploads\/sites\/12\/2024\/11\/130738248_10221381944997043_6257362087676436516_n.jpg 768w\" sizes=\"(max-width: 150px) 100vw, 150px\" \/><\/a><\/p>\n<p data-pm-slice=\"1 1 []\">Buenos d\u00edas, amigos de la meteo. Por problemas con el ordenador de la casa, tengo que actualizar desde el m\u00f3vil. La verdad es que me cuesta mucho trabajo, as\u00ed que toca leer poco.<\/p>\n<p>Hoy mi\u00e9rcoles, las temperaturas m\u00e1ximas estar\u00e1n en la provincia malague\u00f1a por encima de la media; en zonas de las comarcas de Ronda y Antequera pueden sobrepasar los 20\u00b0C, una pasada para las fechas que estamos.<\/p>\n<p>Ma\u00f1ana jueves (mi cumple), un frente poco activo dejar\u00e1 por la tarde noche algunas gotas en el interior m\u00e1s occidental y\u00a0norte de la provincia. En el t\u00edtulo del post pongo 4 gotas; lo mismo son 8; en zonas de costa la probabilidad es m\u00e1s baja.<\/p>\n<p>Tambi\u00e9n tomar\u00e1 protagonismo el terral de invierno; en zonas de la provincia expuestas al viento malague\u00f1o, las temperaturas m\u00e1ximas rondar\u00e1n los 20 \u00b0C y 22 \u00b0C.<\/p>\n<p>En cuanto a la dana que se prev\u00e9 el s\u00e1bado por la zona del Golfo de C\u00e1diz, hay mucha incertidumbre con los probables chubascos. Algunos modelos s\u00ed dan precipitaciones y otros no; ma\u00f1ana por la tarde os dar\u00e9 la \u00faltima hora. Lo que s\u00ed os adelanto es que la dana estar\u00e1 pocas horas y tomar\u00e1 rumbo para las Canarias.<\/p>\n<p>&nbsp;<\/p>\n<p>&nbsp;<\/p>\n<p>&nbsp;<\/p>\n<p>&nbsp;<\/p>\n","protected":false},"excerpt":{"rendered":"<p>Buenos d\u00edas, amigos de la meteo. Por problemas con el ordenador de la casa, tengo que actualizar desde el m\u00f3vil. La verdad es que me cuesta mucho trabajo, as\u00ed que toca leer poco. Hoy mi\u00e9rcoles, las temperaturas m\u00e1ximas estar\u00e1n en la provincia malague\u00f1a por encima de la media; en zonas de las comarcas de Ronda [&hellip;]<\/p>\n","protected":false},"author":16,"featured_media":42115,"comment_status":"open","ping_status":"open","sticky":false,"template":"","format":"standard","meta":[],"categories":[2],"tags":[358,587,800,975],"_links":{"self":[{"href":"https:\/\/blogs.diariosur.es\/tormentas-y-rayos\/wp-json\/wp\/v2\/posts\/42804"}],"collection":[{"href":"https:\/\/blogs.diariosur.es\/tormentas-y-rayos\/wp-json\/wp\/v2\/posts"}],"about":[{"href":"https:\/\/blogs.diariosur.es\/tormentas-y-rayos\/wp-json\/wp\/v2\/types\/post"}],"author":[{"embeddable":true,"href":"https:\/\/blogs.diariosur.es\/tormentas-y-rayos\/wp-json\/wp\/v2\/users\/16"}],"replies":[{"embeddable":true,"href":"https:\/\/blogs.diariosur.es\/tormentas-y-rayos\/wp-json\/wp\/v2\/comments?post=42804"}],"version-history":[{"count":13,"href":"https:\/\/blogs.diariosur.es\/tormentas-y-rayos\/wp-json\/wp\/v2\/posts\/42804\/revisions"}],"predecessor-version":[{"id":47245,"href":"https:\/\/blogs.diariosur.es\/tormentas-y-rayos\/wp-json\/wp\/v2\/posts\/42804\/revisions\/47245"}],"wp:featuredmedia":[{"embeddable":true,"href":"https:\/\/blogs.diariosur.es\/tormentas-y-rayos\/wp-json\/wp\/v2\/media\/42115"}],"wp:attachment":[{"href":"https:\/\/blogs.diariosur.es\/tormentas-y-rayos\/wp-json\/wp\/v2\/media?parent=42804"}],"wp:term":[{"taxonomy":"category","embeddable":true,"href":"https:\/\/blogs.diariosur.es\/tormentas-y-rayos\/wp-json\/wp\/v2\/categories?post=42804"},{"taxonomy":"post_tag","embeddable":true,"href":"https:\/\/blogs.diariosur.es\/tormentas-y-rayos\/wp-json\/wp\/v2\/tags?post=42804"}],"curies":[{"name":"wp","href":"https:\/\/api.w.org\/{rel}","templated":true}]}}