{"id":42816,"date":"2024-12-19T16:50:44","date_gmt":"2024-12-19T15:50:44","guid":{"rendered":"https:\/\/blogs.diariosur.es\/tormentas-y-rayos\/?p=42816"},"modified":"2025-11-08T09:30:56","modified_gmt":"2025-11-08T08:30:56","slug":"sorpresas-lluve-sobre-que-hora-cambia-manana-el-poniente-y-el-terral-en-la-costa-de-malaga-bajan-las-temperaturas","status":"publish","type":"post","link":"https:\/\/blogs.diariosur.es\/tormentas-y-rayos\/2024\/12\/19\/sorpresas-lluve-sobre-que-hora-cambia-manana-el-poniente-y-el-terral-en-la-costa-de-malaga-bajan-las-temperaturas\/","title":{"rendered":"Sorpresas llueve \u00bfSobre que hora cambia ma\u00f1ana el poniente y el terral en la costa de M\u00e1laga? Bajan las temperaturas."},"content":{"rendered":"<p><a href=\"https:\/\/static-blogs.diariosur.es\/wp-content\/uploads\/sites\/12\/2024\/11\/130738248_10221381944997043_6257362087676436516_n.jpg\"><img loading=\"lazy\" class=\"aligncenter size-thumbnail wp-image-42618\" src=\"https:\/\/static-blogs.diariosur.es\/wp-content\/uploads\/sites\/12\/2024\/11\/130738248_10221381944997043_6257362087676436516_n-150x150.jpg\" alt=\"\" width=\"150\" height=\"150\" srcset=\"https:\/\/static-blogs.diariosur.es\/wp-content\/uploads\/sites\/12\/2024\/11\/130738248_10221381944997043_6257362087676436516_n-150x150.jpg 150w, https:\/\/static-blogs.diariosur.es\/wp-content\/uploads\/sites\/12\/2024\/11\/130738248_10221381944997043_6257362087676436516_n-400x400.jpg 400w, https:\/\/static-blogs.diariosur.es\/wp-content\/uploads\/sites\/12\/2024\/11\/130738248_10221381944997043_6257362087676436516_n.jpg 768w\" sizes=\"(max-width: 150px) 100vw, 150px\" \/><\/a><\/p>\n<p>&nbsp;<\/p>\n<p data-pm-slice=\"1 1 []\">Buenas tardes, amigos de la meteo. Hoy, d\u00eda de mi cumplea\u00f1os, la meteorolog\u00eda me ha dado algunas sorpresas: la primera, unas gotas que han ca\u00eddo por la ma\u00f1ana y, sobre todo, el polvo en suspensi\u00f3n que hemos tenido soplando terral. Reedito, otra sorpresa, llueve en M\u00e1laga capital a las 16:30.<\/p>\n<p>Os paso unas im\u00e1genes de hoy jueves y otra de hace unos d\u00edas soplando terral; si me entero del porqu\u00e9, os lo explico.<\/p>\n<p>Os paso las fotos.<\/p>\n<p>&nbsp;<\/p>\n<p>&nbsp;<\/p>\n<p><a href=\"https:\/\/static-blogs.diariosur.es\/wp-content\/uploads\/sites\/12\/2024\/12\/FB_IMG_1734618419374-e1734618649436.jpg\"><img loading=\"lazy\" class=\"aligncenter size-full wp-image-42818\" src=\"https:\/\/static-blogs.diariosur.es\/wp-content\/uploads\/sites\/12\/2024\/12\/FB_IMG_1734618419374-e1734618649436.jpg\" alt=\"\" width=\"1000\" height=\"498\" \/><\/a><\/p>\n<p>&nbsp;<\/p>\n<p><a href=\"https:\/\/static-blogs.diariosur.es\/wp-content\/uploads\/sites\/12\/2024\/12\/FB_IMG_1734618422122-e1734618782570.jpg\"><img loading=\"lazy\" class=\"aligncenter size-full wp-image-42824\" src=\"https:\/\/static-blogs.diariosur.es\/wp-content\/uploads\/sites\/12\/2024\/12\/FB_IMG_1734618422122-e1734618782570.jpg\" alt=\"\" width=\"1000\" height=\"564\" \/><\/a><\/p>\n<p>&nbsp;<\/p>\n<p>&nbsp;<\/p>\n<p>&nbsp;<\/p>\n<p>La temperatura en M\u00e1laga capital sobre las tres de la tarde era d <strong>22,7 \u00baC<\/strong>, en estos momentos, cuando son las cuatro y media de la tarde, esta entrando el frente debilitado que comente ayer, deja algunos chubascos por el interior y una nueva sorpresa, <strong>tambi\u00e9n M\u00e1laga capital.<\/strong><\/p>\n<p>Os paso una foto<\/p>\n<p>&nbsp;<\/p>\n<p><a href=\"https:\/\/static-blogs.diariosur.es\/wp-content\/uploads\/sites\/12\/2024\/12\/FB_IMG_1734623109031-e1734623268937.jpg\"><img loading=\"lazy\" class=\"aligncenter size-full wp-image-42830\" src=\"https:\/\/static-blogs.diariosur.es\/wp-content\/uploads\/sites\/12\/2024\/12\/FB_IMG_1734623109031-e1734623268937.jpg\" alt=\"\" width=\"1000\" height=\"750\" \/><\/a><\/p>\n<p>&nbsp;<\/p>\n<p>Ma\u00f1ana os podre los litros que han ca\u00eddo. En algunos puntos podemos tener arcoiris.<\/p>\n<h3><span style=\"color: #ff0000;\"><strong>\u00bfSobre que hora cambia ma\u00f1ana el poniente y el terral en la costa de M\u00e1laga?<\/strong><\/span><\/h3>\n<p data-pm-slice=\"1 1 []\">A partir de primeras horas de la tarde entrar\u00e1 el levante en la costa de M\u00e1laga, empezando por la zona m\u00e1s oriental. Al tener aire fr\u00edo en altura, hay probabilidad de algunos chubascos d\u00e9biles; ser\u00e1 una loter\u00eda saber d\u00f3nde pueden caer. Lo que s\u00ed es m\u00e1s probable es que bajen las temperaturas; al frente que no est\u00e1 cruzando le precede una masa de aire fr\u00eda de latitudes altas.<\/p>\n<p>Nos vemos ma\u00f1ana.<\/p>\n<p>&nbsp;<\/p>\n","protected":false},"excerpt":{"rendered":"<p>&nbsp; Buenas tardes, amigos de la meteo. Hoy, d\u00eda de mi cumplea\u00f1os, la meteorolog\u00eda me ha dado algunas sorpresas: la primera, unas gotas que han ca\u00eddo por la ma\u00f1ana y, sobre todo, el polvo en suspensi\u00f3n que hemos tenido soplando terral. Reedito, otra sorpresa, llueve en M\u00e1laga capital a las 16:30. Os paso unas im\u00e1genes [&hellip;]<\/p>\n","protected":false},"author":16,"featured_media":42830,"comment_status":"open","ping_status":"open","sticky":false,"template":"","format":"standard","meta":[],"categories":[2],"tags":[209,358,587,800,975],"_links":{"self":[{"href":"https:\/\/blogs.diariosur.es\/tormentas-y-rayos\/wp-json\/wp\/v2\/posts\/42816"}],"collection":[{"href":"https:\/\/blogs.diariosur.es\/tormentas-y-rayos\/wp-json\/wp\/v2\/posts"}],"about":[{"href":"https:\/\/blogs.diariosur.es\/tormentas-y-rayos\/wp-json\/wp\/v2\/types\/post"}],"author":[{"embeddable":true,"href":"https:\/\/blogs.diariosur.es\/tormentas-y-rayos\/wp-json\/wp\/v2\/users\/16"}],"replies":[{"embeddable":true,"href":"https:\/\/blogs.diariosur.es\/tormentas-y-rayos\/wp-json\/wp\/v2\/comments?post=42816"}],"version-history":[{"count":12,"href":"https:\/\/blogs.diariosur.es\/tormentas-y-rayos\/wp-json\/wp\/v2\/posts\/42816\/revisions"}],"predecessor-version":[{"id":47243,"href":"https:\/\/blogs.diariosur.es\/tormentas-y-rayos\/wp-json\/wp\/v2\/posts\/42816\/revisions\/47243"}],"wp:featuredmedia":[{"embeddable":true,"href":"https:\/\/blogs.diariosur.es\/tormentas-y-rayos\/wp-json\/wp\/v2\/media\/42830"}],"wp:attachment":[{"href":"https:\/\/blogs.diariosur.es\/tormentas-y-rayos\/wp-json\/wp\/v2\/media?parent=42816"}],"wp:term":[{"taxonomy":"category","embeddable":true,"href":"https:\/\/blogs.diariosur.es\/tormentas-y-rayos\/wp-json\/wp\/v2\/categories?post=42816"},{"taxonomy":"post_tag","embeddable":true,"href":"https:\/\/blogs.diariosur.es\/tormentas-y-rayos\/wp-json\/wp\/v2\/tags?post=42816"}],"curies":[{"name":"wp","href":"https:\/\/api.w.org\/{rel}","templated":true}]}}