{"id":42836,"date":"2024-12-22T08:08:45","date_gmt":"2024-12-22T07:08:45","guid":{"rendered":"https:\/\/blogs.diariosur.es\/tormentas-y-rayos\/?p=42836"},"modified":"2025-11-08T09:28:10","modified_gmt":"2025-11-08T08:28:10","slug":"hay-probabilidad-de-lluvias-para-finales-de-este-ano-en-la-provincia-de-malaga","status":"publish","type":"post","link":"https:\/\/blogs.diariosur.es\/tormentas-y-rayos\/2024\/12\/22\/hay-probabilidad-de-lluvias-para-finales-de-este-ano-en-la-provincia-de-malaga\/","title":{"rendered":"\u00bfHay probabilidad de lluvias para finales de este a\u00f1o en la provincia de M\u00e1laga?"},"content":{"rendered":"<p><a href=\"https:\/\/static-blogs.diariosur.es\/wp-content\/uploads\/sites\/12\/2024\/11\/130738248_10221381944997043_6257362087676436516_n.jpg\"><img loading=\"lazy\" class=\"aligncenter size-thumbnail wp-image-42618\" src=\"https:\/\/static-blogs.diariosur.es\/wp-content\/uploads\/sites\/12\/2024\/11\/130738248_10221381944997043_6257362087676436516_n-150x150.jpg\" alt=\"\" width=\"150\" height=\"150\" srcset=\"https:\/\/static-blogs.diariosur.es\/wp-content\/uploads\/sites\/12\/2024\/11\/130738248_10221381944997043_6257362087676436516_n-150x150.jpg 150w, https:\/\/static-blogs.diariosur.es\/wp-content\/uploads\/sites\/12\/2024\/11\/130738248_10221381944997043_6257362087676436516_n-400x400.jpg 400w, https:\/\/static-blogs.diariosur.es\/wp-content\/uploads\/sites\/12\/2024\/11\/130738248_10221381944997043_6257362087676436516_n.jpg 768w\" sizes=\"(max-width: 150px) 100vw, 150px\" \/><\/a><\/p>\n<p data-pm-slice=\"1 1 []\">Buenos d\u00edas, amigos de la meteo. Cuando son las ocho menos cuarto de la ma\u00f1ana en M\u00e1laga capital, la estaci\u00f3n de la AEMET del Centro Meteorol\u00f3gico de M\u00e1laga registra 7,4 \u00baC, los cielos est\u00e1n poco nubosos y el viento sopla flojo de direcci\u00f3n variable. La humedad en estos momentos es muy alta, ronda el 90%, pero durante la pasada madrugada ha llegado al 94% en el aeropuerto.<\/p>\n<p>En la provincia malague\u00f1a, destacar Archidona San Jos\u00e9 con -3 grados bajo cero, Antequera 1,1 \u00baC y Ronda con 3,5 \u00baC.<\/p>\n<p>Ayer s\u00e1bado, la temperatura m\u00e1xima en M\u00e1laga capital fue de 18,5 \u00baC y una m\u00ednima de 8,5 \u00baC.<\/p>\n<p>La temperatura m\u00e1xima prevista hoy por la Aemet en M\u00e1laga capital rondar\u00e1 entre los 18 y 20 \u00baC.<\/p>\n<h3><span style=\"color: #0000ff;\"><strong>\u00bfHay probabilidad de lluvias para finales de este a\u00f1o en la provincia de M\u00e1laga?<\/strong><\/span><\/h3>\n<p data-pm-slice=\"1 1 []\">Como estoy recibiendo muchos mensajes de vosotros, porque hab\u00e9is visto en las aplicaciones de los m\u00f3viles que dan lluvias para finales de a\u00f1o, os quiero comentar que a\u00fan es muy pronto para confirmarlo. Quedan muchos d\u00edas, amigos, y seguro que cuando mir\u00e9is hoy otra vez el m\u00f3vil la han quitado; lo mismo dentro de 48 horas la vuelven a poner. El anticicl\u00f3n que tenemos est\u00e1 muy potente y lo \u00fanico que podr\u00eda afectarnos ser\u00eda alguna vaguada retr\u00f3grada, para posteriormente una DANA.<\/p>\n<p>As\u00ed que toca esperar, si se van confirmando esas precipitaciones, os lo informare en el blog. Que teng\u00e1is mucha suerte en la loter\u00eda.<\/p>\n","protected":false},"excerpt":{"rendered":"<p>Buenos d\u00edas, amigos de la meteo. Cuando son las ocho menos cuarto de la ma\u00f1ana en M\u00e1laga capital, la estaci\u00f3n de la AEMET del Centro Meteorol\u00f3gico de M\u00e1laga registra 7,4 \u00baC, los cielos est\u00e1n poco nubosos y el viento sopla flojo de direcci\u00f3n variable. La humedad en estos momentos es muy alta, ronda el 90%, [&hellip;]<\/p>\n","protected":false},"author":16,"featured_media":41932,"comment_status":"open","ping_status":"open","sticky":false,"template":"","format":"standard","meta":[],"categories":[2],"tags":[109,307,358,569,1296,587,725,1429],"_links":{"self":[{"href":"https:\/\/blogs.diariosur.es\/tormentas-y-rayos\/wp-json\/wp\/v2\/posts\/42836"}],"collection":[{"href":"https:\/\/blogs.diariosur.es\/tormentas-y-rayos\/wp-json\/wp\/v2\/posts"}],"about":[{"href":"https:\/\/blogs.diariosur.es\/tormentas-y-rayos\/wp-json\/wp\/v2\/types\/post"}],"author":[{"embeddable":true,"href":"https:\/\/blogs.diariosur.es\/tormentas-y-rayos\/wp-json\/wp\/v2\/users\/16"}],"replies":[{"embeddable":true,"href":"https:\/\/blogs.diariosur.es\/tormentas-y-rayos\/wp-json\/wp\/v2\/comments?post=42836"}],"version-history":[{"count":3,"href":"https:\/\/blogs.diariosur.es\/tormentas-y-rayos\/wp-json\/wp\/v2\/posts\/42836\/revisions"}],"predecessor-version":[{"id":47241,"href":"https:\/\/blogs.diariosur.es\/tormentas-y-rayos\/wp-json\/wp\/v2\/posts\/42836\/revisions\/47241"}],"wp:featuredmedia":[{"embeddable":true,"href":"https:\/\/blogs.diariosur.es\/tormentas-y-rayos\/wp-json\/wp\/v2\/media\/41932"}],"wp:attachment":[{"href":"https:\/\/blogs.diariosur.es\/tormentas-y-rayos\/wp-json\/wp\/v2\/media?parent=42836"}],"wp:term":[{"taxonomy":"category","embeddable":true,"href":"https:\/\/blogs.diariosur.es\/tormentas-y-rayos\/wp-json\/wp\/v2\/categories?post=42836"},{"taxonomy":"post_tag","embeddable":true,"href":"https:\/\/blogs.diariosur.es\/tormentas-y-rayos\/wp-json\/wp\/v2\/tags?post=42836"}],"curies":[{"name":"wp","href":"https:\/\/api.w.org\/{rel}","templated":true}]}}