{"id":42838,"date":"2024-12-23T07:44:42","date_gmt":"2024-12-23T06:44:42","guid":{"rendered":"https:\/\/blogs.diariosur.es\/tormentas-y-rayos\/?p=42838"},"modified":"2025-11-08T09:24:40","modified_gmt":"2025-11-08T08:24:40","slug":"esta-pasada-madrugada-ha-entrado-terral-en-malaga-sabeis-que-temperatura-ha-registrado-el-aeropuerto","status":"publish","type":"post","link":"https:\/\/blogs.diariosur.es\/tormentas-y-rayos\/2024\/12\/23\/esta-pasada-madrugada-ha-entrado-terral-en-malaga-sabeis-que-temperatura-ha-registrado-el-aeropuerto\/","title":{"rendered":"Esta pasada madrugada ha entrado terral en M\u00e1laga. \u00bfSab\u00e9is qu\u00e9 temperatura ha registrado el aeropuerto?"},"content":{"rendered":"<p><a href=\"https:\/\/static-blogs.diariosur.es\/wp-content\/uploads\/sites\/12\/2024\/11\/130738248_10221381944997043_6257362087676436516_n.jpg\"><img loading=\"lazy\" class=\"aligncenter size-thumbnail wp-image-42618\" src=\"https:\/\/static-blogs.diariosur.es\/wp-content\/uploads\/sites\/12\/2024\/11\/130738248_10221381944997043_6257362087676436516_n-150x150.jpg\" alt=\"\" width=\"150\" height=\"150\" srcset=\"https:\/\/static-blogs.diariosur.es\/wp-content\/uploads\/sites\/12\/2024\/11\/130738248_10221381944997043_6257362087676436516_n-150x150.jpg 150w, https:\/\/static-blogs.diariosur.es\/wp-content\/uploads\/sites\/12\/2024\/11\/130738248_10221381944997043_6257362087676436516_n-400x400.jpg 400w, https:\/\/static-blogs.diariosur.es\/wp-content\/uploads\/sites\/12\/2024\/11\/130738248_10221381944997043_6257362087676436516_n.jpg 768w\" sizes=\"(max-width: 150px) 100vw, 150px\" \/><\/a><\/p>\n<p data-pm-slice=\"1 1 []\">Muy buenos d\u00edas, amigos de la meteo. Por problemas con el blog, no puedo subir fotos.<\/p>\n<p>Antes de comentaros la temperatura que hemos registrado esta pasada madrugada, os doy la \u00faltima hora del probable cambio de tiempo que algunos modelos daban para final de a\u00f1o. Como os comentaba ayer, no hay que mirar a tantos d\u00edas las aplicaciones de los m\u00f3viles; a d\u00eda de hoy baja mucho la probabilidad.<\/p>\n<h3><span style=\"color: #ff0000;\"><strong>\u00bfSab\u00e9is qu\u00e9 m\u00e1xima ha dado el aeropuerto?<\/strong><\/span><\/h3>\n<p>Esta pasada madrugada, a las tres de la ma\u00f1ana, la estaci\u00f3n de la Aemet del Aeropuerto ha registrado una temperatura de 16,2 \u00baC; el terral de invierno ha sido protagonista. Esta subida de temperatura ha hecho que la humedad bajara al 40%.\u00a0 No puedo poner gr\u00e1ficos por fallarme el blog; en Facebook y X, pod\u00e9is verlos.<\/p>\n<p>&nbsp;<\/p>\n<p>&nbsp;<\/p>\n<p>&nbsp;<\/p>\n","protected":false},"excerpt":{"rendered":"<p>Muy buenos d\u00edas, amigos de la meteo. Por problemas con el blog, no puedo subir fotos. Antes de comentaros la temperatura que hemos registrado esta pasada madrugada, os doy la \u00faltima hora del probable cambio de tiempo que algunos modelos daban para final de a\u00f1o. Como os comentaba ayer, no hay que mirar a tantos [&hellip;]<\/p>\n","protected":false},"author":16,"featured_media":40774,"comment_status":"open","ping_status":"open","sticky":false,"template":"","format":"standard","meta":[],"categories":[2],"tags":[],"_links":{"self":[{"href":"https:\/\/blogs.diariosur.es\/tormentas-y-rayos\/wp-json\/wp\/v2\/posts\/42838"}],"collection":[{"href":"https:\/\/blogs.diariosur.es\/tormentas-y-rayos\/wp-json\/wp\/v2\/posts"}],"about":[{"href":"https:\/\/blogs.diariosur.es\/tormentas-y-rayos\/wp-json\/wp\/v2\/types\/post"}],"author":[{"embeddable":true,"href":"https:\/\/blogs.diariosur.es\/tormentas-y-rayos\/wp-json\/wp\/v2\/users\/16"}],"replies":[{"embeddable":true,"href":"https:\/\/blogs.diariosur.es\/tormentas-y-rayos\/wp-json\/wp\/v2\/comments?post=42838"}],"version-history":[{"count":7,"href":"https:\/\/blogs.diariosur.es\/tormentas-y-rayos\/wp-json\/wp\/v2\/posts\/42838\/revisions"}],"predecessor-version":[{"id":47239,"href":"https:\/\/blogs.diariosur.es\/tormentas-y-rayos\/wp-json\/wp\/v2\/posts\/42838\/revisions\/47239"}],"wp:featuredmedia":[{"embeddable":true,"href":"https:\/\/blogs.diariosur.es\/tormentas-y-rayos\/wp-json\/wp\/v2\/media\/40774"}],"wp:attachment":[{"href":"https:\/\/blogs.diariosur.es\/tormentas-y-rayos\/wp-json\/wp\/v2\/media?parent=42838"}],"wp:term":[{"taxonomy":"category","embeddable":true,"href":"https:\/\/blogs.diariosur.es\/tormentas-y-rayos\/wp-json\/wp\/v2\/categories?post=42838"},{"taxonomy":"post_tag","embeddable":true,"href":"https:\/\/blogs.diariosur.es\/tormentas-y-rayos\/wp-json\/wp\/v2\/tags?post=42838"}],"curies":[{"name":"wp","href":"https:\/\/api.w.org\/{rel}","templated":true}]}}