{"id":42852,"date":"2024-12-27T09:18:51","date_gmt":"2024-12-27T08:18:51","guid":{"rendered":"https:\/\/blogs.diariosur.es\/tormentas-y-rayos\/?p=42852"},"modified":"2025-11-08T09:22:22","modified_gmt":"2025-11-08T08:22:22","slug":"madrugada-calentita-en-que-zonas-de-la-provincia-de-malaga-se-esperan-manana-alguno-chubascos-debiles-y-ocasionales","status":"publish","type":"post","link":"https:\/\/blogs.diariosur.es\/tormentas-y-rayos\/2024\/12\/27\/madrugada-calentita-en-que-zonas-de-la-provincia-de-malaga-se-esperan-manana-alguno-chubascos-debiles-y-ocasionales\/","title":{"rendered":"Madrugada calentita \u00bfEn que zonas de la provincia de M\u00e1laga se esperan ma\u00f1ana alguno chubascos d\u00e9biles y ocasionales?"},"content":{"rendered":"<p><a href=\"https:\/\/static-blogs.diariosur.es\/wp-content\/uploads\/sites\/12\/2024\/11\/130738248_10221381944997043_6257362087676436516_n.jpg\"><img loading=\"lazy\" class=\"aligncenter size-thumbnail wp-image-42618\" src=\"https:\/\/static-blogs.diariosur.es\/wp-content\/uploads\/sites\/12\/2024\/11\/130738248_10221381944997043_6257362087676436516_n-150x150.jpg\" alt=\"\" width=\"150\" height=\"150\" srcset=\"https:\/\/static-blogs.diariosur.es\/wp-content\/uploads\/sites\/12\/2024\/11\/130738248_10221381944997043_6257362087676436516_n-150x150.jpg 150w, https:\/\/static-blogs.diariosur.es\/wp-content\/uploads\/sites\/12\/2024\/11\/130738248_10221381944997043_6257362087676436516_n-400x400.jpg 400w, https:\/\/static-blogs.diariosur.es\/wp-content\/uploads\/sites\/12\/2024\/11\/130738248_10221381944997043_6257362087676436516_n.jpg 768w\" sizes=\"(max-width: 150px) 100vw, 150px\" \/><\/a><\/p>\n<p data-pm-slice=\"1 1 []\">Buenos d\u00edas, amigos de la meteo. Madrugada calentita hoy viernes 27 de diciembre en M\u00e1laga capital y otras zonas de la provincia; en la estaci\u00f3n de la Aemet del aeropuerto malague\u00f1o no han bajado de 14,6 \u00baC; os paso el gr\u00e1fico de temperatura.<\/p>\n<p>&nbsp;<\/p>\n<p><a href=\"https:\/\/static-blogs.diariosur.es\/wp-content\/uploads\/sites\/12\/2024\/12\/Captura-de-pantalla-2024-12-27-071903-e1735280441392.jpg\"><img loading=\"lazy\" class=\"aligncenter size-full wp-image-42853\" src=\"https:\/\/static-blogs.diariosur.es\/wp-content\/uploads\/sites\/12\/2024\/12\/Captura-de-pantalla-2024-12-27-071903-e1735280441392.jpg\" alt=\"\" width=\"900\" height=\"406\" \/><\/a><\/p>\n<p>El levante y la mar de fondo seguir\u00e1n de protagonista en la costa malague\u00f1a, las rachas m\u00e1s fuertes de viento se esperan en el Estrecho y provincia de C\u00e1diz.<\/p>\n<h3><span style=\"color: #0000ff;\"><strong>\u00bfEn que zonas de la provincia de M\u00e1laga se esperan ma\u00f1ana alguno chubascos d\u00e9biles y ocasionales?<\/strong><\/span><\/h3>\n<p data-pm-slice=\"1 1 []\">Ma\u00f1ana s\u00e1bado, el viento de levante soplar\u00e1 moderado en la costa malague\u00f1a; las rachas m\u00e1s fuertes se esperan de <strong>madrugada<\/strong>. Debido a las nubes de retenci\u00f3n y al aire fr\u00edo en altura, hay probabilidad de precipitaciones d\u00e9biles y ocasionales en el litoral m\u00e1s occidental y zonas de monta\u00f1a cercanas al mar durante las primeras horas de la ma\u00f1ana. En muchos portales no caer\u00e1 nada.<\/p>\n<p>He estado viendo la salida del sol; ha estado muy bonito. Os pongo un video y una foto.<\/p>\n<p>&nbsp;<\/p>\n<p><iframe loading=\"lazy\" title=\"YouTube video player\" src=\"https:\/\/www.youtube.com\/embed\/OasNgVadDpM?si=56j2nvflRCkTFMD6\" width=\"560\" height=\"315\" frameborder=\"0\" allowfullscreen=\"allowfullscreen\"><\/iframe><\/p>\n<p>&nbsp;<\/p>\n<p><a href=\"https:\/\/static-blogs.diariosur.es\/wp-content\/uploads\/sites\/12\/2024\/12\/471619214_10231299585051846_8110328317049618068_n-e1735287353401.jpg\"><img loading=\"lazy\" class=\"aligncenter size-full wp-image-42855\" src=\"https:\/\/static-blogs.diariosur.es\/wp-content\/uploads\/sites\/12\/2024\/12\/471619214_10231299585051846_8110328317049618068_n-e1735287353401.jpg\" alt=\"\" width=\"800\" height=\"600\" \/><\/a><\/p>\n","protected":false},"excerpt":{"rendered":"<p>Buenos d\u00edas, amigos de la meteo. Madrugada calentita hoy viernes 27 de diciembre en M\u00e1laga capital y otras zonas de la provincia; en la estaci\u00f3n de la Aemet del aeropuerto malague\u00f1o no han bajado de 14,6 \u00baC; os paso el gr\u00e1fico de temperatura. &nbsp; El levante y la mar de fondo seguir\u00e1n de protagonista en [&hellip;]<\/p>\n","protected":false},"author":16,"featured_media":42855,"comment_status":"open","ping_status":"open","sticky":false,"template":"","format":"standard","meta":[],"categories":[2],"tags":[94,151,358,553,587,800],"_links":{"self":[{"href":"https:\/\/blogs.diariosur.es\/tormentas-y-rayos\/wp-json\/wp\/v2\/posts\/42852"}],"collection":[{"href":"https:\/\/blogs.diariosur.es\/tormentas-y-rayos\/wp-json\/wp\/v2\/posts"}],"about":[{"href":"https:\/\/blogs.diariosur.es\/tormentas-y-rayos\/wp-json\/wp\/v2\/types\/post"}],"author":[{"embeddable":true,"href":"https:\/\/blogs.diariosur.es\/tormentas-y-rayos\/wp-json\/wp\/v2\/users\/16"}],"replies":[{"embeddable":true,"href":"https:\/\/blogs.diariosur.es\/tormentas-y-rayos\/wp-json\/wp\/v2\/comments?post=42852"}],"version-history":[{"count":4,"href":"https:\/\/blogs.diariosur.es\/tormentas-y-rayos\/wp-json\/wp\/v2\/posts\/42852\/revisions"}],"predecessor-version":[{"id":47237,"href":"https:\/\/blogs.diariosur.es\/tormentas-y-rayos\/wp-json\/wp\/v2\/posts\/42852\/revisions\/47237"}],"wp:featuredmedia":[{"embeddable":true,"href":"https:\/\/blogs.diariosur.es\/tormentas-y-rayos\/wp-json\/wp\/v2\/media\/42855"}],"wp:attachment":[{"href":"https:\/\/blogs.diariosur.es\/tormentas-y-rayos\/wp-json\/wp\/v2\/media?parent=42852"}],"wp:term":[{"taxonomy":"category","embeddable":true,"href":"https:\/\/blogs.diariosur.es\/tormentas-y-rayos\/wp-json\/wp\/v2\/categories?post=42852"},{"taxonomy":"post_tag","embeddable":true,"href":"https:\/\/blogs.diariosur.es\/tormentas-y-rayos\/wp-json\/wp\/v2\/tags?post=42852"}],"curies":[{"name":"wp","href":"https:\/\/api.w.org\/{rel}","templated":true}]}}