{"id":42857,"date":"2024-12-28T06:54:36","date_gmt":"2024-12-28T05:54:36","guid":{"rendered":"https:\/\/blogs.diariosur.es\/tormentas-y-rayos\/?p=42857"},"modified":"2025-11-08T09:19:21","modified_gmt":"2025-11-08T08:19:21","slug":"el-tiempo-en-malaga-os-doy-una-mala-noticia-para-los-reyes-magos","status":"publish","type":"post","link":"https:\/\/blogs.diariosur.es\/tormentas-y-rayos\/2024\/12\/28\/el-tiempo-en-malaga-os-doy-una-mala-noticia-para-los-reyes-magos\/","title":{"rendered":"El tiempo en M\u00e1laga. Os doy una mala noticia para los Reyes Magos."},"content":{"rendered":"<p><a href=\"https:\/\/static-blogs.diariosur.es\/wp-content\/uploads\/sites\/12\/2024\/11\/130738248_10221381944997043_6257362087676436516_n.jpg\"><img loading=\"lazy\" class=\"aligncenter size-thumbnail wp-image-42618\" src=\"https:\/\/static-blogs.diariosur.es\/wp-content\/uploads\/sites\/12\/2024\/11\/130738248_10221381944997043_6257362087676436516_n-150x150.jpg\" alt=\"\" width=\"150\" height=\"150\" srcset=\"https:\/\/static-blogs.diariosur.es\/wp-content\/uploads\/sites\/12\/2024\/11\/130738248_10221381944997043_6257362087676436516_n-150x150.jpg 150w, https:\/\/static-blogs.diariosur.es\/wp-content\/uploads\/sites\/12\/2024\/11\/130738248_10221381944997043_6257362087676436516_n-400x400.jpg 400w, https:\/\/static-blogs.diariosur.es\/wp-content\/uploads\/sites\/12\/2024\/11\/130738248_10221381944997043_6257362087676436516_n.jpg 768w\" sizes=\"(max-width: 150px) 100vw, 150px\" \/><\/a><\/p>\n<p data-pm-slice=\"1 1 []\">Buenos d\u00edas, amigos de la meteo. A partir del d\u00eda 5 de enero, se espera una masa de aire muy c\u00e1lida de origen africano; es probable que se alcancen temperaturas de m\u00e1s de <strong>35.\u00b0C<\/strong>. Adem\u00e1s, por el trote de los camellos, tambi\u00e9n tendremos mucho polvo en suspensi\u00f3n. Os recomiendo que dej\u00e9is, adem\u00e1s de agua y comida para los Reyes y camellos, tambi\u00e9n dejar puesto un ventilador o el aire acondicionado. A poder ser, el agua con un cubito de hielo.<\/p>\n<p>Foto de portada Diario Sur.<\/p>\n","protected":false},"excerpt":{"rendered":"<p>Buenos d\u00edas, amigos de la meteo. A partir del d\u00eda 5 de enero, se espera una masa de aire muy c\u00e1lida de origen africano; es probable que se alcancen temperaturas de m\u00e1s de 35.\u00b0C. Adem\u00e1s, por el trote de los camellos, tambi\u00e9n tendremos mucho polvo en suspensi\u00f3n. Os recomiendo que dej\u00e9is, adem\u00e1s de agua y [&hellip;]<\/p>\n","protected":false},"author":16,"featured_media":42864,"comment_status":"open","ping_status":"open","sticky":false,"template":"","format":"standard","meta":[],"categories":[2],"tags":[212,307,432,586,860],"_links":{"self":[{"href":"https:\/\/blogs.diariosur.es\/tormentas-y-rayos\/wp-json\/wp\/v2\/posts\/42857"}],"collection":[{"href":"https:\/\/blogs.diariosur.es\/tormentas-y-rayos\/wp-json\/wp\/v2\/posts"}],"about":[{"href":"https:\/\/blogs.diariosur.es\/tormentas-y-rayos\/wp-json\/wp\/v2\/types\/post"}],"author":[{"embeddable":true,"href":"https:\/\/blogs.diariosur.es\/tormentas-y-rayos\/wp-json\/wp\/v2\/users\/16"}],"replies":[{"embeddable":true,"href":"https:\/\/blogs.diariosur.es\/tormentas-y-rayos\/wp-json\/wp\/v2\/comments?post=42857"}],"version-history":[{"count":8,"href":"https:\/\/blogs.diariosur.es\/tormentas-y-rayos\/wp-json\/wp\/v2\/posts\/42857\/revisions"}],"predecessor-version":[{"id":47235,"href":"https:\/\/blogs.diariosur.es\/tormentas-y-rayos\/wp-json\/wp\/v2\/posts\/42857\/revisions\/47235"}],"wp:featuredmedia":[{"embeddable":true,"href":"https:\/\/blogs.diariosur.es\/tormentas-y-rayos\/wp-json\/wp\/v2\/media\/42864"}],"wp:attachment":[{"href":"https:\/\/blogs.diariosur.es\/tormentas-y-rayos\/wp-json\/wp\/v2\/media?parent=42857"}],"wp:term":[{"taxonomy":"category","embeddable":true,"href":"https:\/\/blogs.diariosur.es\/tormentas-y-rayos\/wp-json\/wp\/v2\/categories?post=42857"},{"taxonomy":"post_tag","embeddable":true,"href":"https:\/\/blogs.diariosur.es\/tormentas-y-rayos\/wp-json\/wp\/v2\/tags?post=42857"}],"curies":[{"name":"wp","href":"https:\/\/api.w.org\/{rel}","templated":true}]}}