{"id":42867,"date":"2024-12-29T08:30:40","date_gmt":"2024-12-29T07:30:40","guid":{"rendered":"https:\/\/blogs.diariosur.es\/tormentas-y-rayos\/?p=42867"},"modified":"2025-11-08T08:52:33","modified_gmt":"2025-11-08T07:52:33","slug":"que-tiempo-hara-en-noche-vieja-y-ano-nuevo-en-la-provincia-de-malaga-con-la-dana","status":"publish","type":"post","link":"https:\/\/blogs.diariosur.es\/tormentas-y-rayos\/2024\/12\/29\/que-tiempo-hara-en-noche-vieja-y-ano-nuevo-en-la-provincia-de-malaga-con-la-dana\/","title":{"rendered":"\u00bfQu\u00e9 tiempo har\u00e1 en Noche Vieja y A\u00f1o Nuevo en la provincia de M\u00e1laga con la dana?"},"content":{"rendered":"<p><a href=\"https:\/\/static-blogs.diariosur.es\/wp-content\/uploads\/sites\/12\/2024\/11\/130738248_10221381944997043_6257362087676436516_n.jpg\"><img loading=\"lazy\" class=\"aligncenter size-thumbnail wp-image-42618\" src=\"https:\/\/static-blogs.diariosur.es\/wp-content\/uploads\/sites\/12\/2024\/11\/130738248_10221381944997043_6257362087676436516_n-150x150.jpg\" alt=\"\" width=\"150\" height=\"150\" srcset=\"https:\/\/static-blogs.diariosur.es\/wp-content\/uploads\/sites\/12\/2024\/11\/130738248_10221381944997043_6257362087676436516_n-150x150.jpg 150w, https:\/\/static-blogs.diariosur.es\/wp-content\/uploads\/sites\/12\/2024\/11\/130738248_10221381944997043_6257362087676436516_n-400x400.jpg 400w, https:\/\/static-blogs.diariosur.es\/wp-content\/uploads\/sites\/12\/2024\/11\/130738248_10221381944997043_6257362087676436516_n.jpg 768w\" sizes=\"(max-width: 150px) 100vw, 150px\" \/><\/a><\/p>\n<p>&nbsp;<\/p>\n<p data-pm-slice=\"1 1 []\">Buenos d\u00edas, amigos de la meteo. Cuando son las ocho menos cuarto de la ma\u00f1ana en M\u00e1laga capital, la estaci\u00f3n de la Aemet del Aeropuerto registra 8,4 \u00baC, los cielos est\u00e1n poco nubosos y se registran algunos bancos de niebla por el interior de la provincia. La temperatura m\u00e1xima prevista en la capital malague\u00f1a rondar\u00e1 entre los 17 y 18 \u00baC. Seguimos con probabilidad de alguna precipitaci\u00f3n ocasional en el litoral m\u00e1s occidental e interior del Valle del Guadalhorce, como pas\u00f3 ayer, debido a las nubes de retenci\u00f3n provocadas por el levante y una bolsa de aire fr\u00edo (dana).<\/p>\n<p>Ayer s\u00e1bado, la temperatura m\u00e1xima en M\u00e1laga capital se registr\u00f3 en la estaci\u00f3n de la Aemet del Puerto con 18 \u00baC, en Antequera 14,2 \u00baC y en Ronda 12,9 \u00baC. En algunos puntos del litoral m\u00e1s occidental e interior del Valle del Guadalhorce cayeron algunas gotas: en Fuengirola 0,5 d\u00e9cimas de litro, Los Reales 3,6 mm, R\u00edo Guadalhorce C\u00e1rtama 0,8 d\u00e9cimas de litro.<\/p>\n<p><strong>Ma\u00f1ana lunes<\/strong> seguiremos con probabilidad de precipitaciones ocasionales en las zonas antes mencionadas; tenemos una bolsa de aire fr\u00edo (DANA) inestable que seguir\u00e1 con nosotros hasta el mi\u00e9rcoles.<\/p>\n<p>Os paso las temperaturas m\u00e1ximas y m\u00ednimas que prev\u00e9 la AEMET para ma\u00f1ana.<\/p>\n<p>&nbsp;<\/p>\n<p>&nbsp;<\/p>\n<p><a href=\"https:\/\/static-blogs.diariosur.es\/wp-content\/uploads\/sites\/12\/2024\/12\/lunes.jpg\"><img loading=\"lazy\" class=\"aligncenter size-full wp-image-42868\" src=\"https:\/\/static-blogs.diariosur.es\/wp-content\/uploads\/sites\/12\/2024\/12\/lunes.jpg\" alt=\"\" width=\"1042\" height=\"817\" srcset=\"https:\/\/static-blogs.diariosur.es\/wp-content\/uploads\/sites\/12\/2024\/12\/lunes.jpg 1042w, https:\/\/static-blogs.diariosur.es\/wp-content\/uploads\/sites\/12\/2024\/12\/lunes-510x400.jpg 510w, https:\/\/static-blogs.diariosur.es\/wp-content\/uploads\/sites\/12\/2024\/12\/lunes-520x408.jpg 520w, https:\/\/static-blogs.diariosur.es\/wp-content\/uploads\/sites\/12\/2024\/12\/lunes-768x602.jpg 768w\" sizes=\"(max-width: 1042px) 100vw, 1042px\" \/><\/a><\/p>\n<p>&nbsp;<\/p>\n<h3><span style=\"color: #ff0000;\"><strong>\u00bfQu\u00e9 tiempo har\u00e1 en Noche Vieja y A\u00f1o Nuevo en la provincia de M\u00e1laga?<\/strong><\/span><\/h3>\n<h3><span style=\"color: #0000ff;\"><strong>Previsi\u00f3n d\u00eda 31<\/strong><\/span><\/h3>\n<p>Como os he comentado m\u00e1s arriba, la dana seguir\u00e1 afect\u00e1ndonos el martes y el mi\u00e9rcoles. Os paso un mapa a 500 hpa del modelo europeo previsto para el martes, para que identifiqu\u00e9is la dana, o bolsa de aire fr\u00edo. Fuente meteologix<\/p>\n<p>&nbsp;<\/p>\n<p><a href=\"https:\/\/static-blogs.diariosur.es\/wp-content\/uploads\/sites\/12\/2024\/12\/Captura-de-pantalla-2024-12-29-073510.jpg\"><img loading=\"lazy\" class=\"aligncenter size-full wp-image-42869\" src=\"https:\/\/static-blogs.diariosur.es\/wp-content\/uploads\/sites\/12\/2024\/12\/Captura-de-pantalla-2024-12-29-073510.jpg\" alt=\"\" width=\"1137\" height=\"1165\" srcset=\"https:\/\/static-blogs.diariosur.es\/wp-content\/uploads\/sites\/12\/2024\/12\/Captura-de-pantalla-2024-12-29-073510.jpg 1137w, https:\/\/static-blogs.diariosur.es\/wp-content\/uploads\/sites\/12\/2024\/12\/Captura-de-pantalla-2024-12-29-073510-390x400.jpg 390w, https:\/\/static-blogs.diariosur.es\/wp-content\/uploads\/sites\/12\/2024\/12\/Captura-de-pantalla-2024-12-29-073510-398x408.jpg 398w, https:\/\/static-blogs.diariosur.es\/wp-content\/uploads\/sites\/12\/2024\/12\/Captura-de-pantalla-2024-12-29-073510-768x787.jpg 768w\" sizes=\"(max-width: 1137px) 100vw, 1137px\" \/><\/a><\/p>\n<p data-pm-slice=\"1 1 []\">Estas situaciones son muy dif\u00edciles de modelizar; hay probabilidad de algunas precipitaciones en el litoral occidental, aunque de momento los modelos no dan gran cosa. Ma\u00f1ana lunes con los modelos en mesoescala estar\u00e1 m\u00e1s claro.<\/p>\n<p>Os paso las temperaturas m\u00e1ximas y m\u00ednimas que prev\u00e9 la Aemet para el martes.<\/p>\n<p>&nbsp;<\/p>\n<p>&nbsp;<\/p>\n<p><a href=\"https:\/\/static-blogs.diariosur.es\/wp-content\/uploads\/sites\/12\/2024\/12\/martes.jpg\"><img loading=\"lazy\" class=\"aligncenter size-full wp-image-42870\" src=\"https:\/\/static-blogs.diariosur.es\/wp-content\/uploads\/sites\/12\/2024\/12\/martes.jpg\" alt=\"\" width=\"1035\" height=\"804\" srcset=\"https:\/\/static-blogs.diariosur.es\/wp-content\/uploads\/sites\/12\/2024\/12\/martes.jpg 1035w, https:\/\/static-blogs.diariosur.es\/wp-content\/uploads\/sites\/12\/2024\/12\/martes-515x400.jpg 515w, https:\/\/static-blogs.diariosur.es\/wp-content\/uploads\/sites\/12\/2024\/12\/martes-525x408.jpg 525w, https:\/\/static-blogs.diariosur.es\/wp-content\/uploads\/sites\/12\/2024\/12\/martes-768x597.jpg 768w\" sizes=\"(max-width: 1035px) 100vw, 1035px\" \/><\/a><\/p>\n<p>&nbsp;<\/p>\n<h3><span style=\"color: #0000ff;\"><strong>Previsi\u00f3n d\u00eda 1 de enero<\/strong><\/span><\/h3>\n<p>Durante la madrugada del mi\u00e9rcoles la dana se situara en el norte de \u00c1frica, como pod\u00e9is ver en el mapa a 500 hpa.<\/p>\n<p data-pm-slice=\"1 1 []\">Desde esa posici\u00f3n, baja la probabilidad de precipitaciones en la provincia de M\u00e1laga. Pero como os he comentado m\u00e1s arriba, iremos viendo con los modelos en mesoescala la posici\u00f3n que va tomando.<\/p>\n<p>Os paso las temperaturas m\u00e1ximas y m\u00ednimas que prev\u00e9 la aemet.<\/p>\n<p>&nbsp;<\/p>\n<p>&nbsp;<\/p>\n<p>&nbsp;<\/p>\n<p><a href=\"https:\/\/static-blogs.diariosur.es\/wp-content\/uploads\/sites\/12\/2024\/12\/dia-1.jpg\"><img loading=\"lazy\" class=\"aligncenter size-full wp-image-42871\" src=\"https:\/\/static-blogs.diariosur.es\/wp-content\/uploads\/sites\/12\/2024\/12\/dia-1.jpg\" alt=\"\" width=\"1138\" height=\"1173\" srcset=\"https:\/\/static-blogs.diariosur.es\/wp-content\/uploads\/sites\/12\/2024\/12\/dia-1.jpg 1138w, https:\/\/static-blogs.diariosur.es\/wp-content\/uploads\/sites\/12\/2024\/12\/dia-1-388x400.jpg 388w, https:\/\/static-blogs.diariosur.es\/wp-content\/uploads\/sites\/12\/2024\/12\/dia-1-396x408.jpg 396w, https:\/\/static-blogs.diariosur.es\/wp-content\/uploads\/sites\/12\/2024\/12\/dia-1-768x792.jpg 768w\" sizes=\"(max-width: 1138px) 100vw, 1138px\" \/><\/a><\/p>\n<p>&nbsp;<\/p>\n<p><a href=\"https:\/\/static-blogs.diariosur.es\/wp-content\/uploads\/sites\/12\/2024\/12\/miercoles.jpg\"><img loading=\"lazy\" class=\"aligncenter size-full wp-image-42872\" src=\"https:\/\/static-blogs.diariosur.es\/wp-content\/uploads\/sites\/12\/2024\/12\/miercoles.jpg\" alt=\"\" width=\"1039\" height=\"820\" srcset=\"https:\/\/static-blogs.diariosur.es\/wp-content\/uploads\/sites\/12\/2024\/12\/miercoles.jpg 1039w, https:\/\/static-blogs.diariosur.es\/wp-content\/uploads\/sites\/12\/2024\/12\/miercoles-507x400.jpg 507w, https:\/\/static-blogs.diariosur.es\/wp-content\/uploads\/sites\/12\/2024\/12\/miercoles-517x408.jpg 517w, https:\/\/static-blogs.diariosur.es\/wp-content\/uploads\/sites\/12\/2024\/12\/miercoles-768x606.jpg 768w\" sizes=\"(max-width: 1039px) 100vw, 1039px\" \/><\/a><\/p>\n<p>&nbsp;<\/p>\n<p>Esta pr\u00f3xima semana iremos viendo tambi\u00e9n la previsi\u00f3n para el d\u00eda 5 Cabalgata de Reyes y d\u00eda 6. Hay probabilidad de cambio de tiempo.<\/p>\n<p>Os dejo con esta bonita felicitaci\u00f3n de mi amigo Crist\u00f3bal Gambero en Mijas Pueblo.<\/p>\n<p>&nbsp;<\/p>\n<p><a href=\"https:\/\/static-blogs.diariosur.es\/wp-content\/uploads\/sites\/12\/2024\/12\/470496178_8803870492995200_1946971495658994911_n-1-e1735456548175.jpg\"><img loading=\"lazy\" class=\"aligncenter size-full wp-image-42873\" src=\"https:\/\/static-blogs.diariosur.es\/wp-content\/uploads\/sites\/12\/2024\/12\/470496178_8803870492995200_1946971495658994911_n-1-e1735456548175.jpg\" alt=\"\" width=\"900\" height=\"675\" \/><\/a><\/p>\n","protected":false},"excerpt":{"rendered":"<p>&nbsp; Buenos d\u00edas, amigos de la meteo. Cuando son las ocho menos cuarto de la ma\u00f1ana en M\u00e1laga capital, la estaci\u00f3n de la Aemet del Aeropuerto registra 8,4 \u00baC, los cielos est\u00e1n poco nubosos y se registran algunos bancos de niebla por el interior de la provincia. La temperatura m\u00e1xima prevista en la capital malague\u00f1a [&hellip;]<\/p>\n","protected":false},"author":16,"featured_media":42873,"comment_status":"open","ping_status":"open","sticky":false,"template":"","format":"standard","meta":[],"categories":[2],"tags":[109,1976,307,358,587,725],"_links":{"self":[{"href":"https:\/\/blogs.diariosur.es\/tormentas-y-rayos\/wp-json\/wp\/v2\/posts\/42867"}],"collection":[{"href":"https:\/\/blogs.diariosur.es\/tormentas-y-rayos\/wp-json\/wp\/v2\/posts"}],"about":[{"href":"https:\/\/blogs.diariosur.es\/tormentas-y-rayos\/wp-json\/wp\/v2\/types\/post"}],"author":[{"embeddable":true,"href":"https:\/\/blogs.diariosur.es\/tormentas-y-rayos\/wp-json\/wp\/v2\/users\/16"}],"replies":[{"embeddable":true,"href":"https:\/\/blogs.diariosur.es\/tormentas-y-rayos\/wp-json\/wp\/v2\/comments?post=42867"}],"version-history":[{"count":3,"href":"https:\/\/blogs.diariosur.es\/tormentas-y-rayos\/wp-json\/wp\/v2\/posts\/42867\/revisions"}],"predecessor-version":[{"id":47234,"href":"https:\/\/blogs.diariosur.es\/tormentas-y-rayos\/wp-json\/wp\/v2\/posts\/42867\/revisions\/47234"}],"wp:featuredmedia":[{"embeddable":true,"href":"https:\/\/blogs.diariosur.es\/tormentas-y-rayos\/wp-json\/wp\/v2\/media\/42873"}],"wp:attachment":[{"href":"https:\/\/blogs.diariosur.es\/tormentas-y-rayos\/wp-json\/wp\/v2\/media?parent=42867"}],"wp:term":[{"taxonomy":"category","embeddable":true,"href":"https:\/\/blogs.diariosur.es\/tormentas-y-rayos\/wp-json\/wp\/v2\/categories?post=42867"},{"taxonomy":"post_tag","embeddable":true,"href":"https:\/\/blogs.diariosur.es\/tormentas-y-rayos\/wp-json\/wp\/v2\/tags?post=42867"}],"curies":[{"name":"wp","href":"https:\/\/api.w.org\/{rel}","templated":true}]}}