{"id":42885,"date":"2024-12-30T20:00:30","date_gmt":"2024-12-30T19:00:30","guid":{"rendered":"https:\/\/blogs.diariosur.es\/tormentas-y-rayos\/?p=42885"},"modified":"2025-11-08T08:48:34","modified_gmt":"2025-11-08T07:48:34","slug":"ultima-hora-de-la-dana-en-noche-vieja-y-ano-nuevo-en-la-provincia-de-malaga-feliz-2025","status":"publish","type":"post","link":"https:\/\/blogs.diariosur.es\/tormentas-y-rayos\/2024\/12\/30\/ultima-hora-de-la-dana-en-noche-vieja-y-ano-nuevo-en-la-provincia-de-malaga-feliz-2025\/","title":{"rendered":"\u00daltima hora de la dana en Noche Vieja y A\u00f1o Nuevo en la provincia de M\u00e1laga. Feliz 2025."},"content":{"rendered":"<p><a href=\"https:\/\/static-blogs.diariosur.es\/wp-content\/uploads\/sites\/12\/2024\/11\/130738248_10221381944997043_6257362087676436516_n.jpg\"><img loading=\"lazy\" class=\"aligncenter size-thumbnail wp-image-42618\" src=\"https:\/\/static-blogs.diariosur.es\/wp-content\/uploads\/sites\/12\/2024\/11\/130738248_10221381944997043_6257362087676436516_n-150x150.jpg\" alt=\"\" width=\"150\" height=\"150\" srcset=\"https:\/\/static-blogs.diariosur.es\/wp-content\/uploads\/sites\/12\/2024\/11\/130738248_10221381944997043_6257362087676436516_n-150x150.jpg 150w, https:\/\/static-blogs.diariosur.es\/wp-content\/uploads\/sites\/12\/2024\/11\/130738248_10221381944997043_6257362087676436516_n-400x400.jpg 400w, https:\/\/static-blogs.diariosur.es\/wp-content\/uploads\/sites\/12\/2024\/11\/130738248_10221381944997043_6257362087676436516_n.jpg 768w\" sizes=\"(max-width: 150px) 100vw, 150px\" \/><\/a><\/p>\n<p>&nbsp;<\/p>\n<p data-pm-slice=\"1 1 []\">Buenas noches, amigos de la meteo. Ma\u00f1ana martes, \u00faltimo d\u00eda del a\u00f1o, hay probabilidad de chubascos en algunos puntos del litoral malague\u00f1o e interior del Valle del Guadalhorce; la probabilidad m\u00e1s baja se dar\u00e1 en las comarcas de Ronda y Antequera. Esta pr\u00f3xima madrugada ya hay algunos modelos que los prev\u00e9n.<\/p>\n<p>En las primeras horas del A\u00f1o Nuevo tambi\u00e9n hay probabilidad de algunos chubascos; a partir de las cuatro de la madrugada baja la probabilidad.<\/p>\n<p>No espero gran cosa y habr\u00e1 muchos portales en los que no caer\u00e1 nada.<\/p>\n<p>Si ma\u00f1ana no estoy muy cansado, quiero ir a fotografiar el \u00faltimo amanecer del a\u00f1o. Cuando venga, si merece la pena, os pondr\u00e9 las fotos.<\/p>\n<p>Os dejo con esta bonita felicitaci\u00f3n de mi amigo Crist\u00f3bal Gambero.<\/p>\n<p>&nbsp;<\/p>\n<p>&nbsp;<\/p>\n<p>&nbsp;<\/p>\n<p><a href=\"https:\/\/static-blogs.diariosur.es\/wp-content\/uploads\/sites\/12\/2024\/12\/471494508_8840433146005601_2826590585062913719_n-e1735584812862.jpg\"><img loading=\"lazy\" class=\"aligncenter size-full wp-image-42886\" src=\"https:\/\/static-blogs.diariosur.es\/wp-content\/uploads\/sites\/12\/2024\/12\/471494508_8840433146005601_2826590585062913719_n-e1735584812862.jpg\" alt=\"\" width=\"800\" height=\"568\" \/><\/a><\/p>\n<p>&nbsp;<\/p>\n<p>&nbsp;<\/p>\n","protected":false},"excerpt":{"rendered":"<p>&nbsp; Buenas noches, amigos de la meteo. Ma\u00f1ana martes, \u00faltimo d\u00eda del a\u00f1o, hay probabilidad de chubascos en algunos puntos del litoral malague\u00f1o e interior del Valle del Guadalhorce; la probabilidad m\u00e1s baja se dar\u00e1 en las comarcas de Ronda y Antequera. Esta pr\u00f3xima madrugada ya hay algunos modelos que los prev\u00e9n. En las primeras [&hellip;]<\/p>\n","protected":false},"author":16,"featured_media":42886,"comment_status":"open","ping_status":"open","sticky":false,"template":"","format":"standard","meta":[],"categories":[2],"tags":[1952,109,307,358,725],"_links":{"self":[{"href":"https:\/\/blogs.diariosur.es\/tormentas-y-rayos\/wp-json\/wp\/v2\/posts\/42885"}],"collection":[{"href":"https:\/\/blogs.diariosur.es\/tormentas-y-rayos\/wp-json\/wp\/v2\/posts"}],"about":[{"href":"https:\/\/blogs.diariosur.es\/tormentas-y-rayos\/wp-json\/wp\/v2\/types\/post"}],"author":[{"embeddable":true,"href":"https:\/\/blogs.diariosur.es\/tormentas-y-rayos\/wp-json\/wp\/v2\/users\/16"}],"replies":[{"embeddable":true,"href":"https:\/\/blogs.diariosur.es\/tormentas-y-rayos\/wp-json\/wp\/v2\/comments?post=42885"}],"version-history":[{"count":4,"href":"https:\/\/blogs.diariosur.es\/tormentas-y-rayos\/wp-json\/wp\/v2\/posts\/42885\/revisions"}],"predecessor-version":[{"id":47232,"href":"https:\/\/blogs.diariosur.es\/tormentas-y-rayos\/wp-json\/wp\/v2\/posts\/42885\/revisions\/47232"}],"wp:featuredmedia":[{"embeddable":true,"href":"https:\/\/blogs.diariosur.es\/tormentas-y-rayos\/wp-json\/wp\/v2\/media\/42886"}],"wp:attachment":[{"href":"https:\/\/blogs.diariosur.es\/tormentas-y-rayos\/wp-json\/wp\/v2\/media?parent=42885"}],"wp:term":[{"taxonomy":"category","embeddable":true,"href":"https:\/\/blogs.diariosur.es\/tormentas-y-rayos\/wp-json\/wp\/v2\/categories?post=42885"},{"taxonomy":"post_tag","embeddable":true,"href":"https:\/\/blogs.diariosur.es\/tormentas-y-rayos\/wp-json\/wp\/v2\/tags?post=42885"}],"curies":[{"name":"wp","href":"https:\/\/api.w.org\/{rel}","templated":true}]}}