{"id":42890,"date":"2024-12-31T07:23:10","date_gmt":"2024-12-31T06:23:10","guid":{"rendered":"https:\/\/blogs.diariosur.es\/tormentas-y-rayos\/?p=42890"},"modified":"2025-11-08T08:43:02","modified_gmt":"2025-11-08T07:43:02","slug":"chubascos-fuertes-esta-pasada-madrugada-en-puntos-del-litoral-occidental-de-malaga","status":"publish","type":"post","link":"https:\/\/blogs.diariosur.es\/tormentas-y-rayos\/2024\/12\/31\/chubascos-fuertes-esta-pasada-madrugada-en-puntos-del-litoral-occidental-de-malaga\/","title":{"rendered":"Chubascos fuertes esta pasada madrugada en puntos del litoral occidental de M\u00e1laga."},"content":{"rendered":"<p><a href=\"https:\/\/static-blogs.diariosur.es\/wp-content\/uploads\/sites\/12\/2024\/11\/130738248_10221381944997043_6257362087676436516_n.jpg\"><img loading=\"lazy\" class=\"aligncenter size-thumbnail wp-image-42618\" src=\"https:\/\/static-blogs.diariosur.es\/wp-content\/uploads\/sites\/12\/2024\/11\/130738248_10221381944997043_6257362087676436516_n-150x150.jpg\" alt=\"\" width=\"150\" height=\"150\" srcset=\"https:\/\/static-blogs.diariosur.es\/wp-content\/uploads\/sites\/12\/2024\/11\/130738248_10221381944997043_6257362087676436516_n-150x150.jpg 150w, https:\/\/static-blogs.diariosur.es\/wp-content\/uploads\/sites\/12\/2024\/11\/130738248_10221381944997043_6257362087676436516_n-400x400.jpg 400w, https:\/\/static-blogs.diariosur.es\/wp-content\/uploads\/sites\/12\/2024\/11\/130738248_10221381944997043_6257362087676436516_n.jpg 768w\" sizes=\"(max-width: 150px) 100vw, 150px\" \/><\/a><\/p>\n<p data-pm-slice=\"1 1 []\">Buenos d\u00edas, amigos de la meteo. Se cumplen las previsiones que daba ayer y esta pasada madrugada han ca\u00eddo algunos chubascos fuertes en el litoral occidental malague\u00f1o; iban acompa\u00f1ados de tormentas. Nuevamente se pueden repetir a \u00faltima hora de esta noche y primeras horas de la madrugada del A\u00f1o Nuevo.<\/p>\n<p>Os paso algunos registros, fuentes Aemet, Red Hidrosur, Meteoclimatic.<\/p>\n<p><strong>Embalse de la Concepci\u00f3n 11,2 mm<\/strong><\/p>\n<p><strong>Oj\u00e9n 9,3 mm<\/strong><\/p>\n<p><strong>Depuradora de Marbella 15 mm<\/strong><\/p>\n<p><strong>Embalse Guadalmina 16,9 mm<\/strong><\/p>\n<p><strong>Embalse Guadalmansa 10 mm<\/strong><\/p>\n<p><strong>Rio Grande 1,6 mm<\/strong><\/p>\n<p><strong>Marbella Puerto 11,4 mm<\/strong><\/p>\n<p><strong>Benahav\u00eds 9,6 mm<\/strong><\/p>\n<p><strong>Co\u00edn 2,8 mm<\/strong><\/p>\n<p><strong>Fuengirola 2,6 mm<\/strong><\/p>\n<p><strong>Ist\u00e1n 6,2 mm<\/strong><\/p>\n<p><strong>Mijas Pueblo 2,2 mm<\/strong><\/p>\n<p><strong>La Cala de Mijas 8,8 mm<\/strong><\/p>\n<p><strong>Torremolinos 2,8 mm<\/strong><\/p>\n<p><strong>Estepona 1,4 mm<\/strong><\/p>\n<h3><strong>Feliz A\u00f1o Nuevo, amigos de la meteo.<\/strong><\/h3>\n<p>&nbsp;<\/p>\n<p>&nbsp;<\/p>\n","protected":false},"excerpt":{"rendered":"<p>Buenos d\u00edas, amigos de la meteo. Se cumplen las previsiones que daba ayer y esta pasada madrugada han ca\u00eddo algunos chubascos fuertes en el litoral occidental malague\u00f1o; iban acompa\u00f1ados de tormentas. Nuevamente se pueden repetir a \u00faltima hora de esta noche y primeras horas de la madrugada del A\u00f1o Nuevo. Os paso algunos registros, fuentes [&hellip;]<\/p>\n","protected":false},"author":16,"featured_media":39878,"comment_status":"open","ping_status":"open","sticky":false,"template":"","format":"standard","meta":[],"categories":[2],"tags":[109,307,587,704,725,1977],"_links":{"self":[{"href":"https:\/\/blogs.diariosur.es\/tormentas-y-rayos\/wp-json\/wp\/v2\/posts\/42890"}],"collection":[{"href":"https:\/\/blogs.diariosur.es\/tormentas-y-rayos\/wp-json\/wp\/v2\/posts"}],"about":[{"href":"https:\/\/blogs.diariosur.es\/tormentas-y-rayos\/wp-json\/wp\/v2\/types\/post"}],"author":[{"embeddable":true,"href":"https:\/\/blogs.diariosur.es\/tormentas-y-rayos\/wp-json\/wp\/v2\/users\/16"}],"replies":[{"embeddable":true,"href":"https:\/\/blogs.diariosur.es\/tormentas-y-rayos\/wp-json\/wp\/v2\/comments?post=42890"}],"version-history":[{"count":2,"href":"https:\/\/blogs.diariosur.es\/tormentas-y-rayos\/wp-json\/wp\/v2\/posts\/42890\/revisions"}],"predecessor-version":[{"id":47228,"href":"https:\/\/blogs.diariosur.es\/tormentas-y-rayos\/wp-json\/wp\/v2\/posts\/42890\/revisions\/47228"}],"wp:featuredmedia":[{"embeddable":true,"href":"https:\/\/blogs.diariosur.es\/tormentas-y-rayos\/wp-json\/wp\/v2\/media\/39878"}],"wp:attachment":[{"href":"https:\/\/blogs.diariosur.es\/tormentas-y-rayos\/wp-json\/wp\/v2\/media?parent=42890"}],"wp:term":[{"taxonomy":"category","embeddable":true,"href":"https:\/\/blogs.diariosur.es\/tormentas-y-rayos\/wp-json\/wp\/v2\/categories?post=42890"},{"taxonomy":"post_tag","embeddable":true,"href":"https:\/\/blogs.diariosur.es\/tormentas-y-rayos\/wp-json\/wp\/v2\/tags?post=42890"}],"curies":[{"name":"wp","href":"https:\/\/api.w.org\/{rel}","templated":true}]}}