{"id":42896,"date":"2024-12-31T15:25:32","date_gmt":"2024-12-31T14:25:32","guid":{"rendered":"https:\/\/blogs.diariosur.es\/tormentas-y-rayos\/?p=42896"},"modified":"2025-11-08T08:47:08","modified_gmt":"2025-11-08T07:47:08","slug":"la-sierra-de-las-nieves-se-despide-de-2024-con-una-nevada-esta-pasada-madrugada-fotos","status":"publish","type":"post","link":"https:\/\/blogs.diariosur.es\/tormentas-y-rayos\/2024\/12\/31\/la-sierra-de-las-nieves-se-despide-de-2024-con-una-nevada-esta-pasada-madrugada-fotos\/","title":{"rendered":"La Sierra de las Nieves se despide de 2024 con una nevada esta pasada madrugada. Fotos"},"content":{"rendered":"<p><a href=\"https:\/\/static-blogs.diariosur.es\/wp-content\/uploads\/sites\/12\/2024\/11\/130738248_10221381944997043_6257362087676436516_n.jpg\"><img loading=\"lazy\" class=\"aligncenter size-thumbnail wp-image-42618\" src=\"https:\/\/static-blogs.diariosur.es\/wp-content\/uploads\/sites\/12\/2024\/11\/130738248_10221381944997043_6257362087676436516_n-150x150.jpg\" alt=\"\" width=\"150\" height=\"150\" srcset=\"https:\/\/static-blogs.diariosur.es\/wp-content\/uploads\/sites\/12\/2024\/11\/130738248_10221381944997043_6257362087676436516_n-150x150.jpg 150w, https:\/\/static-blogs.diariosur.es\/wp-content\/uploads\/sites\/12\/2024\/11\/130738248_10221381944997043_6257362087676436516_n-400x400.jpg 400w, https:\/\/static-blogs.diariosur.es\/wp-content\/uploads\/sites\/12\/2024\/11\/130738248_10221381944997043_6257362087676436516_n.jpg 768w\" sizes=\"(max-width: 150px) 100vw, 150px\" \/><\/a><\/p>\n<p>Buenas tardes, amigos de la meteo. Nunca pens\u00e9 que iba a tener tanto trabajo el \u00faltimo d\u00eda del a\u00f1o, pero por vosotros lo que sea.<\/p>\n<p>Esta ma\u00f1ana este post<\/p>\n<h3 class=\"voc-blogs-section\"><a href=\"https:\/\/blogs.diariosur.es\/tormentas-y-rayos\/2024\/12\/31\/chubascos-fuertes-esta-pasada-madrugada-en-puntos-del-litoral-occidental-de-malaga\/\">Chubascos fuertes esta pasada madrugada en puntos del litoral occidental de M\u00e1laga.<\/a><\/h3>\n<p>Hace un una hora este<\/p>\n<h3 class=\"voc-blogs-section\"><a href=\"https:\/\/blogs.diariosur.es\/tormentas-y-rayos\/2024\/12\/31\/ultima-hora-aviso-amarilllo-por-lluvias-en-el-litoral-occidental-de-la-costa-de-malaga\/\">\u00daltima hora. Aviso amarilllo por lluvias en el litoral occidental de la costa occidental de M\u00e1laga.<\/a><\/h3>\n<p data-pm-slice=\"1 1 []\">Y por \u00faltimo, la nevada de la Sierra de las Nieves, con fotos, que me manda mi amigo Ismael Guzm\u00e1n. Para despedir el a\u00f1o ha subido \u00e9l, Antonio Ch\u00e1vez y otros amigos al Pico del Torrecilla esta ma\u00f1ana; me comentan que hab\u00eda nieve a partir de 1700 metros y que hac\u00eda tela de fr\u00edo. Como siempre digo, son expertos monta\u00f1eros.<\/p>\n<p>&nbsp;<\/p>\n<p><a href=\"https:\/\/static-blogs.diariosur.es\/wp-content\/uploads\/sites\/12\/2024\/12\/471248686_10231322157896153_8130312788529431694_n.jpg\"><img loading=\"lazy\" class=\"aligncenter size-full wp-image-42898\" src=\"https:\/\/static-blogs.diariosur.es\/wp-content\/uploads\/sites\/12\/2024\/12\/471248686_10231322157896153_8130312788529431694_n.jpg\" alt=\"\" width=\"1200\" height=\"1600\" srcset=\"https:\/\/static-blogs.diariosur.es\/wp-content\/uploads\/sites\/12\/2024\/12\/471248686_10231322157896153_8130312788529431694_n.jpg 1200w, https:\/\/static-blogs.diariosur.es\/wp-content\/uploads\/sites\/12\/2024\/12\/471248686_10231322157896153_8130312788529431694_n-300x400.jpg 300w, https:\/\/static-blogs.diariosur.es\/wp-content\/uploads\/sites\/12\/2024\/12\/471248686_10231322157896153_8130312788529431694_n-306x408.jpg 306w, https:\/\/static-blogs.diariosur.es\/wp-content\/uploads\/sites\/12\/2024\/12\/471248686_10231322157896153_8130312788529431694_n-768x1024.jpg 768w, https:\/\/static-blogs.diariosur.es\/wp-content\/uploads\/sites\/12\/2024\/12\/471248686_10231322157896153_8130312788529431694_n-1152x1536.jpg 1152w\" sizes=\"(max-width: 1200px) 100vw, 1200px\" \/><\/a><\/p>\n<p>&nbsp;<\/p>\n<p><a href=\"https:\/\/static-blogs.diariosur.es\/wp-content\/uploads\/sites\/12\/2024\/12\/471682057_10231322157576145_3907625008423831896_n.jpg\"><img loading=\"lazy\" class=\"aligncenter size-full wp-image-42899\" src=\"https:\/\/static-blogs.diariosur.es\/wp-content\/uploads\/sites\/12\/2024\/12\/471682057_10231322157576145_3907625008423831896_n.jpg\" alt=\"\" width=\"1200\" height=\"1600\" srcset=\"https:\/\/static-blogs.diariosur.es\/wp-content\/uploads\/sites\/12\/2024\/12\/471682057_10231322157576145_3907625008423831896_n.jpg 1200w, https:\/\/static-blogs.diariosur.es\/wp-content\/uploads\/sites\/12\/2024\/12\/471682057_10231322157576145_3907625008423831896_n-300x400.jpg 300w, https:\/\/static-blogs.diariosur.es\/wp-content\/uploads\/sites\/12\/2024\/12\/471682057_10231322157576145_3907625008423831896_n-306x408.jpg 306w, https:\/\/static-blogs.diariosur.es\/wp-content\/uploads\/sites\/12\/2024\/12\/471682057_10231322157576145_3907625008423831896_n-768x1024.jpg 768w, https:\/\/static-blogs.diariosur.es\/wp-content\/uploads\/sites\/12\/2024\/12\/471682057_10231322157576145_3907625008423831896_n-1152x1536.jpg 1152w\" sizes=\"(max-width: 1200px) 100vw, 1200px\" \/><\/a><\/p>\n<p>&nbsp;<\/p>\n<p><a href=\"https:\/\/static-blogs.diariosur.es\/wp-content\/uploads\/sites\/12\/2024\/12\/471806483_10231322158576170_6839384285580257691_n.jpg\"><img loading=\"lazy\" class=\"aligncenter size-full wp-image-42900\" src=\"https:\/\/static-blogs.diariosur.es\/wp-content\/uploads\/sites\/12\/2024\/12\/471806483_10231322158576170_6839384285580257691_n.jpg\" alt=\"\" width=\"1200\" height=\"1600\" srcset=\"https:\/\/static-blogs.diariosur.es\/wp-content\/uploads\/sites\/12\/2024\/12\/471806483_10231322158576170_6839384285580257691_n.jpg 1200w, https:\/\/static-blogs.diariosur.es\/wp-content\/uploads\/sites\/12\/2024\/12\/471806483_10231322158576170_6839384285580257691_n-300x400.jpg 300w, https:\/\/static-blogs.diariosur.es\/wp-content\/uploads\/sites\/12\/2024\/12\/471806483_10231322158576170_6839384285580257691_n-306x408.jpg 306w, https:\/\/static-blogs.diariosur.es\/wp-content\/uploads\/sites\/12\/2024\/12\/471806483_10231322158576170_6839384285580257691_n-768x1024.jpg 768w, https:\/\/static-blogs.diariosur.es\/wp-content\/uploads\/sites\/12\/2024\/12\/471806483_10231322158576170_6839384285580257691_n-1152x1536.jpg 1152w\" sizes=\"(max-width: 1200px) 100vw, 1200px\" \/><\/a><\/p>\n<p>&nbsp;<\/p>\n<p><a href=\"https:\/\/static-blogs.diariosur.es\/wp-content\/uploads\/sites\/12\/2024\/12\/471636888_10231322158856177_8883556812219775691_n.jpg\"><img loading=\"lazy\" class=\"aligncenter size-full wp-image-42901\" src=\"https:\/\/static-blogs.diariosur.es\/wp-content\/uploads\/sites\/12\/2024\/12\/471636888_10231322158856177_8883556812219775691_n.jpg\" alt=\"\" width=\"1200\" height=\"1600\" srcset=\"https:\/\/static-blogs.diariosur.es\/wp-content\/uploads\/sites\/12\/2024\/12\/471636888_10231322158856177_8883556812219775691_n.jpg 1200w, https:\/\/static-blogs.diariosur.es\/wp-content\/uploads\/sites\/12\/2024\/12\/471636888_10231322158856177_8883556812219775691_n-300x400.jpg 300w, https:\/\/static-blogs.diariosur.es\/wp-content\/uploads\/sites\/12\/2024\/12\/471636888_10231322158856177_8883556812219775691_n-306x408.jpg 306w, https:\/\/static-blogs.diariosur.es\/wp-content\/uploads\/sites\/12\/2024\/12\/471636888_10231322158856177_8883556812219775691_n-768x1024.jpg 768w, https:\/\/static-blogs.diariosur.es\/wp-content\/uploads\/sites\/12\/2024\/12\/471636888_10231322158856177_8883556812219775691_n-1152x1536.jpg 1152w\" sizes=\"(max-width: 1200px) 100vw, 1200px\" \/><\/a><\/p>\n<p>&nbsp;<\/p>\n<p>&nbsp;<\/p>\n","protected":false},"excerpt":{"rendered":"<p>Buenas tardes, amigos de la meteo. Nunca pens\u00e9 que iba a tener tanto trabajo el \u00faltimo d\u00eda del a\u00f1o, pero por vosotros lo que sea. Esta ma\u00f1ana este post Chubascos fuertes esta pasada madrugada en puntos del litoral occidental de M\u00e1laga. Hace un una hora este \u00daltima hora. Aviso amarilllo por lluvias en el litoral [&hellip;]<\/p>\n","protected":false},"author":16,"featured_media":42901,"comment_status":"open","ping_status":"open","sticky":false,"template":"","format":"standard","meta":[],"categories":[2],"tags":[94,109,151,307,410,587,689,1975,913],"_links":{"self":[{"href":"https:\/\/blogs.diariosur.es\/tormentas-y-rayos\/wp-json\/wp\/v2\/posts\/42896"}],"collection":[{"href":"https:\/\/blogs.diariosur.es\/tormentas-y-rayos\/wp-json\/wp\/v2\/posts"}],"about":[{"href":"https:\/\/blogs.diariosur.es\/tormentas-y-rayos\/wp-json\/wp\/v2\/types\/post"}],"author":[{"embeddable":true,"href":"https:\/\/blogs.diariosur.es\/tormentas-y-rayos\/wp-json\/wp\/v2\/users\/16"}],"replies":[{"embeddable":true,"href":"https:\/\/blogs.diariosur.es\/tormentas-y-rayos\/wp-json\/wp\/v2\/comments?post=42896"}],"version-history":[{"count":6,"href":"https:\/\/blogs.diariosur.es\/tormentas-y-rayos\/wp-json\/wp\/v2\/posts\/42896\/revisions"}],"predecessor-version":[{"id":47231,"href":"https:\/\/blogs.diariosur.es\/tormentas-y-rayos\/wp-json\/wp\/v2\/posts\/42896\/revisions\/47231"}],"wp:featuredmedia":[{"embeddable":true,"href":"https:\/\/blogs.diariosur.es\/tormentas-y-rayos\/wp-json\/wp\/v2\/media\/42901"}],"wp:attachment":[{"href":"https:\/\/blogs.diariosur.es\/tormentas-y-rayos\/wp-json\/wp\/v2\/media?parent=42896"}],"wp:term":[{"taxonomy":"category","embeddable":true,"href":"https:\/\/blogs.diariosur.es\/tormentas-y-rayos\/wp-json\/wp\/v2\/categories?post=42896"},{"taxonomy":"post_tag","embeddable":true,"href":"https:\/\/blogs.diariosur.es\/tormentas-y-rayos\/wp-json\/wp\/v2\/tags?post=42896"}],"curies":[{"name":"wp","href":"https:\/\/api.w.org\/{rel}","templated":true}]}}