{"id":4294,"date":"2012-12-03T16:32:36","date_gmt":"2012-12-03T15:32:36","guid":{"rendered":"http:\/\/blogs.diariosur.es\/tormentas-y-rayos\/?p=4294"},"modified":"2012-12-03T16:32:36","modified_gmt":"2012-12-03T15:32:36","slug":"prevision-del-tiempo-en-el-puente-de-la-constitucion-e-inmaculada-posibilidad-de-chubascos-el-viernes","status":"publish","type":"post","link":"https:\/\/blogs.diariosur.es\/tormentas-y-rayos\/2012\/12\/03\/prevision-del-tiempo-en-el-puente-de-la-constitucion-e-inmaculada-posibilidad-de-chubascos-el-viernes\/","title":{"rendered":"Previsi\u00f3n del tiempo en el Puente de la Constituci\u00f3n e Inmaculada. Posibilidad de chubascos el viernes. El martes el viento protagonista."},"content":{"rendered":"<p><a href=\"https:\/\/blogs.diariosur.es\/tormentas-y-rayos\/2012\/12\/04\/el-tiempo-en-el-puente-de-la-constitucion-los-lenticularis-y-el-viento-de-terral-de-otono-protagonistas-hoy-martes-fotos\/\">BLOG ACTUALIZADO OS PASO EL ENLACE<\/a><\/p>\n<p>&nbsp;<\/p>\n<p>&nbsp;<\/p>\n<p>&nbsp;<\/p>\n<p><strong>Muy buenas tardes amigos de la meteo.<\/strong><\/p>\n<p><strong> Por fin puedo estar con vosotros, hemos tenido unos fallos en el sistema del blog, pero gracias a mi amigo Angel, se han podid<\/strong>o<strong> solucionar<\/strong>.<\/p>\n<p><strong>Ahora mismo son las tres y media de la tarde, registro 15,6 grados en mi estaci\u00f3n, la presi\u00f3n esta muy alta, concretamente 1025 mb y el viento sopla de terral de oto\u00f1o. Esta ma\u00f1ana la\u00a0m\u00ednima\u00a0en la zona de teatinos ha sido de 6,5 grados, pero en la zona del Aeropuerto destaca con 3 grados. El domingo dimos la m\u00ednima mas baja de este oto\u00f1o en la capital con 5,8 grados en la zona del Puerto.<\/strong><\/p>\n<p><strong>Otro dato a destacar, ha sido la subida de presi\u00f3n que empezamos a tener el domingo de madrugada. Seguro que ha muchos les doli\u00f3\u00a0la cabeza. Os paso el\u00a0gr\u00e1fico\u00a0fuente Aemet.<\/strong><\/p>\n<p><a href=\"https:\/\/blogs.diariosur.es\/tormentas-y-rayos\/2012\/12\/03\/prevision-del-tiempo-en-el-puente-de-la-constitucion-e-inmaculada-posibilidad-de-chubascos-el-viernes\/subida-presion\/\" rel=\"attachment wp-att-4295\"><img loading=\"lazy\" class=\"aligncenter size-medium wp-image-4295\" title=\"subida presion\" src=\"\/tormentas-y-rayos\/wp-content\/uploads\/sites\/12\/2012\/12\/subida-presion.jpg\" alt=\"\" width=\"600\" height=\"262\" srcset=\"https:\/\/static-blogs.diariosur.es\/wp-content\/uploads\/sites\/12\/2012\/12\/subida-presion.jpg 756w, https:\/\/static-blogs.diariosur.es\/wp-content\/uploads\/sites\/12\/2012\/12\/subida-presion-640x280.jpg 640w\" sizes=\"(max-width: 600px) 100vw, 600px\" \/><\/a><\/p>\n<p>&nbsp;<\/p>\n<p><strong>El domingo amaneci\u00f3 sin apenas nubes, el viento de terral de oto\u00f1o, dejaba el mar como un\u00a0plato\u00a0en la zona de la Playa de la Misericordia y Zona de Torremolinos. Os paso estas dos primeras fotos de Paqui Carnero desde la zona dela Carihuela y dos mias desde la\u00a0playa\u00a0de la Misericordia. Solo\u00a0habia\u00a0una cosa en\u00a0com\u00fan en estas fotos:\u00a0el mar como un plato. \u00a0Pero la playa de la Misericordia\u00a0segu\u00eda\u00a0el Domingo hecha una\u00a0porquer\u00eda, mientras en Torremolinos se ve que esta toda limpia.<\/strong><\/p>\n<p><strong>Fotos Paqui Carnero Torremolinos.<\/strong><\/p>\n<p><a href=\"https:\/\/blogs.diariosur.es\/tormentas-y-rayos\/2012\/12\/03\/prevision-del-tiempo-en-el-puente-de-la-constitucion-e-inmaculada-posibilidad-de-chubascos-el-viernes\/61428_3898439830413_951785963_n\/\" rel=\"attachment wp-att-4296\"><img loading=\"lazy\" class=\"aligncenter size-full wp-image-4296\" title=\"61428_3898439830413_951785963_n\" src=\"\/tormentas-y-rayos\/wp-content\/uploads\/sites\/12\/2012\/12\/61428_3898439830413_951785963_n.jpg\" alt=\"\" width=\"680\" height=\"376\" srcset=\"https:\/\/static-blogs.diariosur.es\/wp-content\/uploads\/sites\/12\/2012\/12\/61428_3898439830413_951785963_n.jpg 680w, https:\/\/static-blogs.diariosur.es\/wp-content\/uploads\/sites\/12\/2012\/12\/61428_3898439830413_951785963_n-640x354.jpg 640w\" sizes=\"(max-width: 680px) 100vw, 680px\" \/><\/a><\/p>\n<p>&nbsp;<\/p>\n<p><a href=\"https:\/\/blogs.diariosur.es\/tormentas-y-rayos\/2012\/12\/03\/prevision-del-tiempo-en-el-puente-de-la-constitucion-e-inmaculada-posibilidad-de-chubascos-el-viernes\/148250_3898441270449_443022330_n-1\/\" rel=\"attachment wp-att-4297\"><img loading=\"lazy\" class=\"aligncenter size-full wp-image-4297\" title=\"148250_3898441270449_443022330_n (1)\" src=\"\/tormentas-y-rayos\/wp-content\/uploads\/sites\/12\/2012\/12\/148250_3898441270449_443022330_n-1.jpg\" alt=\"\" width=\"680\" height=\"383\" srcset=\"https:\/\/static-blogs.diariosur.es\/wp-content\/uploads\/sites\/12\/2012\/12\/148250_3898441270449_443022330_n-1.jpg 680w, https:\/\/static-blogs.diariosur.es\/wp-content\/uploads\/sites\/12\/2012\/12\/148250_3898441270449_443022330_n-1-640x360.jpg 640w\" sizes=\"(max-width: 680px) 100vw, 680px\" \/><\/a><\/p>\n<p><strong>Fotos mias desde la Playa de la Misericordia.<\/strong><\/p>\n<p><a href=\"https:\/\/blogs.diariosur.es\/tormentas-y-rayos\/2012\/12\/03\/prevision-del-tiempo-en-el-puente-de-la-constitucion-e-inmaculada-posibilidad-de-chubascos-el-viernes\/olympus-digital-camera-948\/\" rel=\"attachment wp-att-4298\"><img loading=\"lazy\" class=\"aligncenter size-full wp-image-4298\" title=\"OLYMPUS DIGITAL CAMERA\" src=\"\/tormentas-y-rayos\/wp-content\/uploads\/sites\/12\/2012\/12\/009.jpg\" alt=\"\" width=\"680\" height=\"458\" srcset=\"https:\/\/static-blogs.diariosur.es\/wp-content\/uploads\/sites\/12\/2012\/12\/009.jpg 680w, https:\/\/static-blogs.diariosur.es\/wp-content\/uploads\/sites\/12\/2012\/12\/009-594x400.jpg 594w\" sizes=\"(max-width: 680px) 100vw, 680px\" \/><\/a><\/p>\n<p><a href=\"https:\/\/blogs.diariosur.es\/tormentas-y-rayos\/2012\/12\/03\/prevision-del-tiempo-en-el-puente-de-la-constitucion-e-inmaculada-posibilidad-de-chubascos-el-viernes\/olympus-digital-camera-949\/\" rel=\"attachment wp-att-4299\"><img loading=\"lazy\" class=\"aligncenter size-full wp-image-4299\" title=\"OLYMPUS DIGITAL CAMERA\" src=\"\/tormentas-y-rayos\/wp-content\/uploads\/sites\/12\/2012\/12\/013.jpg\" alt=\"\" width=\"680\" height=\"510\" srcset=\"https:\/\/static-blogs.diariosur.es\/wp-content\/uploads\/sites\/12\/2012\/12\/013.jpg 680w, https:\/\/static-blogs.diariosur.es\/wp-content\/uploads\/sites\/12\/2012\/12\/013-533x400.jpg 533w\" sizes=\"(max-width: 680px) 100vw, 680px\" \/><\/a><\/p>\n<p>&nbsp;<\/p>\n<p><strong>Esperemos que el mi\u00e9rcoles las Playas de M\u00e1laga Capital est\u00e9n todas limpias.<\/strong><\/p>\n<p><strong>\u00a0Ma\u00f1ana martes se espera, que un frente frio cruce la peninsula. A nuestra region puede traer algunas gotas, siendo lo mas destacado el viento fuerte de terral que soplara en nuestra Provincia Malague\u00f1a.<\/strong><\/p>\n<p><span style=\"text-decoration: underline;\"><span style=\"color: #ff0000;\"><strong>PREVISI\u00d3N DEL TIEMPO PARA EN EL PUENTE DE LA CONSTITUCI\u00d3N E INMACULADA<\/strong><\/span><\/span><\/p>\n<p><strong>Bueno amigos, hoy, ma\u00f1ana martes y el mi\u00e9rcoles, iremos dando la previsi\u00f3n que se espera para este pr\u00f3ximo puente o acueducto. Ya sab\u00e9is que el anticicl\u00f3n es el protagonista en Andaluc\u00eda en estos momentos. La presi\u00f3n esta cercana a los 1027 mb. Fuente Aemet<\/strong><\/p>\n<p><a href=\"https:\/\/blogs.diariosur.es\/tormentas-y-rayos\/2012\/12\/03\/prevision-del-tiempo-en-el-puente-de-la-constitucion-e-inmaculada-posibilidad-de-chubascos-el-viernes\/hoy-lunes\/\" rel=\"attachment wp-att-4300\"><img loading=\"lazy\" class=\"aligncenter size-full wp-image-4300\" title=\"hoy lunes\" src=\"\/tormentas-y-rayos\/wp-content\/uploads\/sites\/12\/2012\/12\/hoy-lunes.jpg\" alt=\"\" width=\"677\" height=\"529\" srcset=\"https:\/\/static-blogs.diariosur.es\/wp-content\/uploads\/sites\/12\/2012\/12\/hoy-lunes.jpg 677w, https:\/\/static-blogs.diariosur.es\/wp-content\/uploads\/sites\/12\/2012\/12\/hoy-lunes-512x400.jpg 512w\" sizes=\"(max-width: 677px) 100vw, 677px\" \/><\/a><\/p>\n<p>&nbsp;<\/p>\n<p><strong>A partir del jueves, una borrasca de origen subtropical, intentara romper este anticicl\u00f3n. Si lo logra, un frente podr\u00eda afectarnos el viernes. Os paso esta imagen del Hirlam.<\/strong><\/p>\n<p><a href=\"https:\/\/blogs.diariosur.es\/tormentas-y-rayos\/2012\/12\/03\/prevision-del-tiempo-en-el-puente-de-la-constitucion-e-inmaculada-posibilidad-de-chubascos-el-viernes\/puente\/\" rel=\"attachment wp-att-4301\"><img loading=\"lazy\" class=\"aligncenter size-medium wp-image-4301\" title=\"puente\" src=\"\/tormentas-y-rayos\/wp-content\/uploads\/sites\/12\/2012\/12\/puente.jpg\" alt=\"\" width=\"540\" height=\"400\" srcset=\"https:\/\/static-blogs.diariosur.es\/wp-content\/uploads\/sites\/12\/2012\/12\/puente.jpg 765w, https:\/\/static-blogs.diariosur.es\/wp-content\/uploads\/sites\/12\/2012\/12\/puente-541x400.jpg 541w\" sizes=\"(max-width: 540px) 100vw, 540px\" \/><\/a><\/p>\n<p>&nbsp;<\/p>\n<p><strong>De momento no esta muy claro, como afectara este frente a nuestra provincia, siempre y cuando la borrasca logre romper el bloqueo. Ma\u00f1ana de nuevo\u00a0estar\u00e9\u00a0con vosotros y iremos viendo esta situaci\u00f3n. Poco mas que contar, muchas gracias por los comentarios amigos.<\/strong><\/p>\n<p><strong>Os dejo con estos dos fotones de mi amigo Adrian Escobar Burgue\u00f1o. Ayer le sacaron una TVE.\u00a0Est\u00e1n\u00a0tomadas en Navacerrada. \u00a0Gracias Adrian.<\/strong><\/p>\n<p><a href=\"https:\/\/blogs.diariosur.es\/tormentas-y-rayos\/2012\/12\/03\/prevision-del-tiempo-en-el-puente-de-la-constitucion-e-inmaculada-posibilidad-de-chubascos-el-viernes\/68806_10151362515449289_980115248_n\/\" rel=\"attachment wp-att-4302\"><img loading=\"lazy\" class=\"aligncenter size-full wp-image-4302\" title=\"68806_10151362515449289_980115248_n\" src=\"\/tormentas-y-rayos\/wp-content\/uploads\/sites\/12\/2012\/12\/68806_10151362515449289_980115248_n.jpg\" alt=\"\" width=\"680\" height=\"510\" srcset=\"https:\/\/static-blogs.diariosur.es\/wp-content\/uploads\/sites\/12\/2012\/12\/68806_10151362515449289_980115248_n.jpg 680w, https:\/\/static-blogs.diariosur.es\/wp-content\/uploads\/sites\/12\/2012\/12\/68806_10151362515449289_980115248_n-533x400.jpg 533w\" sizes=\"(max-width: 680px) 100vw, 680px\" \/><\/a><\/p>\n<p>&nbsp;<\/p>\n<p><a href=\"https:\/\/blogs.diariosur.es\/tormentas-y-rayos\/2012\/12\/03\/prevision-del-tiempo-en-el-puente-de-la-constitucion-e-inmaculada-posibilidad-de-chubascos-el-viernes\/309204_10151362410079289_203433398_n\/\" rel=\"attachment wp-att-4303\"><img loading=\"lazy\" class=\"aligncenter size-full wp-image-4303\" title=\"309204_10151362410079289_203433398_n\" src=\"\/tormentas-y-rayos\/wp-content\/uploads\/sites\/12\/2012\/12\/309204_10151362410079289_203433398_n.jpg\" alt=\"\" width=\"680\" height=\"510\" srcset=\"https:\/\/static-blogs.diariosur.es\/wp-content\/uploads\/sites\/12\/2012\/12\/309204_10151362410079289_203433398_n.jpg 680w, https:\/\/static-blogs.diariosur.es\/wp-content\/uploads\/sites\/12\/2012\/12\/309204_10151362410079289_203433398_n-533x400.jpg 533w\" sizes=\"(max-width: 680px) 100vw, 680px\" \/><\/a><\/p>\n<p><strong>\u00a0<\/strong><\/p>\n","protected":false},"excerpt":{"rendered":"<p>BLOG ACTUALIZADO OS PASO EL ENLACE &nbsp; &nbsp; &nbsp; Muy buenas tardes amigos de la meteo. Por fin puedo estar con vosotros, hemos tenido unos fallos en el sistema del blog, pero gracias a mi amigo Angel, se han podido solucionar. Ahora mismo son las tres y media de la tarde, registro 15,6 grados en [&hellip;]<\/p>\n","protected":false},"author":16,"featured_media":4303,"comment_status":"open","ping_status":"closed","sticky":false,"template":"","format":"standard","meta":[],"categories":[2],"tags":[276,511,809,832,980],"_links":{"self":[{"href":"https:\/\/blogs.diariosur.es\/tormentas-y-rayos\/wp-json\/wp\/v2\/posts\/4294"}],"collection":[{"href":"https:\/\/blogs.diariosur.es\/tormentas-y-rayos\/wp-json\/wp\/v2\/posts"}],"about":[{"href":"https:\/\/blogs.diariosur.es\/tormentas-y-rayos\/wp-json\/wp\/v2\/types\/post"}],"author":[{"embeddable":true,"href":"https:\/\/blogs.diariosur.es\/tormentas-y-rayos\/wp-json\/wp\/v2\/users\/16"}],"replies":[{"embeddable":true,"href":"https:\/\/blogs.diariosur.es\/tormentas-y-rayos\/wp-json\/wp\/v2\/comments?post=4294"}],"version-history":[{"count":0,"href":"https:\/\/blogs.diariosur.es\/tormentas-y-rayos\/wp-json\/wp\/v2\/posts\/4294\/revisions"}],"wp:featuredmedia":[{"embeddable":true,"href":"https:\/\/blogs.diariosur.es\/tormentas-y-rayos\/wp-json\/wp\/v2\/media\/4303"}],"wp:attachment":[{"href":"https:\/\/blogs.diariosur.es\/tormentas-y-rayos\/wp-json\/wp\/v2\/media?parent=4294"}],"wp:term":[{"taxonomy":"category","embeddable":true,"href":"https:\/\/blogs.diariosur.es\/tormentas-y-rayos\/wp-json\/wp\/v2\/categories?post=4294"},{"taxonomy":"post_tag","embeddable":true,"href":"https:\/\/blogs.diariosur.es\/tormentas-y-rayos\/wp-json\/wp\/v2\/tags?post=4294"}],"curies":[{"name":"wp","href":"https:\/\/api.w.org\/{rel}","templated":true}]}}