{"id":42952,"date":"2025-01-05T10:30:49","date_gmt":"2025-01-05T09:30:49","guid":{"rendered":"https:\/\/blogs.diariosur.es\/tormentas-y-rayos\/?p=42952"},"modified":"2025-11-08T08:15:15","modified_gmt":"2025-11-08T07:15:15","slug":"el-frente-nos-traera-carbon-o-regalos-los-reyes-magos-solucionan-las-cabalgatas-con-magia","status":"publish","type":"post","link":"https:\/\/blogs.diariosur.es\/tormentas-y-rayos\/2025\/01\/05\/el-frente-nos-traera-carbon-o-regalos-los-reyes-magos-solucionan-las-cabalgatas-con-magia\/","title":{"rendered":"\u00bfEl frente nos traer\u00e1 carb\u00f3n o regalos? Los Reyes Magos solucionan las cabalgatas con magia."},"content":{"rendered":"<p><a href=\"https:\/\/static-blogs.diariosur.es\/wp-content\/uploads\/sites\/12\/2024\/11\/130738248_10221381944997043_6257362087676436516_n.jpg\"><img loading=\"lazy\" class=\"aligncenter size-thumbnail wp-image-42618\" src=\"https:\/\/static-blogs.diariosur.es\/wp-content\/uploads\/sites\/12\/2024\/11\/130738248_10221381944997043_6257362087676436516_n-150x150.jpg\" alt=\"\" width=\"150\" height=\"150\" srcset=\"https:\/\/static-blogs.diariosur.es\/wp-content\/uploads\/sites\/12\/2024\/11\/130738248_10221381944997043_6257362087676436516_n-150x150.jpg 150w, https:\/\/static-blogs.diariosur.es\/wp-content\/uploads\/sites\/12\/2024\/11\/130738248_10221381944997043_6257362087676436516_n-400x400.jpg 400w, https:\/\/static-blogs.diariosur.es\/wp-content\/uploads\/sites\/12\/2024\/11\/130738248_10221381944997043_6257362087676436516_n.jpg 768w\" sizes=\"(max-width: 150px) 100vw, 150px\" \/><\/a><\/p>\n<p data-pm-slice=\"1 1 []\">Buenos d\u00edas, amigos de la meteo. Cuando son las nueve y media de la ma\u00f1ana, la temperatura m\u00ednima en M\u00e1laga capital se ha registrado en la estaci\u00f3n de la Aemet del Aeropuerto con 8 \u00baC, los cielos est\u00e1n nubosos y el viento sopla flojo de direcci\u00f3n variable.<\/p>\n<h3><span style=\"color: #ff0000;\"><strong>\u00bfEl frente nos traer\u00e1 carb\u00f3n o regalos? <\/strong><\/span><\/h3>\n<p data-pm-slice=\"1 1 []\">Como comento en el t\u00edtulo del post, los Reyes Magos han hecho magia y todos los ni\u00f1os podr\u00e1n ver o han visto la Cabalgata de Reyes sin mojarse. Con los modelos actualizados, sigue la incertidumbre de la hora de la llegada del frente fr\u00edo a la zona m\u00e1s occidental de la provincia malague\u00f1a.<\/p>\n<p>Os paso una imagen del sat\u00e9lite Eumetsat para que ve\u00e1is d\u00f3nde se encuentra en estos momentos; ahora depende de si coge carrera, viene m\u00e1s lento y, sobre todo, si se reactiva. Se prev\u00e9 que en la zona m\u00e1s occidental llegue entre las siete o las ocho.<\/p>\n<p>&nbsp;<\/p>\n<p><a href=\"https:\/\/static-blogs.diariosur.es\/wp-content\/uploads\/sites\/12\/2025\/01\/webexterna_ColorIR87_08-30.jpg\"><img loading=\"lazy\" class=\"aligncenter size-full wp-image-42954\" src=\"https:\/\/static-blogs.diariosur.es\/wp-content\/uploads\/sites\/12\/2025\/01\/webexterna_ColorIR87_08-30.jpg\" alt=\"\" width=\"750\" height=\"518\" srcset=\"https:\/\/static-blogs.diariosur.es\/wp-content\/uploads\/sites\/12\/2025\/01\/webexterna_ColorIR87_08-30.jpg 750w, https:\/\/static-blogs.diariosur.es\/wp-content\/uploads\/sites\/12\/2025\/01\/webexterna_ColorIR87_08-30-579x400.jpg 579w, https:\/\/static-blogs.diariosur.es\/wp-content\/uploads\/sites\/12\/2025\/01\/webexterna_ColorIR87_08-30-591x408.jpg 591w\" sizes=\"(max-width: 750px) 100vw, 750px\" \/><\/a><\/p>\n<p>&nbsp;<\/p>\n<p data-pm-slice=\"1 1 []\">Ma\u00f1ana lunes, hasta primeras horas de la ma\u00f1ana, habr\u00e1 probabilidad de precipitaciones; en algunos puntos pueden ir acompa\u00f1adas de fen\u00f3menos tormentosos, siendo m\u00e1s probables en la zona m\u00e1s occidental cercana al Estrecho. Por la tarde podemos tener algunos chubascos posfrontales, que pueden dejar arco\u00edris. El viento rolar\u00e1 a componente noroeste con rachas fuertes; esto har\u00e1 que la sensaci\u00f3n t\u00e9rmica sea de m\u00e1s fr\u00edo.<\/p>\n<p>Os pongo los acumulados que prev\u00e9n algunos modelos en la provincia malague\u00f1a desde esta noche y hasta ma\u00f1ana a las once de la ma\u00f1ana.<\/p>\n<p>Si os fij\u00e1is, algunos dan carb\u00f3n y otros un bonito regalo de lluvias.<\/p>\n<p>AMERICANO<\/p>\n<p><a href=\"https:\/\/static-blogs.diariosur.es\/wp-content\/uploads\/sites\/12\/2025\/01\/americano-1.jpg\"><img loading=\"lazy\" class=\"aligncenter size-full wp-image-42955\" src=\"https:\/\/static-blogs.diariosur.es\/wp-content\/uploads\/sites\/12\/2025\/01\/americano-1.jpg\" alt=\"\" width=\"1147\" height=\"1141\" srcset=\"https:\/\/static-blogs.diariosur.es\/wp-content\/uploads\/sites\/12\/2025\/01\/americano-1.jpg 1147w, https:\/\/static-blogs.diariosur.es\/wp-content\/uploads\/sites\/12\/2025\/01\/americano-1-402x400.jpg 402w, https:\/\/static-blogs.diariosur.es\/wp-content\/uploads\/sites\/12\/2025\/01\/americano-1-410x408.jpg 410w, https:\/\/static-blogs.diariosur.es\/wp-content\/uploads\/sites\/12\/2025\/01\/americano-1-150x150.jpg 150w, https:\/\/static-blogs.diariosur.es\/wp-content\/uploads\/sites\/12\/2025\/01\/americano-1-768x764.jpg 768w\" sizes=\"(max-width: 1147px) 100vw, 1147px\" \/><\/a><\/p>\n<p>EUROPEO<\/p>\n<p>&nbsp;<\/p>\n<p><a href=\"https:\/\/static-blogs.diariosur.es\/wp-content\/uploads\/sites\/12\/2025\/01\/europeo-1.jpg\"><img loading=\"lazy\" class=\"aligncenter size-full wp-image-42956\" src=\"https:\/\/static-blogs.diariosur.es\/wp-content\/uploads\/sites\/12\/2025\/01\/europeo-1.jpg\" alt=\"\" width=\"1140\" height=\"1179\" srcset=\"https:\/\/static-blogs.diariosur.es\/wp-content\/uploads\/sites\/12\/2025\/01\/europeo-1.jpg 1140w, https:\/\/static-blogs.diariosur.es\/wp-content\/uploads\/sites\/12\/2025\/01\/europeo-1-387x400.jpg 387w, https:\/\/static-blogs.diariosur.es\/wp-content\/uploads\/sites\/12\/2025\/01\/europeo-1-395x408.jpg 395w, https:\/\/static-blogs.diariosur.es\/wp-content\/uploads\/sites\/12\/2025\/01\/europeo-1-768x794.jpg 768w\" sizes=\"(max-width: 1140px) 100vw, 1140px\" \/><\/a><\/p>\n<p>ARPEGE<\/p>\n<p><a href=\"https:\/\/static-blogs.diariosur.es\/wp-content\/uploads\/sites\/12\/2025\/01\/arpege.jpg\"><img loading=\"lazy\" class=\"aligncenter size-full wp-image-42957\" src=\"https:\/\/static-blogs.diariosur.es\/wp-content\/uploads\/sites\/12\/2025\/01\/arpege.jpg\" alt=\"\" width=\"1143\" height=\"1185\" srcset=\"https:\/\/static-blogs.diariosur.es\/wp-content\/uploads\/sites\/12\/2025\/01\/arpege.jpg 1143w, https:\/\/static-blogs.diariosur.es\/wp-content\/uploads\/sites\/12\/2025\/01\/arpege-386x400.jpg 386w, https:\/\/static-blogs.diariosur.es\/wp-content\/uploads\/sites\/12\/2025\/01\/arpege-394x408.jpg 394w, https:\/\/static-blogs.diariosur.es\/wp-content\/uploads\/sites\/12\/2025\/01\/arpege-768x796.jpg 768w\" sizes=\"(max-width: 1143px) 100vw, 1143px\" \/><\/a><\/p>\n<p>REINO UNIDO<\/p>\n<p><a href=\"https:\/\/static-blogs.diariosur.es\/wp-content\/uploads\/sites\/12\/2025\/01\/reino-unido.jpg\"><img loading=\"lazy\" class=\"aligncenter size-full wp-image-42958\" src=\"https:\/\/static-blogs.diariosur.es\/wp-content\/uploads\/sites\/12\/2025\/01\/reino-unido.jpg\" alt=\"\" width=\"1141\" height=\"1137\" srcset=\"https:\/\/static-blogs.diariosur.es\/wp-content\/uploads\/sites\/12\/2025\/01\/reino-unido.jpg 1141w, https:\/\/static-blogs.diariosur.es\/wp-content\/uploads\/sites\/12\/2025\/01\/reino-unido-401x400.jpg 401w, https:\/\/static-blogs.diariosur.es\/wp-content\/uploads\/sites\/12\/2025\/01\/reino-unido-409x408.jpg 409w, https:\/\/static-blogs.diariosur.es\/wp-content\/uploads\/sites\/12\/2025\/01\/reino-unido-150x150.jpg 150w, https:\/\/static-blogs.diariosur.es\/wp-content\/uploads\/sites\/12\/2025\/01\/reino-unido-768x765.jpg 768w\" sizes=\"(max-width: 1141px) 100vw, 1141px\" \/><\/a><\/p>\n<p>ICON<\/p>\n<p><a href=\"https:\/\/static-blogs.diariosur.es\/wp-content\/uploads\/sites\/12\/2025\/01\/icon.jpg\"><img loading=\"lazy\" class=\"aligncenter size-full wp-image-42959\" src=\"https:\/\/static-blogs.diariosur.es\/wp-content\/uploads\/sites\/12\/2025\/01\/icon.jpg\" alt=\"\" width=\"1134\" height=\"1134\" srcset=\"https:\/\/static-blogs.diariosur.es\/wp-content\/uploads\/sites\/12\/2025\/01\/icon.jpg 1134w, https:\/\/static-blogs.diariosur.es\/wp-content\/uploads\/sites\/12\/2025\/01\/icon-400x400.jpg 400w, https:\/\/static-blogs.diariosur.es\/wp-content\/uploads\/sites\/12\/2025\/01\/icon-408x408.jpg 408w, https:\/\/static-blogs.diariosur.es\/wp-content\/uploads\/sites\/12\/2025\/01\/icon-150x150.jpg 150w, https:\/\/static-blogs.diariosur.es\/wp-content\/uploads\/sites\/12\/2025\/01\/icon-768x768.jpg 768w\" sizes=\"(max-width: 1134px) 100vw, 1134px\" \/><\/a><\/p>\n<p>&nbsp;<\/p>\n<p>Y por \u00faltimo el modelo Harmonie- Arome por tramos horarios..<\/p>\n<p><a href=\"https:\/\/static-blogs.diariosur.es\/wp-content\/uploads\/sites\/12\/2025\/01\/1.png\"><img loading=\"lazy\" class=\"aligncenter size-full wp-image-42960\" src=\"https:\/\/static-blogs.diariosur.es\/wp-content\/uploads\/sites\/12\/2025\/01\/1.png\" alt=\"\" width=\"800\" height=\"566\" srcset=\"https:\/\/static-blogs.diariosur.es\/wp-content\/uploads\/sites\/12\/2025\/01\/1.png 800w, https:\/\/static-blogs.diariosur.es\/wp-content\/uploads\/sites\/12\/2025\/01\/1-565x400.png 565w, https:\/\/static-blogs.diariosur.es\/wp-content\/uploads\/sites\/12\/2025\/01\/1-577x408.png 577w, https:\/\/static-blogs.diariosur.es\/wp-content\/uploads\/sites\/12\/2025\/01\/1-768x543.png 768w\" sizes=\"(max-width: 800px) 100vw, 800px\" \/><\/a><\/p>\n<p><a href=\"https:\/\/static-blogs.diariosur.es\/wp-content\/uploads\/sites\/12\/2025\/01\/2.png\"><img loading=\"lazy\" class=\"aligncenter size-full wp-image-42961\" src=\"https:\/\/static-blogs.diariosur.es\/wp-content\/uploads\/sites\/12\/2025\/01\/2.png\" alt=\"\" width=\"800\" height=\"566\" srcset=\"https:\/\/static-blogs.diariosur.es\/wp-content\/uploads\/sites\/12\/2025\/01\/2.png 800w, https:\/\/static-blogs.diariosur.es\/wp-content\/uploads\/sites\/12\/2025\/01\/2-565x400.png 565w, https:\/\/static-blogs.diariosur.es\/wp-content\/uploads\/sites\/12\/2025\/01\/2-577x408.png 577w, https:\/\/static-blogs.diariosur.es\/wp-content\/uploads\/sites\/12\/2025\/01\/2-768x543.png 768w\" sizes=\"(max-width: 800px) 100vw, 800px\" \/><\/a><\/p>\n<p><a href=\"https:\/\/static-blogs.diariosur.es\/wp-content\/uploads\/sites\/12\/2025\/01\/3.png\"><img loading=\"lazy\" class=\"aligncenter size-full wp-image-42962\" src=\"https:\/\/static-blogs.diariosur.es\/wp-content\/uploads\/sites\/12\/2025\/01\/3.png\" alt=\"\" width=\"800\" height=\"566\" srcset=\"https:\/\/static-blogs.diariosur.es\/wp-content\/uploads\/sites\/12\/2025\/01\/3.png 800w, https:\/\/static-blogs.diariosur.es\/wp-content\/uploads\/sites\/12\/2025\/01\/3-565x400.png 565w, https:\/\/static-blogs.diariosur.es\/wp-content\/uploads\/sites\/12\/2025\/01\/3-577x408.png 577w, https:\/\/static-blogs.diariosur.es\/wp-content\/uploads\/sites\/12\/2025\/01\/3-768x543.png 768w\" sizes=\"(max-width: 800px) 100vw, 800px\" \/><\/a><\/p>\n<p>&nbsp;<\/p>\n<p>Os dejo con esta bonita foto de mi amigo Crist\u00f3bal Gambero,<\/p>\n<p>&nbsp;<\/p>\n<p><a href=\"https:\/\/static-blogs.diariosur.es\/wp-content\/uploads\/sites\/12\/2025\/01\/472156579_8867368076645441_5645926396087587059_n-1-e1736069330234.jpg\"><img loading=\"lazy\" class=\"aligncenter size-full wp-image-42964\" src=\"https:\/\/static-blogs.diariosur.es\/wp-content\/uploads\/sites\/12\/2025\/01\/472156579_8867368076645441_5645926396087587059_n-1-e1736069330234.jpg\" alt=\"\" width=\"1000\" height=\"750\" \/><\/a><\/p>\n","protected":false},"excerpt":{"rendered":"<p>Buenos d\u00edas, amigos de la meteo. Cuando son las nueve y media de la ma\u00f1ana, la temperatura m\u00ednima en M\u00e1laga capital se ha registrado en la estaci\u00f3n de la Aemet del Aeropuerto con 8 \u00baC, los cielos est\u00e1n nubosos y el viento sopla flojo de direcci\u00f3n variable. \u00bfEl frente nos traer\u00e1 carb\u00f3n o regalos? Como [&hellip;]<\/p>\n","protected":false},"author":16,"featured_media":42964,"comment_status":"open","ping_status":"open","sticky":false,"template":"","format":"standard","meta":[],"categories":[2],"tags":[94,100,151,188,307,358,569,586,587,1980,860],"_links":{"self":[{"href":"https:\/\/blogs.diariosur.es\/tormentas-y-rayos\/wp-json\/wp\/v2\/posts\/42952"}],"collection":[{"href":"https:\/\/blogs.diariosur.es\/tormentas-y-rayos\/wp-json\/wp\/v2\/posts"}],"about":[{"href":"https:\/\/blogs.diariosur.es\/tormentas-y-rayos\/wp-json\/wp\/v2\/types\/post"}],"author":[{"embeddable":true,"href":"https:\/\/blogs.diariosur.es\/tormentas-y-rayos\/wp-json\/wp\/v2\/users\/16"}],"replies":[{"embeddable":true,"href":"https:\/\/blogs.diariosur.es\/tormentas-y-rayos\/wp-json\/wp\/v2\/comments?post=42952"}],"version-history":[{"count":6,"href":"https:\/\/blogs.diariosur.es\/tormentas-y-rayos\/wp-json\/wp\/v2\/posts\/42952\/revisions"}],"predecessor-version":[{"id":47220,"href":"https:\/\/blogs.diariosur.es\/tormentas-y-rayos\/wp-json\/wp\/v2\/posts\/42952\/revisions\/47220"}],"wp:featuredmedia":[{"embeddable":true,"href":"https:\/\/blogs.diariosur.es\/tormentas-y-rayos\/wp-json\/wp\/v2\/media\/42964"}],"wp:attachment":[{"href":"https:\/\/blogs.diariosur.es\/tormentas-y-rayos\/wp-json\/wp\/v2\/media?parent=42952"}],"wp:term":[{"taxonomy":"category","embeddable":true,"href":"https:\/\/blogs.diariosur.es\/tormentas-y-rayos\/wp-json\/wp\/v2\/categories?post=42952"},{"taxonomy":"post_tag","embeddable":true,"href":"https:\/\/blogs.diariosur.es\/tormentas-y-rayos\/wp-json\/wp\/v2\/tags?post=42952"}],"curies":[{"name":"wp","href":"https:\/\/api.w.org\/{rel}","templated":true}]}}