{"id":42968,"date":"2025-01-06T09:03:02","date_gmt":"2025-01-06T08:03:02","guid":{"rendered":"https:\/\/blogs.diariosur.es\/tormentas-y-rayos\/?p=42968"},"modified":"2025-11-08T08:12:41","modified_gmt":"2025-11-08T07:12:41","slug":"acumulados-de-precipitacion-en-la-provincia-malaguena","status":"publish","type":"post","link":"https:\/\/blogs.diariosur.es\/tormentas-y-rayos\/2025\/01\/06\/acumulados-de-precipitacion-en-la-provincia-malaguena\/","title":{"rendered":"Acumulados de precipitaci\u00f3n en la provincia de M\u00e1laga"},"content":{"rendered":"<p><a href=\"https:\/\/static-blogs.diariosur.es\/wp-content\/uploads\/sites\/12\/2024\/11\/130738248_10221381944997043_6257362087676436516_n.jpg\"><img loading=\"lazy\" class=\"aligncenter size-thumbnail wp-image-42618\" src=\"https:\/\/static-blogs.diariosur.es\/wp-content\/uploads\/sites\/12\/2024\/11\/130738248_10221381944997043_6257362087676436516_n-150x150.jpg\" alt=\"\" width=\"150\" height=\"150\" srcset=\"https:\/\/static-blogs.diariosur.es\/wp-content\/uploads\/sites\/12\/2024\/11\/130738248_10221381944997043_6257362087676436516_n-150x150.jpg 150w, https:\/\/static-blogs.diariosur.es\/wp-content\/uploads\/sites\/12\/2024\/11\/130738248_10221381944997043_6257362087676436516_n-400x400.jpg 400w, https:\/\/static-blogs.diariosur.es\/wp-content\/uploads\/sites\/12\/2024\/11\/130738248_10221381944997043_6257362087676436516_n.jpg 768w\" sizes=\"(max-width: 150px) 100vw, 150px\" \/><\/a><\/p>\n<p>Buenos d\u00edas, amigos de la meteo. Os pongo los acumulados de precipitaci\u00f3n que se han dado en la provincia malague\u00f1a desde ayer a las 20:00 horas y hasta las nueve de la ma\u00f1ana de hoy 6 de enero. Os recuerdo que mm significa litros por metro cuadrado.<\/p>\n<p>En las Comarcas de Ronda y Antequera no ha llovido mucho, en los embalses del Guadalhorce muy poco.<\/p>\n<p>Fuentes: aemet, meteoclimatic, red hidrosur y Wunderground.<\/p>\n<p>Frigiliana 31 mm<\/p>\n<p>Ist\u00e1n\u00a0 23,2 mm<\/p>\n<p>Mijas Pueblo\u00a0 21,2 mm<\/p>\n<p>Benalm\u00e1dena Arroyo de la Miel\u00a0 18,6 mm<\/p>\n<p>Algatoc\u00edn\u00a0 18 5 mm<\/p>\n<p>Alhaur\u00edn de la Torre\u00a0 12 mm<\/p>\n<p>Alhaur\u00edn el Grande\u00a0 14 mm<\/p>\n<p>Nerja las Palmeras 29 mm<\/p>\n<p>Aemet Puerto en M\u00e1laga\u00a0 19,3 mm<\/p>\n<p>Aemet Centro Meteorol\u00f3gico 18 2 mm<\/p>\n<p>Estepona 36,8 mm<\/p>\n<p>Fuengirola\u00a0 23,7 mm<\/p>\n<p>Torremolinos\u00a0 19,6 mm<\/p>\n<p>Marbella Puerto 29,4 mm<\/p>\n<p>Manilva\u00a0 32,4 mm<\/p>\n<p>Cortes de la Frontera\u00a0 24 mm<\/p>\n<p>Alpande\u00edre\u00a0 21 mm<\/p>\n<p>Gaucin 22 mm<\/p>\n<p>Ronda San Crist\u00f3bal\u00a0 \u00a07 mm<\/p>\n<p>\u00c1lora 8 mm<\/p>\n<p>Los Reales\u00a0 31,4 mm<\/p>\n<p>Rio Genal Jubrique\u00a0 20,6 mm<\/p>\n<p><strong>Embalse de la Concepci\u00f3n\u00a0 28,8 mm<\/strong><\/p>\n<p><strong>Embalse Guadalhorce y Guadalteba\u00a0 5,6 mm<\/strong><\/p>\n<p><strong>Embalse Guadalmina\u00a0 26,8 mm<\/strong><\/p>\n<p><strong>Embalse Guadalmansa\u00a0 31 mm<\/strong><\/p>\n<p><strong>Embalse la Vi\u00f1uela\u00a0 18,6 mm<\/strong><\/p>\n<p><strong>Embalse Casasola\u00a0 13,2 mm<\/strong><\/p>\n<p><strong>Embalse Limonero\u00a0 20,2 mm<\/strong><\/p>\n<p>Depuradora de Marbella\u00a0 32,5 mm<\/p>\n<p>Santo Pitar 19,8 mm<\/p>\n<p>Alcauc\u00edn\u00a0 18,8 mm<\/p>\n<p>Villanueva de la Concepci\u00f3n 13 mm<\/p>\n<p>Colmenar\u00a0 12,3 mm<\/p>\n<p>Alfarnatejo\u00a0 18,6 mm<\/p>\n<p>Rio Benamargosa\u00a0 19,6 mm<\/p>\n<p>Torrox 21 mm<\/p>\n<p>Torre del Mar\u00a0 21,6 mm<\/p>\n<p>Rio Guadiaro 19,9 mm<\/p>\n<p>Casarabonela 8 mm<\/p>\n<p>Coin 9,5 mm<\/p>\n<p>Almachar 27 mm<\/p>\n<p>El Borge 28 mm<\/p>\n<p>Benamocarra\u00a0 27,5 mm<\/p>\n<p>Canillas del Aceituno\u00a0 25 mm<\/p>\n<p>V\u00e9lez M\u00e1laga\u00a0 19,8 mm<\/p>\n<p>Periana\u00a0 23 mm<\/p>\n<p>&nbsp;<\/p>\n<p>&nbsp;<\/p>\n<p>&nbsp;<\/p>\n<p>&nbsp;<\/p>\n<p>&nbsp;<\/p>\n<p>&nbsp;<\/p>\n","protected":false},"excerpt":{"rendered":"<p>Buenos d\u00edas, amigos de la meteo. Os pongo los acumulados de precipitaci\u00f3n que se han dado en la provincia malague\u00f1a desde ayer a las 20:00 horas y hasta las nueve de la ma\u00f1ana de hoy 6 de enero. Os recuerdo que mm significa litros por metro cuadrado. En las Comarcas de Ronda y Antequera no [&hellip;]<\/p>\n","protected":false},"author":16,"featured_media":42162,"comment_status":"open","ping_status":"open","sticky":false,"template":"","format":"standard","meta":[],"categories":[2],"tags":[1093,358,569,587],"_links":{"self":[{"href":"https:\/\/blogs.diariosur.es\/tormentas-y-rayos\/wp-json\/wp\/v2\/posts\/42968"}],"collection":[{"href":"https:\/\/blogs.diariosur.es\/tormentas-y-rayos\/wp-json\/wp\/v2\/posts"}],"about":[{"href":"https:\/\/blogs.diariosur.es\/tormentas-y-rayos\/wp-json\/wp\/v2\/types\/post"}],"author":[{"embeddable":true,"href":"https:\/\/blogs.diariosur.es\/tormentas-y-rayos\/wp-json\/wp\/v2\/users\/16"}],"replies":[{"embeddable":true,"href":"https:\/\/blogs.diariosur.es\/tormentas-y-rayos\/wp-json\/wp\/v2\/comments?post=42968"}],"version-history":[{"count":3,"href":"https:\/\/blogs.diariosur.es\/tormentas-y-rayos\/wp-json\/wp\/v2\/posts\/42968\/revisions"}],"predecessor-version":[{"id":42971,"href":"https:\/\/blogs.diariosur.es\/tormentas-y-rayos\/wp-json\/wp\/v2\/posts\/42968\/revisions\/42971"}],"wp:featuredmedia":[{"embeddable":true,"href":"https:\/\/blogs.diariosur.es\/tormentas-y-rayos\/wp-json\/wp\/v2\/media\/42162"}],"wp:attachment":[{"href":"https:\/\/blogs.diariosur.es\/tormentas-y-rayos\/wp-json\/wp\/v2\/media?parent=42968"}],"wp:term":[{"taxonomy":"category","embeddable":true,"href":"https:\/\/blogs.diariosur.es\/tormentas-y-rayos\/wp-json\/wp\/v2\/categories?post=42968"},{"taxonomy":"post_tag","embeddable":true,"href":"https:\/\/blogs.diariosur.es\/tormentas-y-rayos\/wp-json\/wp\/v2\/tags?post=42968"}],"curies":[{"name":"wp","href":"https:\/\/api.w.org\/{rel}","templated":true}]}}