{"id":42985,"date":"2025-01-08T08:35:58","date_gmt":"2025-01-08T07:35:58","guid":{"rendered":"https:\/\/blogs.diariosur.es\/tormentas-y-rayos\/?p=42985"},"modified":"2025-11-08T08:07:42","modified_gmt":"2025-11-08T07:07:42","slug":"manana-jueves-cruza-la-provincia-de-malaga-un-frente-en-frontolisis","status":"publish","type":"post","link":"https:\/\/blogs.diariosur.es\/tormentas-y-rayos\/2025\/01\/08\/manana-jueves-cruza-la-provincia-de-malaga-un-frente-en-frontolisis\/","title":{"rendered":"Ma\u00f1ana jueves cruza la provincia de M\u00e1laga un frente en frontolisis"},"content":{"rendered":"<p><a href=\"https:\/\/static-blogs.diariosur.es\/wp-content\/uploads\/sites\/12\/2024\/11\/130738248_10221381944997043_6257362087676436516_n.jpg\"><img loading=\"lazy\" class=\"aligncenter size-thumbnail wp-image-42618\" src=\"https:\/\/static-blogs.diariosur.es\/wp-content\/uploads\/sites\/12\/2024\/11\/130738248_10221381944997043_6257362087676436516_n-150x150.jpg\" alt=\"\" width=\"150\" height=\"150\" srcset=\"https:\/\/static-blogs.diariosur.es\/wp-content\/uploads\/sites\/12\/2024\/11\/130738248_10221381944997043_6257362087676436516_n-150x150.jpg 150w, https:\/\/static-blogs.diariosur.es\/wp-content\/uploads\/sites\/12\/2024\/11\/130738248_10221381944997043_6257362087676436516_n-400x400.jpg 400w, https:\/\/static-blogs.diariosur.es\/wp-content\/uploads\/sites\/12\/2024\/11\/130738248_10221381944997043_6257362087676436516_n.jpg 768w\" sizes=\"(max-width: 150px) 100vw, 150px\" \/><\/a><\/p>\n<p data-pm-slice=\"1 1 []\">Buenos d\u00edas, amigos de la meteo. Cuando son las ocho de la ma\u00f1ana en M\u00e1laga capital, la temperatura en la estaci\u00f3n de la Aemet del aeropuerto es de 6,6 \u00baC, en Antequera 1,1 \u00baC y en Ronda 7,6 \u00baC.<\/p>\n<p>Hoy mi\u00e9rcoles se espera una temperatura m\u00e1xima en la capital de 20 \u00baC; en las dem\u00e1s zonas de la provincia rondar\u00e1n entre los 16 y 20 grados. Muy por encima de la media para un mes de enero.<\/p>\n<h3><strong>Ma\u00f1ana jueves cruza la provincia de M\u00e1laga un frente en frontolisis.<\/strong><\/h3>\n<p>Para los nuevos que entr\u00e1is al blog y no sep\u00e1is qu\u00e9 es un frente en frontolisis, la AEMET lo define as\u00ed. Representa un frente fr\u00edo\/c\u00e1lido que est\u00e1 perdiendo identidad, es decir, <strong>se est\u00e1 debilitando<\/strong>. La nubosidad y la precipitaci\u00f3n ser\u00e1n cada vez m\u00e1s fragmentadas.<\/p>\n<p>Este frente se espera durante la pr\u00f3xima madrugada y primeras horas de la ma\u00f1ana. Las zonas de la provincia donde hay m\u00e1s probabilidad de precipitaciones d\u00e9biles y dispersas ser\u00e1n: interior m\u00e1s occidental y comarca de Antequera. En zonas de costa baja, la probabilidad. Una vez pase el frente, tendremos rachas moderadas de poniente y terral de invierno. Ma\u00f1ana jueves se espera una m\u00e1xima de 21 o 22 grados en M\u00e1laga capital.<\/p>\n<p>Poco m\u00e1s que contar; nos vemos ma\u00f1ana.<\/p>\n<p>&nbsp;<\/p>\n<p>&nbsp;<\/p>\n","protected":false},"excerpt":{"rendered":"<p>Buenos d\u00edas, amigos de la meteo. Cuando son las ocho de la ma\u00f1ana en M\u00e1laga capital, la temperatura en la estaci\u00f3n de la Aemet del aeropuerto es de 6,6 \u00baC, en Antequera 1,1 \u00baC y en Ronda 7,6 \u00baC. Hoy mi\u00e9rcoles se espera una temperatura m\u00e1xima en la capital de 20 \u00baC; en las dem\u00e1s [&hellip;]<\/p>\n","protected":false},"author":16,"featured_media":42987,"comment_status":"open","ping_status":"open","sticky":false,"template":"","format":"standard","meta":[],"categories":[2],"tags":[307,358,426,569,587,800],"_links":{"self":[{"href":"https:\/\/blogs.diariosur.es\/tormentas-y-rayos\/wp-json\/wp\/v2\/posts\/42985"}],"collection":[{"href":"https:\/\/blogs.diariosur.es\/tormentas-y-rayos\/wp-json\/wp\/v2\/posts"}],"about":[{"href":"https:\/\/blogs.diariosur.es\/tormentas-y-rayos\/wp-json\/wp\/v2\/types\/post"}],"author":[{"embeddable":true,"href":"https:\/\/blogs.diariosur.es\/tormentas-y-rayos\/wp-json\/wp\/v2\/users\/16"}],"replies":[{"embeddable":true,"href":"https:\/\/blogs.diariosur.es\/tormentas-y-rayos\/wp-json\/wp\/v2\/comments?post=42985"}],"version-history":[{"count":2,"href":"https:\/\/blogs.diariosur.es\/tormentas-y-rayos\/wp-json\/wp\/v2\/posts\/42985\/revisions"}],"predecessor-version":[{"id":47217,"href":"https:\/\/blogs.diariosur.es\/tormentas-y-rayos\/wp-json\/wp\/v2\/posts\/42985\/revisions\/47217"}],"wp:featuredmedia":[{"embeddable":true,"href":"https:\/\/blogs.diariosur.es\/tormentas-y-rayos\/wp-json\/wp\/v2\/media\/42987"}],"wp:attachment":[{"href":"https:\/\/blogs.diariosur.es\/tormentas-y-rayos\/wp-json\/wp\/v2\/media?parent=42985"}],"wp:term":[{"taxonomy":"category","embeddable":true,"href":"https:\/\/blogs.diariosur.es\/tormentas-y-rayos\/wp-json\/wp\/v2\/categories?post=42985"},{"taxonomy":"post_tag","embeddable":true,"href":"https:\/\/blogs.diariosur.es\/tormentas-y-rayos\/wp-json\/wp\/v2\/tags?post=42985"}],"curies":[{"name":"wp","href":"https:\/\/api.w.org\/{rel}","templated":true}]}}