{"id":42988,"date":"2025-01-09T08:49:39","date_gmt":"2025-01-09T07:49:39","guid":{"rendered":"https:\/\/blogs.diariosur.es\/tormentas-y-rayos\/?p=42988"},"modified":"2025-11-08T08:06:03","modified_gmt":"2025-11-08T07:06:03","slug":"que-tiempo-hara-el-fin-de-semana-playita-el-frente-en-frontolisis-deja-estos-acumulados","status":"publish","type":"post","link":"https:\/\/blogs.diariosur.es\/tormentas-y-rayos\/2025\/01\/09\/que-tiempo-hara-el-fin-de-semana-playita-el-frente-en-frontolisis-deja-estos-acumulados\/","title":{"rendered":"\u00bfQu\u00e9 tiempo har\u00e1 el fin de semana en la provincia de M\u00e1laga, playita? El frente en frontolisis deja estos acumulados."},"content":{"rendered":"<p><a href=\"https:\/\/static-blogs.diariosur.es\/wp-content\/uploads\/sites\/12\/2024\/11\/130738248_10221381944997043_6257362087676436516_n.jpg\"><img loading=\"lazy\" class=\"aligncenter size-thumbnail wp-image-42618\" src=\"https:\/\/static-blogs.diariosur.es\/wp-content\/uploads\/sites\/12\/2024\/11\/130738248_10221381944997043_6257362087676436516_n-150x150.jpg\" alt=\"\" width=\"150\" height=\"150\" srcset=\"https:\/\/static-blogs.diariosur.es\/wp-content\/uploads\/sites\/12\/2024\/11\/130738248_10221381944997043_6257362087676436516_n-150x150.jpg 150w, https:\/\/static-blogs.diariosur.es\/wp-content\/uploads\/sites\/12\/2024\/11\/130738248_10221381944997043_6257362087676436516_n-400x400.jpg 400w, https:\/\/static-blogs.diariosur.es\/wp-content\/uploads\/sites\/12\/2024\/11\/130738248_10221381944997043_6257362087676436516_n.jpg 768w\" sizes=\"(max-width: 150px) 100vw, 150px\" \/><\/a><\/p>\n<p data-pm-slice=\"1 1 []\">Muy buenos d\u00edas, amigos de la meteo. Os doy primeramente la probable predicci\u00f3n del fin de semana, y a continuaci\u00f3n los acumulados que ha dejado el frente en frontolisis hasta las 8:30 de la ma\u00f1ana.<\/p>\n<h3><strong>\u00bfQu\u00e9 tiempo har\u00e1 el fin de semana?<\/strong><\/h3>\n<p><span style=\"color: #0000ff;\"><strong>Viernes 10 de enero<\/strong><\/span><\/p>\n<p>La probabilidad de precipitaciones es muy baja; destacar las probables nieblas que se dar\u00e1n por el interior; mucha precauci\u00f3n si vais en el coche. El viento soplar\u00e1 de terral de invierno y poniente; no espero rachas fuertes.<\/p>\n<p>Ma\u00f1ana se esperan estas temperaturas m\u00e1ximas, si os fij\u00e1is, muy por encima de la media.<\/p>\n<p>&nbsp;<\/p>\n<p>&nbsp;<\/p>\n<p><a href=\"https:\/\/static-blogs.diariosur.es\/wp-content\/uploads\/sites\/12\/2025\/01\/viernes-2.jpg\"><img loading=\"lazy\" class=\"aligncenter size-full wp-image-42996\" src=\"https:\/\/static-blogs.diariosur.es\/wp-content\/uploads\/sites\/12\/2025\/01\/viernes-2.jpg\" alt=\"\" width=\"1045\" height=\"816\" srcset=\"https:\/\/static-blogs.diariosur.es\/wp-content\/uploads\/sites\/12\/2025\/01\/viernes-2.jpg 1045w, https:\/\/static-blogs.diariosur.es\/wp-content\/uploads\/sites\/12\/2025\/01\/viernes-2-512x400.jpg 512w, https:\/\/static-blogs.diariosur.es\/wp-content\/uploads\/sites\/12\/2025\/01\/viernes-2-523x408.jpg 523w, https:\/\/static-blogs.diariosur.es\/wp-content\/uploads\/sites\/12\/2025\/01\/viernes-2-768x600.jpg 768w\" sizes=\"(max-width: 1045px) 100vw, 1045px\" \/><\/a><\/p>\n<p>&nbsp;<\/p>\n<p>&nbsp;<\/p>\n<p><span style=\"color: #0000ff;\"><strong>S\u00e1bado 11 de enero<\/strong><\/span><\/p>\n<p data-pm-slice=\"1 1 []\">Seguiremos con probabilidad muy baja de precipitaciones. El viento soplar\u00e1 de terral de invierno y poniente con rachas de <strong>moderadas a fuertes.<\/strong><\/p>\n<p>Las temperaturas m\u00e1ximas y m\u00ednimas por encima de la media, como pod\u00e9is ver en el mapa de la AEMET.<\/p>\n<p>&nbsp;<\/p>\n<p>&nbsp;<\/p>\n<p>&nbsp;<\/p>\n<p><a href=\"https:\/\/static-blogs.diariosur.es\/wp-content\/uploads\/sites\/12\/2025\/01\/sabado.jpg\"><img loading=\"lazy\" class=\"aligncenter size-full wp-image-42994\" src=\"https:\/\/static-blogs.diariosur.es\/wp-content\/uploads\/sites\/12\/2025\/01\/sabado.jpg\" alt=\"\" width=\"1027\" height=\"813\" srcset=\"https:\/\/static-blogs.diariosur.es\/wp-content\/uploads\/sites\/12\/2025\/01\/sabado.jpg 1027w, https:\/\/static-blogs.diariosur.es\/wp-content\/uploads\/sites\/12\/2025\/01\/sabado-505x400.jpg 505w, https:\/\/static-blogs.diariosur.es\/wp-content\/uploads\/sites\/12\/2025\/01\/sabado-515x408.jpg 515w, https:\/\/static-blogs.diariosur.es\/wp-content\/uploads\/sites\/12\/2025\/01\/sabado-768x608.jpg 768w\" sizes=\"(max-width: 1027px) 100vw, 1027px\" \/><\/a><\/p>\n<p>&nbsp;<\/p>\n<p><span style=\"color: #0000ff;\"><strong>Domingo 12 de enero<\/strong><\/span><\/p>\n<p>&nbsp;<\/p>\n<p data-pm-slice=\"1 1 []\">El viento seguir\u00e1 de terral y poniente hasta primeras horas de la tarde; luego cambiar\u00e1 a levante, que traer\u00e1 nubes bajas. Hay probabilidad de que en la madrugada del lunes puedan caer algunas gotas por la costa malague\u00f1a. Os adelanto que a partir del lunes bajan las temperaturas y hay probabilidad de precipitaciones los primeros d\u00edas de la semana; esto que os comento lo veremos mejor el s\u00e1bado con los modelos actualizados;<strong> todo depender\u00e1 de d\u00f3nde se coloque la dana.<\/strong><\/p>\n<p>Os paso las temperaturas m\u00e1ximas y m\u00ednimas que prev\u00e9 la Aemet.<\/p>\n<p>&nbsp;<\/p>\n<p>&nbsp;<\/p>\n<p>&nbsp;<\/p>\n<p><a href=\"https:\/\/static-blogs.diariosur.es\/wp-content\/uploads\/sites\/12\/2025\/01\/domingo.jpg\"><img loading=\"lazy\" class=\"aligncenter size-full wp-image-42995\" src=\"https:\/\/static-blogs.diariosur.es\/wp-content\/uploads\/sites\/12\/2025\/01\/domingo.jpg\" alt=\"\" width=\"1042\" height=\"817\" srcset=\"https:\/\/static-blogs.diariosur.es\/wp-content\/uploads\/sites\/12\/2025\/01\/domingo.jpg 1042w, https:\/\/static-blogs.diariosur.es\/wp-content\/uploads\/sites\/12\/2025\/01\/domingo-510x400.jpg 510w, https:\/\/static-blogs.diariosur.es\/wp-content\/uploads\/sites\/12\/2025\/01\/domingo-520x408.jpg 520w, https:\/\/static-blogs.diariosur.es\/wp-content\/uploads\/sites\/12\/2025\/01\/domingo-768x602.jpg 768w\" sizes=\"(max-width: 1042px) 100vw, 1042px\" \/><\/a><\/p>\n<p>&nbsp;<\/p>\n<p>&nbsp;<\/p>\n<p data-pm-slice=\"1 1 []\">Os paso estos acumulados que ha dejado el frente en frontolisis. Como se esperaba, muy poca cosa.<\/p>\n<p>Fuentes AEMET. Red Hidrosur, Meteoclimatic y Wunderground.<\/p>\n<p>Cortes de la Frontera 9,6 mm<\/p>\n<p>Gauc\u00edn\u00a07 mm<\/p>\n<p>Alpandeire 12,2 mm<\/p>\n<p>Fuente de Piedra 4,2 mm<\/p>\n<p>Antequera 2 mm<\/p>\n<p>Los Reales 8,2 mm<\/p>\n<p>El Colmenar las Buitreras\u00a09 mm<\/p>\n<p>Alameda 5 mm<\/p>\n<p>Algatoc\u00edn\u00a025 mm<\/p>\n<p>Archidona Huertas del R\u00edo\u00a03 mm<\/p>\n<p>Ronda San Crist\u00f3bal 4,2 mm<\/p>\n<p>R\u00edo Genal Jubrique 11,6<\/p>\n<p>Cuevas del Becerro 6,7 mm<\/p>\n<p>Ca\u00f1ete La Real 5,7 mm<\/p>\n<p>Embalse del Guadalteba: 2 mm<\/p>\n<p>R\u00edo Guadalhorce Bobadilla 3 mm<\/p>\n<p>Humilladero 4,5 mm<\/p>\n<p>Villanueva del Rosario: 3,4 mm<\/p>\n<p>El Burgo 3 mm<\/p>\n<p>At\u00e1jate 21 mm.<\/p>\n<p>Libar 19,8 mm<\/p>\n<p>&nbsp;<\/p>\n","protected":false},"excerpt":{"rendered":"<p>Muy buenos d\u00edas, amigos de la meteo. Os doy primeramente la probable predicci\u00f3n del fin de semana, y a continuaci\u00f3n los acumulados que ha dejado el frente en frontolisis hasta las 8:30 de la ma\u00f1ana. \u00bfQu\u00e9 tiempo har\u00e1 el fin de semana? Viernes 10 de enero La probabilidad de precipitaciones es muy baja; destacar las [&hellip;]<\/p>\n","protected":false},"author":16,"featured_media":42997,"comment_status":"open","ping_status":"open","sticky":false,"template":"","format":"standard","meta":[],"categories":[2],"tags":[1905,587],"_links":{"self":[{"href":"https:\/\/blogs.diariosur.es\/tormentas-y-rayos\/wp-json\/wp\/v2\/posts\/42988"}],"collection":[{"href":"https:\/\/blogs.diariosur.es\/tormentas-y-rayos\/wp-json\/wp\/v2\/posts"}],"about":[{"href":"https:\/\/blogs.diariosur.es\/tormentas-y-rayos\/wp-json\/wp\/v2\/types\/post"}],"author":[{"embeddable":true,"href":"https:\/\/blogs.diariosur.es\/tormentas-y-rayos\/wp-json\/wp\/v2\/users\/16"}],"replies":[{"embeddable":true,"href":"https:\/\/blogs.diariosur.es\/tormentas-y-rayos\/wp-json\/wp\/v2\/comments?post=42988"}],"version-history":[{"count":13,"href":"https:\/\/blogs.diariosur.es\/tormentas-y-rayos\/wp-json\/wp\/v2\/posts\/42988\/revisions"}],"predecessor-version":[{"id":47216,"href":"https:\/\/blogs.diariosur.es\/tormentas-y-rayos\/wp-json\/wp\/v2\/posts\/42988\/revisions\/47216"}],"wp:featuredmedia":[{"embeddable":true,"href":"https:\/\/blogs.diariosur.es\/tormentas-y-rayos\/wp-json\/wp\/v2\/media\/42997"}],"wp:attachment":[{"href":"https:\/\/blogs.diariosur.es\/tormentas-y-rayos\/wp-json\/wp\/v2\/media?parent=42988"}],"wp:term":[{"taxonomy":"category","embeddable":true,"href":"https:\/\/blogs.diariosur.es\/tormentas-y-rayos\/wp-json\/wp\/v2\/categories?post=42988"},{"taxonomy":"post_tag","embeddable":true,"href":"https:\/\/blogs.diariosur.es\/tormentas-y-rayos\/wp-json\/wp\/v2\/tags?post=42988"}],"curies":[{"name":"wp","href":"https:\/\/api.w.org\/{rel}","templated":true}]}}