{"id":43006,"date":"2025-01-10T15:47:47","date_gmt":"2025-01-10T14:47:47","guid":{"rendered":"https:\/\/blogs.diariosur.es\/tormentas-y-rayos\/?p=43006"},"modified":"2025-11-08T08:01:17","modified_gmt":"2025-11-08T07:01:17","slug":"sabeis-que-temperatura-maxima-tuvimos-en-malaga-tal-dia-como-hoy-de-2021","status":"publish","type":"post","link":"https:\/\/blogs.diariosur.es\/tormentas-y-rayos\/2025\/01\/10\/sabeis-que-temperatura-maxima-tuvimos-en-malaga-tal-dia-como-hoy-de-2021\/","title":{"rendered":"\u00bfSab\u00e9is que temperatura m\u00e1xima tuvimos en M\u00e1laga tal d\u00eda como hoy de 2021?"},"content":{"rendered":"<p><a href=\"https:\/\/static-blogs.diariosur.es\/wp-content\/uploads\/sites\/12\/2024\/11\/130738248_10221381944997043_6257362087676436516_n.jpg\"><img loading=\"lazy\" class=\"aligncenter size-thumbnail wp-image-42618\" src=\"https:\/\/static-blogs.diariosur.es\/wp-content\/uploads\/sites\/12\/2024\/11\/130738248_10221381944997043_6257362087676436516_n-150x150.jpg\" alt=\"\" width=\"150\" height=\"150\" srcset=\"https:\/\/static-blogs.diariosur.es\/wp-content\/uploads\/sites\/12\/2024\/11\/130738248_10221381944997043_6257362087676436516_n-150x150.jpg 150w, https:\/\/static-blogs.diariosur.es\/wp-content\/uploads\/sites\/12\/2024\/11\/130738248_10221381944997043_6257362087676436516_n-400x400.jpg 400w, https:\/\/static-blogs.diariosur.es\/wp-content\/uploads\/sites\/12\/2024\/11\/130738248_10221381944997043_6257362087676436516_n.jpg 768w\" sizes=\"(max-width: 150px) 100vw, 150px\" \/><\/a><\/p>\n<p>&nbsp;<\/p>\n<p data-pm-slice=\"1 1 []\">Buenas tardes, amigos de la meteo. Hoy viernes 10 de enero, repasando temperaturas m\u00e1ximas de otros a\u00f1os, me ha salido una efem\u00e9ride muy interesante que os pongo a continuaci\u00f3n.<\/p>\n<p>Tal d\u00eda como hoy registramos una temperatura m\u00e1xima de <strong>8,6 \u00baC<\/strong> en la estaci\u00f3n de la Aemet del Aeropuerto de M\u00e1laga, cayeron 21,5 litros por metro cuadrado y la m\u00ednima fue de 3,9 \u00baC. Destacar tambi\u00e9n que en enero de 2021 se registr\u00f3 un acumulado de precipitaci\u00f3n de <strong>151,3 mm<\/strong> por metro cuadrado y una racha de viento el 8 de enero de 87,1 km\/h.<\/p>\n<p>Os pongo un mapa a 500 hpa y a 850 hpa de temperatura. Bolsa de aire fr\u00edo en altura en el Golfo de C\u00e1diz y temperatura de -4 grados bajo cero a 1500 metros.<\/p>\n<p>&nbsp;<\/p>\n<p>&nbsp;<\/p>\n<p><a href=\"https:\/\/static-blogs.diariosur.es\/wp-content\/uploads\/sites\/12\/2025\/01\/archives-2021-1-10-6-0.png\"><img loading=\"lazy\" class=\"aligncenter size-full wp-image-43010\" src=\"https:\/\/static-blogs.diariosur.es\/wp-content\/uploads\/sites\/12\/2025\/01\/archives-2021-1-10-6-0.png\" alt=\"\" width=\"768\" height=\"512\" srcset=\"https:\/\/static-blogs.diariosur.es\/wp-content\/uploads\/sites\/12\/2025\/01\/archives-2021-1-10-6-0.png 768w, https:\/\/static-blogs.diariosur.es\/wp-content\/uploads\/sites\/12\/2025\/01\/archives-2021-1-10-6-0-600x400.png 600w, https:\/\/static-blogs.diariosur.es\/wp-content\/uploads\/sites\/12\/2025\/01\/archives-2021-1-10-6-0-612x408.png 612w\" sizes=\"(max-width: 768px) 100vw, 768px\" \/><\/a><\/p>\n<p>&nbsp;<\/p>\n<p><a href=\"https:\/\/static-blogs.diariosur.es\/wp-content\/uploads\/sites\/12\/2025\/01\/archives-2021-1-10-6-1.png\"><img loading=\"lazy\" class=\"aligncenter size-full wp-image-43011\" src=\"https:\/\/static-blogs.diariosur.es\/wp-content\/uploads\/sites\/12\/2025\/01\/archives-2021-1-10-6-1.png\" alt=\"\" width=\"768\" height=\"512\" srcset=\"https:\/\/static-blogs.diariosur.es\/wp-content\/uploads\/sites\/12\/2025\/01\/archives-2021-1-10-6-1.png 768w, https:\/\/static-blogs.diariosur.es\/wp-content\/uploads\/sites\/12\/2025\/01\/archives-2021-1-10-6-1-600x400.png 600w, https:\/\/static-blogs.diariosur.es\/wp-content\/uploads\/sites\/12\/2025\/01\/archives-2021-1-10-6-1-612x408.png 612w\" sizes=\"(max-width: 768px) 100vw, 768px\" \/><\/a><\/p>\n<p>&nbsp;<\/p>\n<p>Hoy la temperatura m\u00e1xima rondara los 22 grados y los mapas a 500 hpa y 850 hpa, no tienen nada que ver con los del a\u00f1o 2021.<\/p>\n<p>&nbsp;<\/p>\n<p><a href=\"https:\/\/static-blogs.diariosur.es\/wp-content\/uploads\/sites\/12\/2025\/01\/viernes.gif\"><img loading=\"lazy\" class=\"aligncenter size-full wp-image-43012\" src=\"https:\/\/static-blogs.diariosur.es\/wp-content\/uploads\/sites\/12\/2025\/01\/viernes.gif\" alt=\"\" width=\"768\" height=\"512\" \/><\/a><\/p>\n<p>&nbsp;<\/p>\n<p><a href=\"https:\/\/static-blogs.diariosur.es\/wp-content\/uploads\/sites\/12\/2025\/01\/viernes-tttt.gif\"><img loading=\"lazy\" class=\"aligncenter size-full wp-image-43013\" src=\"https:\/\/static-blogs.diariosur.es\/wp-content\/uploads\/sites\/12\/2025\/01\/viernes-tttt.gif\" alt=\"\" width=\"768\" height=\"512\" \/><\/a><\/p>\n<p>&nbsp;<\/p>\n<p>Os pongo unas fotos de tal d\u00eda como hoy.<\/p>\n<p>&nbsp;<\/p>\n<p><a href=\"https:\/\/static-blogs.diariosur.es\/wp-content\/uploads\/sites\/12\/2025\/01\/136804354_10221607058344736_6730670355347755162_n.jpg\"><img loading=\"lazy\" class=\"aligncenter size-full wp-image-43014\" src=\"https:\/\/static-blogs.diariosur.es\/wp-content\/uploads\/sites\/12\/2025\/01\/136804354_10221607058344736_6730670355347755162_n.jpg\" alt=\"\" width=\"960\" height=\"720\" srcset=\"https:\/\/static-blogs.diariosur.es\/wp-content\/uploads\/sites\/12\/2025\/01\/136804354_10221607058344736_6730670355347755162_n.jpg 960w, https:\/\/static-blogs.diariosur.es\/wp-content\/uploads\/sites\/12\/2025\/01\/136804354_10221607058344736_6730670355347755162_n-533x400.jpg 533w, https:\/\/static-blogs.diariosur.es\/wp-content\/uploads\/sites\/12\/2025\/01\/136804354_10221607058344736_6730670355347755162_n-544x408.jpg 544w, https:\/\/static-blogs.diariosur.es\/wp-content\/uploads\/sites\/12\/2025\/01\/136804354_10221607058344736_6730670355347755162_n-768x576.jpg 768w\" sizes=\"(max-width: 960px) 100vw, 960px\" \/><\/a><\/p>\n<p>&nbsp;<\/p>\n<p><a href=\"https:\/\/static-blogs.diariosur.es\/wp-content\/uploads\/sites\/12\/2025\/01\/137219207_10221607939046753_1406524777688105100_n-e1736519978772.jpg\"><img loading=\"lazy\" class=\"aligncenter size-full wp-image-43015\" src=\"https:\/\/static-blogs.diariosur.es\/wp-content\/uploads\/sites\/12\/2025\/01\/137219207_10221607939046753_1406524777688105100_n-e1736519978772.jpg\" alt=\"\" width=\"1000\" height=\"667\" \/><\/a><\/p>\n<p>&nbsp;<\/p>\n<p><a href=\"https:\/\/static-blogs.diariosur.es\/wp-content\/uploads\/sites\/12\/2025\/01\/137240332_10221607939006752_4417918240386862133_n-e1736520007406.jpg\"><img loading=\"lazy\" class=\"aligncenter size-full wp-image-43016\" src=\"https:\/\/static-blogs.diariosur.es\/wp-content\/uploads\/sites\/12\/2025\/01\/137240332_10221607939006752_4417918240386862133_n-e1736520007406.jpg\" alt=\"\" width=\"1000\" height=\"667\" \/><\/a><\/p>\n<p>&nbsp;<\/p>\n<p><a href=\"https:\/\/static-blogs.diariosur.es\/wp-content\/uploads\/sites\/12\/2025\/01\/137578248_10221607033584117_526542063384372125_n.jpg\"><img loading=\"lazy\" class=\"aligncenter size-full wp-image-43017\" src=\"https:\/\/static-blogs.diariosur.es\/wp-content\/uploads\/sites\/12\/2025\/01\/137578248_10221607033584117_526542063384372125_n.jpg\" alt=\"\" width=\"960\" height=\"720\" srcset=\"https:\/\/static-blogs.diariosur.es\/wp-content\/uploads\/sites\/12\/2025\/01\/137578248_10221607033584117_526542063384372125_n.jpg 960w, https:\/\/static-blogs.diariosur.es\/wp-content\/uploads\/sites\/12\/2025\/01\/137578248_10221607033584117_526542063384372125_n-533x400.jpg 533w, https:\/\/static-blogs.diariosur.es\/wp-content\/uploads\/sites\/12\/2025\/01\/137578248_10221607033584117_526542063384372125_n-544x408.jpg 544w, https:\/\/static-blogs.diariosur.es\/wp-content\/uploads\/sites\/12\/2025\/01\/137578248_10221607033584117_526542063384372125_n-768x576.jpg 768w\" sizes=\"(max-width: 960px) 100vw, 960px\" \/><\/a><\/p>\n<p>&nbsp;<\/p>\n<p><a href=\"https:\/\/static-blogs.diariosur.es\/wp-content\/uploads\/sites\/12\/2025\/01\/z-e1736520079308.jpg\"><img loading=\"lazy\" class=\"aligncenter size-full wp-image-43018\" src=\"https:\/\/static-blogs.diariosur.es\/wp-content\/uploads\/sites\/12\/2025\/01\/z-e1736520079308.jpg\" alt=\"\" width=\"1000\" height=\"667\" \/><\/a><\/p>\n<p>&nbsp;<\/p>\n","protected":false},"excerpt":{"rendered":"<p>&nbsp; Buenas tardes, amigos de la meteo. Hoy viernes 10 de enero, repasando temperaturas m\u00e1ximas de otros a\u00f1os, me ha salido una efem\u00e9ride muy interesante que os pongo a continuaci\u00f3n. Tal d\u00eda como hoy registramos una temperatura m\u00e1xima de 8,6 \u00baC en la estaci\u00f3n de la Aemet del Aeropuerto de M\u00e1laga, cayeron 21,5 litros por [&hellip;]<\/p>\n","protected":false},"author":16,"featured_media":43014,"comment_status":"open","ping_status":"open","sticky":false,"template":"","format":"standard","meta":[],"categories":[2],"tags":[1610,109,358,587,1544,689,800],"_links":{"self":[{"href":"https:\/\/blogs.diariosur.es\/tormentas-y-rayos\/wp-json\/wp\/v2\/posts\/43006"}],"collection":[{"href":"https:\/\/blogs.diariosur.es\/tormentas-y-rayos\/wp-json\/wp\/v2\/posts"}],"about":[{"href":"https:\/\/blogs.diariosur.es\/tormentas-y-rayos\/wp-json\/wp\/v2\/types\/post"}],"author":[{"embeddable":true,"href":"https:\/\/blogs.diariosur.es\/tormentas-y-rayos\/wp-json\/wp\/v2\/users\/16"}],"replies":[{"embeddable":true,"href":"https:\/\/blogs.diariosur.es\/tormentas-y-rayos\/wp-json\/wp\/v2\/comments?post=43006"}],"version-history":[{"count":5,"href":"https:\/\/blogs.diariosur.es\/tormentas-y-rayos\/wp-json\/wp\/v2\/posts\/43006\/revisions"}],"predecessor-version":[{"id":47215,"href":"https:\/\/blogs.diariosur.es\/tormentas-y-rayos\/wp-json\/wp\/v2\/posts\/43006\/revisions\/47215"}],"wp:featuredmedia":[{"embeddable":true,"href":"https:\/\/blogs.diariosur.es\/tormentas-y-rayos\/wp-json\/wp\/v2\/media\/43014"}],"wp:attachment":[{"href":"https:\/\/blogs.diariosur.es\/tormentas-y-rayos\/wp-json\/wp\/v2\/media?parent=43006"}],"wp:term":[{"taxonomy":"category","embeddable":true,"href":"https:\/\/blogs.diariosur.es\/tormentas-y-rayos\/wp-json\/wp\/v2\/categories?post=43006"},{"taxonomy":"post_tag","embeddable":true,"href":"https:\/\/blogs.diariosur.es\/tormentas-y-rayos\/wp-json\/wp\/v2\/tags?post=43006"}],"curies":[{"name":"wp","href":"https:\/\/api.w.org\/{rel}","templated":true}]}}