{"id":43028,"date":"2025-01-12T08:11:42","date_gmt":"2025-01-12T07:11:42","guid":{"rendered":"https:\/\/blogs.diariosur.es\/tormentas-y-rayos\/?p=43028"},"modified":"2025-11-08T07:56:39","modified_gmt":"2025-11-08T06:56:39","slug":"a-partir-de-manana-llega-el-frio-normal-a-la-provincia-de-malaga-vendra-acompanado-de-precipitaciones-y-nevadas","status":"publish","type":"post","link":"https:\/\/blogs.diariosur.es\/tormentas-y-rayos\/2025\/01\/12\/a-partir-de-manana-llega-el-frio-normal-a-la-provincia-de-malaga-vendra-acompanado-de-precipitaciones-y-nevadas\/","title":{"rendered":"A partir de ma\u00f1ana llega el fr\u00edo normal a la provincia de M\u00e1laga. \u00bfVendr\u00e1 acompa\u00f1ado de precipitaciones y nevadas?"},"content":{"rendered":"<p><a href=\"https:\/\/static-blogs.diariosur.es\/wp-content\/uploads\/sites\/12\/2024\/11\/130738248_10221381944997043_6257362087676436516_n.jpg\"><img loading=\"lazy\" class=\"aligncenter size-thumbnail wp-image-42618\" src=\"https:\/\/static-blogs.diariosur.es\/wp-content\/uploads\/sites\/12\/2024\/11\/130738248_10221381944997043_6257362087676436516_n-150x150.jpg\" alt=\"\" width=\"150\" height=\"150\" srcset=\"https:\/\/static-blogs.diariosur.es\/wp-content\/uploads\/sites\/12\/2024\/11\/130738248_10221381944997043_6257362087676436516_n-150x150.jpg 150w, https:\/\/static-blogs.diariosur.es\/wp-content\/uploads\/sites\/12\/2024\/11\/130738248_10221381944997043_6257362087676436516_n-400x400.jpg 400w, https:\/\/static-blogs.diariosur.es\/wp-content\/uploads\/sites\/12\/2024\/11\/130738248_10221381944997043_6257362087676436516_n.jpg 768w\" sizes=\"(max-width: 150px) 100vw, 150px\" \/><\/a><\/p>\n<p data-pm-slice=\"1 1 []\">Buenos d\u00edas, amigos de la meteo. Cuando son las siete y media de la ma\u00f1ana en M\u00e1laga capital, la estaci\u00f3n de la Aemet del Aeropuerto registra 16,1 \u00baC, los cielos est\u00e1n despejados y el viento sigue soplando en la capital de terral de invierno; se ha registrado una racha esta pasada madrugada de 52 km\/h. Hoy nuevamente sobrepasaremos los 20 grados; a \u00faltima hora de la noche el viento entrar\u00e1 de noreste.<\/p>\n<h3><strong>A partir de ma\u00f1ana llega el fr\u00edo normal a la provincia de M\u00e1laga. \u00bfVendr\u00e1 acompa\u00f1ado de precipitaciones y nevadas?<\/strong><\/h3>\n<p>A partir de hoy domingo, una potente dorsal subtropical ascender\u00e1 desde el Atl\u00e1ntico para situarse en el continente europeo; viene acompa\u00f1ada por un centro de altas presiones de 1040 hPa. Esta dorsal favorecer\u00e1 la entrada de una vaguada retr\u00f3grada, que viene acompa\u00f1ada de una masa de aire fr\u00edo polar continental. Esta vaguada se aislar\u00e1 y formar\u00e1 una borrasca fr\u00eda aislada en el norte de \u00c1frica y centro del Mediterr\u00e1neo.<\/p>\n<p>Os paso un mapa del modelo europeo a 500 hpa, y lo veis mejor. Fuente: Meteociel<\/p>\n<p>&nbsp;<\/p>\n<p><a href=\"https:\/\/static-blogs.diariosur.es\/wp-content\/uploads\/sites\/12\/2025\/01\/z-1.jpg\"><img loading=\"lazy\" class=\"aligncenter size-full wp-image-43029\" src=\"https:\/\/static-blogs.diariosur.es\/wp-content\/uploads\/sites\/12\/2025\/01\/z-1.jpg\" alt=\"\" width=\"1152\" height=\"778\" srcset=\"https:\/\/static-blogs.diariosur.es\/wp-content\/uploads\/sites\/12\/2025\/01\/z-1.jpg 1152w, https:\/\/static-blogs.diariosur.es\/wp-content\/uploads\/sites\/12\/2025\/01\/z-1-592x400.jpg 592w, https:\/\/static-blogs.diariosur.es\/wp-content\/uploads\/sites\/12\/2025\/01\/z-1-604x408.jpg 604w, https:\/\/static-blogs.diariosur.es\/wp-content\/uploads\/sites\/12\/2025\/01\/z-1-768x519.jpg 768w\" sizes=\"(max-width: 1152px) 100vw, 1152px\" \/><\/a><\/p>\n<p>&nbsp;<\/p>\n<p data-pm-slice=\"1 1 []\">Hace unos d\u00edas, como recordar\u00e9is, esta BFA la situaban en el Golfo de C\u00e1diz, se esperaban precipitaciones abundantes y acompa\u00f1adas de nevadas en cotas bajas, pero con los modelos actualizados se posiciona muy lejos. As\u00ed que nuestro gozo en un pozo de sequ\u00eda.<\/p>\n<p>Ma\u00f1ana lunes a primeras horas de la ma\u00f1ana el viento ser\u00e1 de componente este (levante); esto puede traer consigo que caigan algunas gotas por la costa malague\u00f1a, pero muy poca cosa. As\u00ed seguiremos hasta el mi\u00e9rcoles.<\/p>\n<p>Lo que s\u00ed tendremos es una bajada de temperaturas m\u00e1ximas y m\u00ednimas en toda la provincia de M\u00e1laga, que, compar\u00e1ndolas con las que hemos tenido estos d\u00edas atr\u00e1s, podemos decir que ser\u00e1 una bajada notable. Pero estamos en enero, el mes m\u00e1s fr\u00edo en la provincia de M\u00e1laga; no ser\u00e1 nada del otro mundo.<\/p>\n<p>Os pongo las m\u00e1ximas que prev\u00e9 la AEMET ma\u00f1ana lunes y las m\u00ednimas y m\u00e1ximas del martes. Nos vemos ma\u00f1ana.<\/p>\n<p>&nbsp;<\/p>\n<p><a href=\"https:\/\/static-blogs.diariosur.es\/wp-content\/uploads\/sites\/12\/2025\/01\/lunes.jpg\"><img loading=\"lazy\" class=\"aligncenter size-full wp-image-43030\" src=\"https:\/\/static-blogs.diariosur.es\/wp-content\/uploads\/sites\/12\/2025\/01\/lunes.jpg\" alt=\"\" width=\"1044\" height=\"816\" srcset=\"https:\/\/static-blogs.diariosur.es\/wp-content\/uploads\/sites\/12\/2025\/01\/lunes.jpg 1044w, https:\/\/static-blogs.diariosur.es\/wp-content\/uploads\/sites\/12\/2025\/01\/lunes-512x400.jpg 512w, https:\/\/static-blogs.diariosur.es\/wp-content\/uploads\/sites\/12\/2025\/01\/lunes-522x408.jpg 522w, https:\/\/static-blogs.diariosur.es\/wp-content\/uploads\/sites\/12\/2025\/01\/lunes-768x600.jpg 768w\" sizes=\"(max-width: 1044px) 100vw, 1044px\" \/><\/a><\/p>\n<p>&nbsp;<\/p>\n<p>Martes<\/p>\n<p>&nbsp;<\/p>\n<p><a href=\"https:\/\/static-blogs.diariosur.es\/wp-content\/uploads\/sites\/12\/2025\/01\/martes.jpg\"><img loading=\"lazy\" class=\"aligncenter size-full wp-image-43031\" src=\"https:\/\/static-blogs.diariosur.es\/wp-content\/uploads\/sites\/12\/2025\/01\/martes.jpg\" alt=\"\" width=\"1036\" height=\"817\" srcset=\"https:\/\/static-blogs.diariosur.es\/wp-content\/uploads\/sites\/12\/2025\/01\/martes.jpg 1036w, https:\/\/static-blogs.diariosur.es\/wp-content\/uploads\/sites\/12\/2025\/01\/martes-507x400.jpg 507w, https:\/\/static-blogs.diariosur.es\/wp-content\/uploads\/sites\/12\/2025\/01\/martes-517x408.jpg 517w, https:\/\/static-blogs.diariosur.es\/wp-content\/uploads\/sites\/12\/2025\/01\/martes-768x606.jpg 768w\" sizes=\"(max-width: 1036px) 100vw, 1036px\" \/><\/a><\/p>\n<p>&nbsp;<\/p>\n<p>&nbsp;<\/p>\n<p data-pm-slice=\"1 1 []\">Os dejo con unas fotos de la nevada del 11 de enero del a\u00f1o 2021. La Sierra de las Nieves y la Maroma, preciosas. En esta ocasi\u00f3n no la veremos as\u00ed.<\/p>\n<p>&nbsp;<\/p>\n<p><a href=\"https:\/\/static-blogs.diariosur.es\/wp-content\/uploads\/sites\/12\/2025\/01\/138096200_10221620582442830_502581237661117709_n-e1736665779858.jpg\"><img loading=\"lazy\" class=\"aligncenter size-full wp-image-43032\" src=\"https:\/\/static-blogs.diariosur.es\/wp-content\/uploads\/sites\/12\/2025\/01\/138096200_10221620582442830_502581237661117709_n-e1736665779858.jpg\" alt=\"\" width=\"1000\" height=\"667\" \/><\/a><\/p>\n<p>&nbsp;<\/p>\n<p><a href=\"https:\/\/static-blogs.diariosur.es\/wp-content\/uploads\/sites\/12\/2025\/01\/138193834_10221620582562833_3798649840046278745_n-e1736665815306.jpg\"><img loading=\"lazy\" class=\"aligncenter size-full wp-image-43033\" src=\"https:\/\/static-blogs.diariosur.es\/wp-content\/uploads\/sites\/12\/2025\/01\/138193834_10221620582562833_3798649840046278745_n-e1736665815306.jpg\" alt=\"\" width=\"1000\" height=\"667\" \/><\/a><\/p>\n<p>&nbsp;<\/p>\n<p><a href=\"https:\/\/static-blogs.diariosur.es\/wp-content\/uploads\/sites\/12\/2025\/01\/138044601_10221620582002819_3041472182842345939_n-e1736665854944.jpg\"><img loading=\"lazy\" class=\"aligncenter size-full wp-image-43034\" src=\"https:\/\/static-blogs.diariosur.es\/wp-content\/uploads\/sites\/12\/2025\/01\/138044601_10221620582002819_3041472182842345939_n-e1736665854944.jpg\" alt=\"\" width=\"1000\" height=\"667\" \/><\/a><\/p>\n<p>&nbsp;<\/p>\n","protected":false},"excerpt":{"rendered":"<p>Buenos d\u00edas, amigos de la meteo. Cuando son las siete y media de la ma\u00f1ana en M\u00e1laga capital, la estaci\u00f3n de la Aemet del Aeropuerto registra 16,1 \u00baC, los cielos est\u00e1n despejados y el viento sigue soplando en la capital de terral de invierno; se ha registrado una racha esta pasada madrugada de 52 km\/h. [&hellip;]<\/p>\n","protected":false},"author":16,"featured_media":43032,"comment_status":"open","ping_status":"open","sticky":false,"template":"","format":"standard","meta":[],"categories":[2],"tags":[100,307,358,432,587,800],"_links":{"self":[{"href":"https:\/\/blogs.diariosur.es\/tormentas-y-rayos\/wp-json\/wp\/v2\/posts\/43028"}],"collection":[{"href":"https:\/\/blogs.diariosur.es\/tormentas-y-rayos\/wp-json\/wp\/v2\/posts"}],"about":[{"href":"https:\/\/blogs.diariosur.es\/tormentas-y-rayos\/wp-json\/wp\/v2\/types\/post"}],"author":[{"embeddable":true,"href":"https:\/\/blogs.diariosur.es\/tormentas-y-rayos\/wp-json\/wp\/v2\/users\/16"}],"replies":[{"embeddable":true,"href":"https:\/\/blogs.diariosur.es\/tormentas-y-rayos\/wp-json\/wp\/v2\/comments?post=43028"}],"version-history":[{"count":3,"href":"https:\/\/blogs.diariosur.es\/tormentas-y-rayos\/wp-json\/wp\/v2\/posts\/43028\/revisions"}],"predecessor-version":[{"id":47212,"href":"https:\/\/blogs.diariosur.es\/tormentas-y-rayos\/wp-json\/wp\/v2\/posts\/43028\/revisions\/47212"}],"wp:featuredmedia":[{"embeddable":true,"href":"https:\/\/blogs.diariosur.es\/tormentas-y-rayos\/wp-json\/wp\/v2\/media\/43032"}],"wp:attachment":[{"href":"https:\/\/blogs.diariosur.es\/tormentas-y-rayos\/wp-json\/wp\/v2\/media?parent=43028"}],"wp:term":[{"taxonomy":"category","embeddable":true,"href":"https:\/\/blogs.diariosur.es\/tormentas-y-rayos\/wp-json\/wp\/v2\/categories?post=43028"},{"taxonomy":"post_tag","embeddable":true,"href":"https:\/\/blogs.diariosur.es\/tormentas-y-rayos\/wp-json\/wp\/v2\/tags?post=43028"}],"curies":[{"name":"wp","href":"https:\/\/api.w.org\/{rel}","templated":true}]}}