{"id":43039,"date":"2025-01-14T07:52:06","date_gmt":"2025-01-14T06:52:06","guid":{"rendered":"https:\/\/blogs.diariosur.es\/tormentas-y-rayos\/?p=43039"},"modified":"2025-11-08T07:53:33","modified_gmt":"2025-11-08T06:53:33","slug":"ha-hecho-mucho-frio-esta-pasada-madrugada-en-la-provincia-de-malaga-atentos-a-las-temperaturas","status":"publish","type":"post","link":"https:\/\/blogs.diariosur.es\/tormentas-y-rayos\/2025\/01\/14\/ha-hecho-mucho-frio-esta-pasada-madrugada-en-la-provincia-de-malaga-atentos-a-las-temperaturas\/","title":{"rendered":"\u00bfHa hecho mucho fr\u00edo esta pasada madrugada en la provincia de M\u00e1laga? Atentos a las temperaturas"},"content":{"rendered":"<p><a href=\"https:\/\/static-blogs.diariosur.es\/wp-content\/uploads\/sites\/12\/2024\/11\/130738248_10221381944997043_6257362087676436516_n.jpg\"><img loading=\"lazy\" class=\"aligncenter size-thumbnail wp-image-42618\" src=\"https:\/\/static-blogs.diariosur.es\/wp-content\/uploads\/sites\/12\/2024\/11\/130738248_10221381944997043_6257362087676436516_n-150x150.jpg\" alt=\"\" width=\"150\" height=\"150\" srcset=\"https:\/\/static-blogs.diariosur.es\/wp-content\/uploads\/sites\/12\/2024\/11\/130738248_10221381944997043_6257362087676436516_n-150x150.jpg 150w, https:\/\/static-blogs.diariosur.es\/wp-content\/uploads\/sites\/12\/2024\/11\/130738248_10221381944997043_6257362087676436516_n-400x400.jpg 400w, https:\/\/static-blogs.diariosur.es\/wp-content\/uploads\/sites\/12\/2024\/11\/130738248_10221381944997043_6257362087676436516_n.jpg 768w\" sizes=\"(max-width: 150px) 100vw, 150px\" \/><\/a><\/p>\n<p data-pm-slice=\"1 1 []\">Buenos d\u00edas, amigos de la meteo. Os voy a pasar algunas temperaturas m\u00ednimas que hemos registrado entre las dos de la madrugada y las seis de la ma\u00f1ana en la provincia de M\u00e1laga; vosotros mismos sacad la conclusi\u00f3n de si ha hecho mucho fr\u00edo para ser enero.<\/p>\n<p>Como comprender\u00e9is, no puedo poner todos los pueblos. Otra cosa importante: la sensaci\u00f3n t\u00e9rmica de humedad y viento puede hacer que tengamos m\u00e1s fr\u00edo.<\/p>\n<p>Los datos que os pongo son de la AEMET,\u00a0Meteoclimatic y Wunderground.<\/p>\n<p>M\u00e1laga Aeropuerto 12 grados.<\/p>\n<p>Campanillas Maqueda 8,5 grados.<\/p>\n<p>Antequera 4 grados.<\/p>\n<p>Fuente de Piedra: 1,3 grados<\/p>\n<p>Torremolinos 12,6 grados<\/p>\n<p>Estepona\u00a014 grados<\/p>\n<p>Rinc\u00f3n de la Victoria: 11,2 grados<\/p>\n<p>Nerja 10,9 grados.<\/p>\n<p>Gauc\u00edn 7,8 grados<\/p>\n<p>Cortes de la Frontera: 9,8 grados<\/p>\n<p>Alpandeire\u00a07,1 grados<\/p>\n<p>Estepona 14 grados.<\/p>\n<p>Marbella 14,5 grados<\/p>\n<p>\u00c1lora\u00a07,8 grados<\/p>\n<p>Coin 8,8 grados.<\/p>\n<p>Ronda 6,3 grados.<\/p>\n<p>Archidona Huertas del R\u00edo: -1,1 grados bajo cero.<\/p>\n<p>Benalm\u00e1dena Arroyo de la Miel\u00a013 grados<\/p>\n<p>Mijas Pueblo\u00a09,1 grados<\/p>\n<p>Alhaur\u00edn de la Torre: 9,9 grados<\/p>\n<p>Alhaur\u00edn el Grande 8,9 grados.<\/p>\n<p>Algarrobo 9,8 grados.<\/p>\n<p>Tolox 9,5 grados<\/p>\n<p>Frigiliana: 7,6 grados<\/p>\n<p>Alameda 3,7 grados.<\/p>\n<p>El Borge 7 grados.<\/p>\n<p>Almachar 7,8 grados.<\/p>\n<p>Canillas del Aceituno: 5 grados<\/p>\n<p>Periana 6 grados<\/p>\n<p>Villanueva del Trabuco: 0 grados<\/p>\n<p>Villanueva del Rosario 1,1 grados.<\/p>\n<p>Villanueva de la Concepci\u00f3n, 5 grados.<\/p>\n<p>Casabermeja\u00a01,9<\/p>\n<p>Campillos\u00a03 grados<\/p>\n<p>Yunquera\u00a06 grados<\/p>\n<p>Teba 6 grados.<\/p>\n<p>Ardales 7 grados.<\/p>\n<p>El Burgo, 6,8 grados.<\/p>\n<p>C\u00e1rtama 7 grados.<\/p>\n<p>Humilladero 3 grados.<\/p>\n<p>Cuevas de San Marcos, 3 grados.<\/p>\n<p>Nos vemos ma\u00f1ana.<\/p>\n<p>&nbsp;<\/p>\n<p>&nbsp;<\/p>\n<p>&nbsp;<\/p>\n<p>&nbsp;<\/p>\n<p>&nbsp;<\/p>\n<p>&nbsp;<\/p>\n<p>&nbsp;<\/p>\n<p>&nbsp;<\/p>\n","protected":false},"excerpt":{"rendered":"<p>Buenos d\u00edas, amigos de la meteo. Os voy a pasar algunas temperaturas m\u00ednimas que hemos registrado entre las dos de la madrugada y las seis de la ma\u00f1ana en la provincia de M\u00e1laga; vosotros mismos sacad la conclusi\u00f3n de si ha hecho mucho fr\u00edo para ser enero. Como comprender\u00e9is, no puedo poner todos los pueblos. [&hellip;]<\/p>\n","protected":false},"author":16,"featured_media":43041,"comment_status":"open","ping_status":"open","sticky":false,"template":"","format":"standard","meta":[],"categories":[2],"tags":[],"_links":{"self":[{"href":"https:\/\/blogs.diariosur.es\/tormentas-y-rayos\/wp-json\/wp\/v2\/posts\/43039"}],"collection":[{"href":"https:\/\/blogs.diariosur.es\/tormentas-y-rayos\/wp-json\/wp\/v2\/posts"}],"about":[{"href":"https:\/\/blogs.diariosur.es\/tormentas-y-rayos\/wp-json\/wp\/v2\/types\/post"}],"author":[{"embeddable":true,"href":"https:\/\/blogs.diariosur.es\/tormentas-y-rayos\/wp-json\/wp\/v2\/users\/16"}],"replies":[{"embeddable":true,"href":"https:\/\/blogs.diariosur.es\/tormentas-y-rayos\/wp-json\/wp\/v2\/comments?post=43039"}],"version-history":[{"count":5,"href":"https:\/\/blogs.diariosur.es\/tormentas-y-rayos\/wp-json\/wp\/v2\/posts\/43039\/revisions"}],"predecessor-version":[{"id":47210,"href":"https:\/\/blogs.diariosur.es\/tormentas-y-rayos\/wp-json\/wp\/v2\/posts\/43039\/revisions\/47210"}],"wp:featuredmedia":[{"embeddable":true,"href":"https:\/\/blogs.diariosur.es\/tormentas-y-rayos\/wp-json\/wp\/v2\/media\/43041"}],"wp:attachment":[{"href":"https:\/\/blogs.diariosur.es\/tormentas-y-rayos\/wp-json\/wp\/v2\/media?parent=43039"}],"wp:term":[{"taxonomy":"category","embeddable":true,"href":"https:\/\/blogs.diariosur.es\/tormentas-y-rayos\/wp-json\/wp\/v2\/categories?post=43039"},{"taxonomy":"post_tag","embeddable":true,"href":"https:\/\/blogs.diariosur.es\/tormentas-y-rayos\/wp-json\/wp\/v2\/tags?post=43039"}],"curies":[{"name":"wp","href":"https:\/\/api.w.org\/{rel}","templated":true}]}}