{"id":43045,"date":"2025-01-15T09:09:08","date_gmt":"2025-01-15T08:09:08","guid":{"rendered":"https:\/\/blogs.diariosur.es\/tormentas-y-rayos\/?p=43045"},"modified":"2025-11-08T07:49:32","modified_gmt":"2025-11-08T06:49:32","slug":"el-tiempo-en-la-provincia-de-malaga-por-fin-esta-pasada-madruga-si","status":"publish","type":"post","link":"https:\/\/blogs.diariosur.es\/tormentas-y-rayos\/2025\/01\/15\/el-tiempo-en-la-provincia-de-malaga-por-fin-esta-pasada-madruga-si\/","title":{"rendered":"El tiempo en la provincia de M\u00e1laga. Por fin esta pasada madrugada, s\u00ed."},"content":{"rendered":"<p><a href=\"https:\/\/static-blogs.diariosur.es\/wp-content\/uploads\/sites\/12\/2024\/11\/130738248_10221381944997043_6257362087676436516_n.jpg\"><img loading=\"lazy\" class=\"aligncenter size-thumbnail wp-image-42618\" src=\"https:\/\/static-blogs.diariosur.es\/wp-content\/uploads\/sites\/12\/2024\/11\/130738248_10221381944997043_6257362087676436516_n-150x150.jpg\" alt=\"\" width=\"150\" height=\"150\" srcset=\"https:\/\/static-blogs.diariosur.es\/wp-content\/uploads\/sites\/12\/2024\/11\/130738248_10221381944997043_6257362087676436516_n-150x150.jpg 150w, https:\/\/static-blogs.diariosur.es\/wp-content\/uploads\/sites\/12\/2024\/11\/130738248_10221381944997043_6257362087676436516_n-400x400.jpg 400w, https:\/\/static-blogs.diariosur.es\/wp-content\/uploads\/sites\/12\/2024\/11\/130738248_10221381944997043_6257362087676436516_n.jpg 768w\" sizes=\"(max-width: 150px) 100vw, 150px\" \/><\/a><\/p>\n<p>Buenos d\u00edas, amigos de la meteo. Antes de hablaros del por fin, os prometo que ma\u00f1ana hablaremos de la probabilidad de precipitaciones que dan algunos modelos para la semana que viene. No me gusta crear ilusiones y que luego no caiga nada.<\/p>\n<p data-pm-slice=\"1 1 []\"><strong>Por fin<\/strong> ha llegado esta pasada madrugada el fr\u00edo a toda la provincia de M\u00e1laga. Ha sido en conjunto la madrugada m\u00e1s fr\u00eda desde que comenz\u00f3 el invierno.<\/p>\n<p>Destacar tambi\u00e9n en nuestra comunidad Granada Aeropuerto con -6 grados bajo cero, Baza -8,6 grados bajo cero, And\u00fajar -4 grados bajo cero, C\u00f3rdoba Aeropuerto -2 grados bajo cero, Jerez de la Frontera -0,5 grados bajo cero y Ja\u00e9n -0,4 grados bajo cero.<\/p>\n<p>Os paso algunos registros de temperaturas m\u00ednimas en la provincia de M\u00e1laga.<\/p>\n<p>M\u00e1laga Centro Meteorol\u00f3gico 4,1 grados.<\/p>\n<p>Campanillas Maqueda 1,9\u00a0grados<\/p>\n<p>Antequera: -3,4 grados bajo cero<\/p>\n<p>Fuente de Piedra: -3,8 grados bajo cero<\/p>\n<p>Torremolinos, 8 grados.<\/p>\n<p>Estepona\u00a09,8\u00a0grados<\/p>\n<p>Rinc\u00f3n de la Victoria 7,2\u00a0grados<\/p>\n<p>Nerja 9 grados.<\/p>\n<p>Gauc\u00edn 2,2 grados<\/p>\n<p>Cortes de la Frontera\u00a01 grado<\/p>\n<p>Alpandeire: 2,2 grados<\/p>\n<p>Estepona 9,7 grados<\/p>\n<p>Marbella 9,8 grados.<\/p>\n<p>\u00c1lora\u00a03,1\u00a0grados<\/p>\n<p>Coin 3,3 grados.<\/p>\n<p>Ronda 0,3 grados.<\/p>\n<p>Archidona Huertas del R\u00edo: -3,5\u00a0grados bajo cero.<\/p>\n<p>Archidona Vega San Jos\u00e9 -5,7 grados bajo cero.<\/p>\n<p>Benalm\u00e1dena Arroyo de la Miel 11,1\u00a0grados<\/p>\n<p>Mijas Pueblo 7,2\u00a0grados<\/p>\n<p>Alhaur\u00edn de la Torre 5,8\u00a0grados<\/p>\n<p>Alhaur\u00edn el Grande: 5,1 grados<\/p>\n<p>Algarrobo 6,2\u00a0grados<\/p>\n<p>Tolox: 3,4 grados<\/p>\n<p>Frigiliana\u00a0grados<\/p>\n<p>Alameda 0,4 grados.<\/p>\n<p>El Borge: 3,9 grados<\/p>\n<p>Almachar\u00a03,8 grados<\/p>\n<p>Canillas del Aceituno 4,4\u00a0grados<\/p>\n<p>Periana 4,3\u00a0grados<\/p>\n<p>Villanueva del Trabuco: -5,2 grados bajo cero<\/p>\n<p>Villanueva del Rosario: -3,5 grados bajo cero.<\/p>\n<p>Villanueva de la Concepci\u00f3n 2,8\u00a0grados<\/p>\n<p>Fuente la Yedra: -6,5 grados bajo cero.<\/p>\n<p>Casabermeja\u00a0Pueblo 2 grados<\/p>\n<p>Colmenar\u00a00,3 grados<\/p>\n<p>Campillos -1,1 grados bajo cero\u00a0grados<\/p>\n<p>Bobadilla Estaci\u00f3n: -4,4 grados bajo cero.<\/p>\n<p>C\u00f3mpeta 2,9 grados.<\/p>\n<p>Benamocarra 2,8 grados.<\/p>\n<p>Yunquera\u00a01,8\u00a0grados<\/p>\n<p>Teba -0,8 grados bajo cero grados.<\/p>\n<p>Al margen: -2,3 grados bajo cero.<\/p>\n<p>Ardales: -0,2 grados bajo cero grados.<\/p>\n<p>El Burgo -2 grados bajo cero\u00a0grados.<\/p>\n<p>C\u00e1rtama\u00a02,3\u00a0grados<\/p>\n<p>Humilladero: -3 grados bajo cero.<\/p>\n<p>Cuevas de San Marcos: -3 grados bajo cero.<\/p>\n<p>Alfarnate -3,7 grados bajo cero<\/p>\n<p>V\u00e9lez M\u00e1laga 4,8 grados<\/p>\n<p>&nbsp;<\/p>\n<p>&nbsp;<\/p>\n","protected":false},"excerpt":{"rendered":"<p>Buenos d\u00edas, amigos de la meteo. Antes de hablaros del por fin, os prometo que ma\u00f1ana hablaremos de la probabilidad de precipitaciones que dan algunos modelos para la semana que viene. No me gusta crear ilusiones y que luego no caiga nada. Por fin ha llegado esta pasada madrugada el fr\u00edo a toda la provincia [&hellip;]<\/p>\n","protected":false},"author":16,"featured_media":41913,"comment_status":"open","ping_status":"open","sticky":false,"template":"","format":"standard","meta":[],"categories":[2],"tags":[307,1981,432,587],"_links":{"self":[{"href":"https:\/\/blogs.diariosur.es\/tormentas-y-rayos\/wp-json\/wp\/v2\/posts\/43045"}],"collection":[{"href":"https:\/\/blogs.diariosur.es\/tormentas-y-rayos\/wp-json\/wp\/v2\/posts"}],"about":[{"href":"https:\/\/blogs.diariosur.es\/tormentas-y-rayos\/wp-json\/wp\/v2\/types\/post"}],"author":[{"embeddable":true,"href":"https:\/\/blogs.diariosur.es\/tormentas-y-rayos\/wp-json\/wp\/v2\/users\/16"}],"replies":[{"embeddable":true,"href":"https:\/\/blogs.diariosur.es\/tormentas-y-rayos\/wp-json\/wp\/v2\/comments?post=43045"}],"version-history":[{"count":9,"href":"https:\/\/blogs.diariosur.es\/tormentas-y-rayos\/wp-json\/wp\/v2\/posts\/43045\/revisions"}],"predecessor-version":[{"id":47208,"href":"https:\/\/blogs.diariosur.es\/tormentas-y-rayos\/wp-json\/wp\/v2\/posts\/43045\/revisions\/47208"}],"wp:featuredmedia":[{"embeddable":true,"href":"https:\/\/blogs.diariosur.es\/tormentas-y-rayos\/wp-json\/wp\/v2\/media\/41913"}],"wp:attachment":[{"href":"https:\/\/blogs.diariosur.es\/tormentas-y-rayos\/wp-json\/wp\/v2\/media?parent=43045"}],"wp:term":[{"taxonomy":"category","embeddable":true,"href":"https:\/\/blogs.diariosur.es\/tormentas-y-rayos\/wp-json\/wp\/v2\/categories?post=43045"},{"taxonomy":"post_tag","embeddable":true,"href":"https:\/\/blogs.diariosur.es\/tormentas-y-rayos\/wp-json\/wp\/v2\/tags?post=43045"}],"curies":[{"name":"wp","href":"https:\/\/api.w.org\/{rel}","templated":true}]}}