{"id":43053,"date":"2025-01-16T07:38:07","date_gmt":"2025-01-16T06:38:07","guid":{"rendered":"https:\/\/blogs.diariosur.es\/tormentas-y-rayos\/?p=43053"},"modified":"2025-11-08T07:45:37","modified_gmt":"2025-11-08T06:45:37","slug":"hay-probabilidad-precipitaciones-en-la-proxima-madrugada-y-primeras-horas-de-la-manana-del-viernes","status":"publish","type":"post","link":"https:\/\/blogs.diariosur.es\/tormentas-y-rayos\/2025\/01\/16\/hay-probabilidad-precipitaciones-en-la-proxima-madrugada-y-primeras-horas-de-la-manana-del-viernes\/","title":{"rendered":"\u00bfHay probabilidad de precipitaciones en la pr\u00f3xima madrugada y primeras horas de la ma\u00f1ana del viernes?"},"content":{"rendered":"<p><a href=\"https:\/\/static-blogs.diariosur.es\/wp-content\/uploads\/sites\/12\/2024\/11\/130738248_10221381944997043_6257362087676436516_n.jpg\"><img loading=\"lazy\" class=\"aligncenter size-thumbnail wp-image-42618\" src=\"https:\/\/static-blogs.diariosur.es\/wp-content\/uploads\/sites\/12\/2024\/11\/130738248_10221381944997043_6257362087676436516_n-150x150.jpg\" alt=\"\" width=\"150\" height=\"150\" srcset=\"https:\/\/static-blogs.diariosur.es\/wp-content\/uploads\/sites\/12\/2024\/11\/130738248_10221381944997043_6257362087676436516_n-150x150.jpg 150w, https:\/\/static-blogs.diariosur.es\/wp-content\/uploads\/sites\/12\/2024\/11\/130738248_10221381944997043_6257362087676436516_n-400x400.jpg 400w, https:\/\/static-blogs.diariosur.es\/wp-content\/uploads\/sites\/12\/2024\/11\/130738248_10221381944997043_6257362087676436516_n.jpg 768w\" sizes=\"(max-width: 150px) 100vw, 150px\" \/><\/a><\/p>\n<p data-pm-slice=\"1 1 []\">Buenos d\u00edas, amigos de la meteo. Cuando son las siete de la ma\u00f1ana en M\u00e1laga capital, la estaci\u00f3n de la AEMET del aeropuerto registra 4,9 \u00b0C, los cielos est\u00e1n poco nubosos y el viento sopla flojo de direcci\u00f3n variable. Hoy jueves la m\u00e1xima prevista en la capital rondar\u00e1 entre los 16 y 17 \u00b0C. Ayer mi\u00e9rcoles la temperatura m\u00e1xima m\u00e1s alta se registr\u00f3 en el Centro Meteorol\u00f3gico de Teatinos con 17,7 \u00baC y el Puerto con 17,8 \u00baC.<\/p>\n<p>Los modelos siguen dando un cambio de tiempo para los primeros d\u00edas de la semana que viene. Esta noche o ma\u00f1ana, con los modelos actualizados, actualizar\u00e9 el blog para hacer un seguimiento de esas<strong> probables<\/strong> lluvias en la provincia de M\u00e1laga y nuestra Comunidad Andaluza.<\/p>\n<h3><strong>\u00bfHay probabilidad de precipitaciones en la pr\u00f3xima madrugada y primeras horas de la ma\u00f1ana del viernes?<\/strong><\/h3>\n<p>A partir de esta tarde noche se va a formar una dana en el norte de Argelia; esto traer\u00e1 consigo que tengamos probabilidad de precipitaciones d\u00e9biles y ocasionales durante la pr\u00f3xima madrugada del viernes y primeras horas de la ma\u00f1ana en algunos puntos del litoral malague\u00f1o. No espero gran cosa.<\/p>\n<p>Os pongo el mapa a 500 hpa del modelo europeo para que identifiqu\u00e9is a la dana. Fuente: Meteologix<\/p>\n<p>&nbsp;<\/p>\n<p><a href=\"https:\/\/static-blogs.diariosur.es\/wp-content\/uploads\/sites\/12\/2025\/01\/Z-2.jpg\"><img loading=\"lazy\" class=\"aligncenter size-full wp-image-43058\" src=\"https:\/\/static-blogs.diariosur.es\/wp-content\/uploads\/sites\/12\/2025\/01\/Z-2.jpg\" alt=\"\" width=\"1144\" height=\"1137\" srcset=\"https:\/\/static-blogs.diariosur.es\/wp-content\/uploads\/sites\/12\/2025\/01\/Z-2.jpg 1144w, https:\/\/static-blogs.diariosur.es\/wp-content\/uploads\/sites\/12\/2025\/01\/Z-2-402x400.jpg 402w, https:\/\/static-blogs.diariosur.es\/wp-content\/uploads\/sites\/12\/2025\/01\/Z-2-411x408.jpg 411w, https:\/\/static-blogs.diariosur.es\/wp-content\/uploads\/sites\/12\/2025\/01\/Z-2-150x150.jpg 150w, https:\/\/static-blogs.diariosur.es\/wp-content\/uploads\/sites\/12\/2025\/01\/Z-2-768x763.jpg 768w\" sizes=\"(max-width: 1144px) 100vw, 1144px\" \/><\/a><\/p>\n<p data-pm-slice=\"1 1 []\">Donde se esperan m\u00e1s lluvias es en la Comunidad Valenciana; ma\u00f1ana entran en aviso amarillo por acumulados de entre 20mm y 60 mm en doce horas. \u00a0 Probabilidad alta de granizo peque\u00f1o y fen\u00f3menos tormentosos. Tambi\u00e9n se esperan rachas fuertes de viento de levante.<\/p>\n","protected":false},"excerpt":{"rendered":"<p>Buenos d\u00edas, amigos de la meteo. Cuando son las siete de la ma\u00f1ana en M\u00e1laga capital, la estaci\u00f3n de la AEMET del aeropuerto registra 4,9 \u00b0C, los cielos est\u00e1n poco nubosos y el viento sopla flojo de direcci\u00f3n variable. Hoy jueves la m\u00e1xima prevista en la capital rondar\u00e1 entre los 16 y 17 \u00b0C. Ayer [&hellip;]<\/p>\n","protected":false},"author":16,"featured_media":43060,"comment_status":"open","ping_status":"open","sticky":false,"template":"","format":"standard","meta":[],"categories":[2],"tags":[94,151,307,358,587,800,1040],"_links":{"self":[{"href":"https:\/\/blogs.diariosur.es\/tormentas-y-rayos\/wp-json\/wp\/v2\/posts\/43053"}],"collection":[{"href":"https:\/\/blogs.diariosur.es\/tormentas-y-rayos\/wp-json\/wp\/v2\/posts"}],"about":[{"href":"https:\/\/blogs.diariosur.es\/tormentas-y-rayos\/wp-json\/wp\/v2\/types\/post"}],"author":[{"embeddable":true,"href":"https:\/\/blogs.diariosur.es\/tormentas-y-rayos\/wp-json\/wp\/v2\/users\/16"}],"replies":[{"embeddable":true,"href":"https:\/\/blogs.diariosur.es\/tormentas-y-rayos\/wp-json\/wp\/v2\/comments?post=43053"}],"version-history":[{"count":9,"href":"https:\/\/blogs.diariosur.es\/tormentas-y-rayos\/wp-json\/wp\/v2\/posts\/43053\/revisions"}],"predecessor-version":[{"id":47206,"href":"https:\/\/blogs.diariosur.es\/tormentas-y-rayos\/wp-json\/wp\/v2\/posts\/43053\/revisions\/47206"}],"wp:featuredmedia":[{"embeddable":true,"href":"https:\/\/blogs.diariosur.es\/tormentas-y-rayos\/wp-json\/wp\/v2\/media\/43060"}],"wp:attachment":[{"href":"https:\/\/blogs.diariosur.es\/tormentas-y-rayos\/wp-json\/wp\/v2\/media?parent=43053"}],"wp:term":[{"taxonomy":"category","embeddable":true,"href":"https:\/\/blogs.diariosur.es\/tormentas-y-rayos\/wp-json\/wp\/v2\/categories?post=43053"},{"taxonomy":"post_tag","embeddable":true,"href":"https:\/\/blogs.diariosur.es\/tormentas-y-rayos\/wp-json\/wp\/v2\/tags?post=43053"}],"curies":[{"name":"wp","href":"https:\/\/api.w.org\/{rel}","templated":true}]}}