{"id":43073,"date":"2025-01-19T07:57:29","date_gmt":"2025-01-19T06:57:29","guid":{"rendered":"https:\/\/blogs.diariosur.es\/tormentas-y-rayos\/?p=43073"},"modified":"2025-11-08T07:39:56","modified_gmt":"2025-11-08T06:39:56","slug":"probables-acumulados-de-precipitacion-en-la-provincia-de-malaga-y-andalucia-hasta-el-miercoles-malas-noticias","status":"publish","type":"post","link":"https:\/\/blogs.diariosur.es\/tormentas-y-rayos\/2025\/01\/19\/probables-acumulados-de-precipitacion-en-la-provincia-de-malaga-y-andalucia-hasta-el-miercoles-malas-noticias\/","title":{"rendered":"Probables acumulados de precipitaci\u00f3n en la provincia de M\u00e1laga y Andaluc\u00eda hasta el mi\u00e9rcoles. Malas noticias"},"content":{"rendered":"<p><a href=\"https:\/\/static-blogs.diariosur.es\/wp-content\/uploads\/sites\/12\/2024\/11\/130738248_10221381944997043_6257362087676436516_n.jpg\"><img loading=\"lazy\" class=\"aligncenter size-thumbnail wp-image-42618\" src=\"https:\/\/static-blogs.diariosur.es\/wp-content\/uploads\/sites\/12\/2024\/11\/130738248_10221381944997043_6257362087676436516_n-150x150.jpg\" alt=\"\" width=\"150\" height=\"150\" srcset=\"https:\/\/static-blogs.diariosur.es\/wp-content\/uploads\/sites\/12\/2024\/11\/130738248_10221381944997043_6257362087676436516_n-150x150.jpg 150w, https:\/\/static-blogs.diariosur.es\/wp-content\/uploads\/sites\/12\/2024\/11\/130738248_10221381944997043_6257362087676436516_n-400x400.jpg 400w, https:\/\/static-blogs.diariosur.es\/wp-content\/uploads\/sites\/12\/2024\/11\/130738248_10221381944997043_6257362087676436516_n.jpg 768w\" sizes=\"(max-width: 150px) 100vw, 150px\" \/><\/a><\/p>\n<p>&nbsp;<\/p>\n<p data-pm-slice=\"1 1 []\">Buenos d\u00edas, amigos de la meteo. Como coment\u00e9 el viernes, las provincias m\u00e1s beneficiadas por los \u00e1bregos ser\u00e1n las de Huelva, C\u00e1diz, Sevilla y C\u00f3rdoba, sobre todo la provincia de Huelva, que ma\u00f1ana y el martes entra en aviso amarillo.<\/p>\n<p>La borrasca Garo\u00e9, al no acercarse tanto, habr\u00e1 zonas de la provincia malague\u00f1a en las que los vientos no ser\u00e1n tan h\u00famedos, con lo cual, nuestro gozo en un pozo. Tendr\u00edamos que esperar para el fin de semana, que probablemente otra borrasca se acercara m\u00e1s al cabo de San Vicente, pero para esto quedan muchos d\u00edas.<\/p>\n<p>La precipitaci\u00f3n en la provincia de M\u00e1laga la espero ma\u00f1ana lunes a \u00faltima hora de la tarde.<\/p>\n<p>Os paso los probables acumulados de Andaluc\u00eda y provincia malague\u00f1a hasta el mi\u00e9rcoles, del modelo europeo y americano. Si os fij\u00e1is, muy poca cosa en la provincia de M\u00e1laga.<\/p>\n<p>MODELO EUROPEO<\/p>\n<p>&nbsp;<\/p>\n<p>&nbsp;<\/p>\n<p><a href=\"https:\/\/static-blogs.diariosur.es\/wp-content\/uploads\/sites\/12\/2025\/01\/europeo-andalucia.jpg\"><img loading=\"lazy\" class=\"aligncenter size-full wp-image-43081\" src=\"https:\/\/static-blogs.diariosur.es\/wp-content\/uploads\/sites\/12\/2025\/01\/europeo-andalucia.jpg\" alt=\"\" width=\"760\" height=\"760\" srcset=\"https:\/\/static-blogs.diariosur.es\/wp-content\/uploads\/sites\/12\/2025\/01\/europeo-andalucia.jpg 760w, https:\/\/static-blogs.diariosur.es\/wp-content\/uploads\/sites\/12\/2025\/01\/europeo-andalucia-400x400.jpg 400w, https:\/\/static-blogs.diariosur.es\/wp-content\/uploads\/sites\/12\/2025\/01\/europeo-andalucia-408x408.jpg 408w, https:\/\/static-blogs.diariosur.es\/wp-content\/uploads\/sites\/12\/2025\/01\/europeo-andalucia-150x150.jpg 150w\" sizes=\"(max-width: 760px) 100vw, 760px\" \/><\/a> <a href=\"https:\/\/static-blogs.diariosur.es\/wp-content\/uploads\/sites\/12\/2025\/01\/europeo-malaga.jpg\"><img loading=\"lazy\" class=\"aligncenter size-full wp-image-43082\" src=\"https:\/\/static-blogs.diariosur.es\/wp-content\/uploads\/sites\/12\/2025\/01\/europeo-malaga.jpg\" alt=\"\" width=\"760\" height=\"760\" srcset=\"https:\/\/static-blogs.diariosur.es\/wp-content\/uploads\/sites\/12\/2025\/01\/europeo-malaga.jpg 760w, https:\/\/static-blogs.diariosur.es\/wp-content\/uploads\/sites\/12\/2025\/01\/europeo-malaga-400x400.jpg 400w, https:\/\/static-blogs.diariosur.es\/wp-content\/uploads\/sites\/12\/2025\/01\/europeo-malaga-408x408.jpg 408w, https:\/\/static-blogs.diariosur.es\/wp-content\/uploads\/sites\/12\/2025\/01\/europeo-malaga-150x150.jpg 150w\" sizes=\"(max-width: 760px) 100vw, 760px\" \/><\/a><\/p>\n<p>MODELO AMERICANO<\/p>\n<p><a href=\"https:\/\/static-blogs.diariosur.es\/wp-content\/uploads\/sites\/12\/2025\/01\/americano-andalucia.jpg\"><img loading=\"lazy\" class=\"aligncenter size-full wp-image-43083\" src=\"https:\/\/static-blogs.diariosur.es\/wp-content\/uploads\/sites\/12\/2025\/01\/americano-andalucia.jpg\" alt=\"\" width=\"760\" height=\"760\" srcset=\"https:\/\/static-blogs.diariosur.es\/wp-content\/uploads\/sites\/12\/2025\/01\/americano-andalucia.jpg 760w, https:\/\/static-blogs.diariosur.es\/wp-content\/uploads\/sites\/12\/2025\/01\/americano-andalucia-400x400.jpg 400w, https:\/\/static-blogs.diariosur.es\/wp-content\/uploads\/sites\/12\/2025\/01\/americano-andalucia-408x408.jpg 408w, https:\/\/static-blogs.diariosur.es\/wp-content\/uploads\/sites\/12\/2025\/01\/americano-andalucia-150x150.jpg 150w\" sizes=\"(max-width: 760px) 100vw, 760px\" \/><\/a> <a href=\"https:\/\/static-blogs.diariosur.es\/wp-content\/uploads\/sites\/12\/2025\/01\/americano-malaga.jpg\"><img loading=\"lazy\" class=\"aligncenter size-full wp-image-43084\" src=\"https:\/\/static-blogs.diariosur.es\/wp-content\/uploads\/sites\/12\/2025\/01\/americano-malaga.jpg\" alt=\"\" width=\"760\" height=\"760\" srcset=\"https:\/\/static-blogs.diariosur.es\/wp-content\/uploads\/sites\/12\/2025\/01\/americano-malaga.jpg 760w, https:\/\/static-blogs.diariosur.es\/wp-content\/uploads\/sites\/12\/2025\/01\/americano-malaga-400x400.jpg 400w, https:\/\/static-blogs.diariosur.es\/wp-content\/uploads\/sites\/12\/2025\/01\/americano-malaga-408x408.jpg 408w, https:\/\/static-blogs.diariosur.es\/wp-content\/uploads\/sites\/12\/2025\/01\/americano-malaga-150x150.jpg 150w\" sizes=\"(max-width: 760px) 100vw, 760px\" \/><\/a><\/p>\n<p>&nbsp;<\/p>\n<p>&nbsp;<\/p>\n","protected":false},"excerpt":{"rendered":"<p>&nbsp; Buenos d\u00edas, amigos de la meteo. Como coment\u00e9 el viernes, las provincias m\u00e1s beneficiadas por los \u00e1bregos ser\u00e1n las de Huelva, C\u00e1diz, Sevilla y C\u00f3rdoba, sobre todo la provincia de Huelva, que ma\u00f1ana y el martes entra en aviso amarillo. La borrasca Garo\u00e9, al no acercarse tanto, habr\u00e1 zonas de la provincia malague\u00f1a en [&hellip;]<\/p>\n","protected":false},"author":16,"featured_media":43085,"comment_status":"open","ping_status":"open","sticky":false,"template":"","format":"standard","meta":[],"categories":[2],"tags":[94,100,151,188,1982,569],"_links":{"self":[{"href":"https:\/\/blogs.diariosur.es\/tormentas-y-rayos\/wp-json\/wp\/v2\/posts\/43073"}],"collection":[{"href":"https:\/\/blogs.diariosur.es\/tormentas-y-rayos\/wp-json\/wp\/v2\/posts"}],"about":[{"href":"https:\/\/blogs.diariosur.es\/tormentas-y-rayos\/wp-json\/wp\/v2\/types\/post"}],"author":[{"embeddable":true,"href":"https:\/\/blogs.diariosur.es\/tormentas-y-rayos\/wp-json\/wp\/v2\/users\/16"}],"replies":[{"embeddable":true,"href":"https:\/\/blogs.diariosur.es\/tormentas-y-rayos\/wp-json\/wp\/v2\/comments?post=43073"}],"version-history":[{"count":9,"href":"https:\/\/blogs.diariosur.es\/tormentas-y-rayos\/wp-json\/wp\/v2\/posts\/43073\/revisions"}],"predecessor-version":[{"id":47202,"href":"https:\/\/blogs.diariosur.es\/tormentas-y-rayos\/wp-json\/wp\/v2\/posts\/43073\/revisions\/47202"}],"wp:featuredmedia":[{"embeddable":true,"href":"https:\/\/blogs.diariosur.es\/tormentas-y-rayos\/wp-json\/wp\/v2\/media\/43085"}],"wp:attachment":[{"href":"https:\/\/blogs.diariosur.es\/tormentas-y-rayos\/wp-json\/wp\/v2\/media?parent=43073"}],"wp:term":[{"taxonomy":"category","embeddable":true,"href":"https:\/\/blogs.diariosur.es\/tormentas-y-rayos\/wp-json\/wp\/v2\/categories?post=43073"},{"taxonomy":"post_tag","embeddable":true,"href":"https:\/\/blogs.diariosur.es\/tormentas-y-rayos\/wp-json\/wp\/v2\/tags?post=43073"}],"curies":[{"name":"wp","href":"https:\/\/api.w.org\/{rel}","templated":true}]}}