{"id":43088,"date":"2025-01-21T09:07:54","date_gmt":"2025-01-21T08:07:54","guid":{"rendered":"https:\/\/blogs.diariosur.es\/tormentas-y-rayos\/?p=43088"},"modified":"2025-11-08T07:38:27","modified_gmt":"2025-11-08T06:38:27","slug":"impresionante-no-recuerdo-una-humedad-tan-alta-durante-la-madrugada-y-primeras-horas-de-la-manana-en-el-aeropuerto-de-malaga","status":"publish","type":"post","link":"https:\/\/blogs.diariosur.es\/tormentas-y-rayos\/2025\/01\/21\/impresionante-no-recuerdo-una-humedad-tan-alta-durante-la-madrugada-y-primeras-horas-de-la-manana-en-el-aeropuerto-de-malaga\/","title":{"rendered":"Impresionante. No recuerdo una humedad tan alta, durante la madrugada y primeras horas de la ma\u00f1ana, en el Aeropuerto de M\u00e1laga."},"content":{"rendered":"<p><a href=\"https:\/\/static-blogs.diariosur.es\/wp-content\/uploads\/sites\/12\/2024\/11\/130738248_10221381944997043_6257362087676436516_n.jpg\"><img loading=\"lazy\" class=\"aligncenter size-thumbnail wp-image-42618\" src=\"https:\/\/static-blogs.diariosur.es\/wp-content\/uploads\/sites\/12\/2024\/11\/130738248_10221381944997043_6257362087676436516_n-150x150.jpg\" alt=\"\" width=\"150\" height=\"150\" srcset=\"https:\/\/static-blogs.diariosur.es\/wp-content\/uploads\/sites\/12\/2024\/11\/130738248_10221381944997043_6257362087676436516_n-150x150.jpg 150w, https:\/\/static-blogs.diariosur.es\/wp-content\/uploads\/sites\/12\/2024\/11\/130738248_10221381944997043_6257362087676436516_n-400x400.jpg 400w, https:\/\/static-blogs.diariosur.es\/wp-content\/uploads\/sites\/12\/2024\/11\/130738248_10221381944997043_6257362087676436516_n.jpg 768w\" sizes=\"(max-width: 150px) 100vw, 150px\" \/><\/a><\/p>\n<p>&nbsp;<\/p>\n<p data-pm-slice=\"1 1 []\">Buenos d\u00edas, amigos de la meteo.\u00a0 No recuerdo una humedad tan alta en la estaci\u00f3n de la Aemet del aeropuerto desde que le hago un seguimiento. Durante casi toda la madrugada no ha bajado del 100%; incluso ahora a las nueve de la ma\u00f1ana sigue la humedad tan alta. Los que hab\u00e9is salido a la calle temprano seguro que lo hab\u00e9is notado: aceras mojadas, coches mojados y, si no recogisteis la ropa tendida, ahora mismo est\u00e1 chorreando. La niebla de radiaci\u00f3n tambi\u00e9n ha sido protagonista.<\/p>\n<p>Os paso el gr\u00e1fico del aeropuerto. Impresionante, 9 horas seguidas al 100%. Reedito: a las once de la ma\u00f1ana sigue al 100%; en zonas del Valle del Guadalhorce, los pluvi\u00f3metros han contabilizado algunas d\u00e9cimas de litros por la niebla.<\/p>\n<p>&nbsp;<\/p>\n<p>&nbsp;<\/p>\n<p><a href=\"https:\/\/static-blogs.diariosur.es\/wp-content\/uploads\/sites\/12\/2025\/01\/humedad-aeropuerto-21-nde-enero-e1737456374679.jpg\"><img loading=\"lazy\" class=\"aligncenter size-full wp-image-43101\" src=\"https:\/\/static-blogs.diariosur.es\/wp-content\/uploads\/sites\/12\/2025\/01\/humedad-aeropuerto-21-nde-enero-e1737456374679.jpg\" alt=\"\" width=\"1000\" height=\"450\" \/><\/a><\/p>\n<p>&nbsp;<\/p>\n<p>&nbsp;<\/p>\n<p>&nbsp;<\/p>\n<p>&nbsp;<\/p>\n<p>Os paso un par de fotos.<\/p>\n<p>&nbsp;<\/p>\n<p><a href=\"https:\/\/static-blogs.diariosur.es\/wp-content\/uploads\/sites\/12\/2025\/01\/474444702_10231435616052536_1181637000925425264_n-e1737441977194.jpg\"><img loading=\"lazy\" class=\"aligncenter size-full wp-image-43090\" src=\"https:\/\/static-blogs.diariosur.es\/wp-content\/uploads\/sites\/12\/2025\/01\/474444702_10231435616052536_1181637000925425264_n-e1737441977194.jpg\" alt=\"\" width=\"1000\" height=\"750\" \/><\/a><\/p>\n<p>&nbsp;<\/p>\n<p><a href=\"https:\/\/static-blogs.diariosur.es\/wp-content\/uploads\/sites\/12\/2025\/01\/474464084_10231435779616625_695695384565883004_n-e1737446755330.jpg\"><img loading=\"lazy\" class=\"aligncenter size-full wp-image-43092\" src=\"https:\/\/static-blogs.diariosur.es\/wp-content\/uploads\/sites\/12\/2025\/01\/474464084_10231435779616625_695695384565883004_n-e1737446755330.jpg\" alt=\"\" width=\"1000\" height=\"750\" \/><\/a><\/p>\n<p>&nbsp;<\/p>\n","protected":false},"excerpt":{"rendered":"<p>&nbsp; Buenos d\u00edas, amigos de la meteo.\u00a0 No recuerdo una humedad tan alta en la estaci\u00f3n de la Aemet del aeropuerto desde que le hago un seguimiento. Durante casi toda la madrugada no ha bajado del 100%; incluso ahora a las nueve de la ma\u00f1ana sigue la humedad tan alta. Los que hab\u00e9is salido a [&hellip;]<\/p>\n","protected":false},"author":16,"featured_media":43090,"comment_status":"open","ping_status":"open","sticky":false,"template":"","format":"standard","meta":[],"categories":[2],"tags":[80,188,358,1982,494,587,800],"_links":{"self":[{"href":"https:\/\/blogs.diariosur.es\/tormentas-y-rayos\/wp-json\/wp\/v2\/posts\/43088"}],"collection":[{"href":"https:\/\/blogs.diariosur.es\/tormentas-y-rayos\/wp-json\/wp\/v2\/posts"}],"about":[{"href":"https:\/\/blogs.diariosur.es\/tormentas-y-rayos\/wp-json\/wp\/v2\/types\/post"}],"author":[{"embeddable":true,"href":"https:\/\/blogs.diariosur.es\/tormentas-y-rayos\/wp-json\/wp\/v2\/users\/16"}],"replies":[{"embeddable":true,"href":"https:\/\/blogs.diariosur.es\/tormentas-y-rayos\/wp-json\/wp\/v2\/comments?post=43088"}],"version-history":[{"count":8,"href":"https:\/\/blogs.diariosur.es\/tormentas-y-rayos\/wp-json\/wp\/v2\/posts\/43088\/revisions"}],"predecessor-version":[{"id":47201,"href":"https:\/\/blogs.diariosur.es\/tormentas-y-rayos\/wp-json\/wp\/v2\/posts\/43088\/revisions\/47201"}],"wp:featuredmedia":[{"embeddable":true,"href":"https:\/\/blogs.diariosur.es\/tormentas-y-rayos\/wp-json\/wp\/v2\/media\/43090"}],"wp:attachment":[{"href":"https:\/\/blogs.diariosur.es\/tormentas-y-rayos\/wp-json\/wp\/v2\/media?parent=43088"}],"wp:term":[{"taxonomy":"category","embeddable":true,"href":"https:\/\/blogs.diariosur.es\/tormentas-y-rayos\/wp-json\/wp\/v2\/categories?post=43088"},{"taxonomy":"post_tag","embeddable":true,"href":"https:\/\/blogs.diariosur.es\/tormentas-y-rayos\/wp-json\/wp\/v2\/tags?post=43088"}],"curies":[{"name":"wp","href":"https:\/\/api.w.org\/{rel}","templated":true}]}}