{"id":43139,"date":"2025-01-24T07:45:32","date_gmt":"2025-01-24T06:45:32","guid":{"rendered":"https:\/\/blogs.diariosur.es\/tormentas-y-rayos\/?p=43139"},"modified":"2025-11-08T07:32:51","modified_gmt":"2025-11-08T06:32:51","slug":"probables-acumulados-de-precipitacion-sabado-domingo-y-lunes-en-la-provincia-de-malaga-cada-24-horas","status":"publish","type":"post","link":"https:\/\/blogs.diariosur.es\/tormentas-y-rayos\/2025\/01\/24\/probables-acumulados-de-precipitacion-sabado-domingo-y-lunes-en-la-provincia-de-malaga-cada-24-horas\/","title":{"rendered":"Probables acumulados de precipitaci\u00f3n s\u00e1bado, domingo y lunes en la provincia de M\u00e1laga cada 24 horas"},"content":{"rendered":"<p><a href=\"https:\/\/static-blogs.diariosur.es\/wp-content\/uploads\/sites\/12\/2024\/11\/130738248_10221381944997043_6257362087676436516_n.jpg\"><img loading=\"lazy\" class=\"aligncenter size-thumbnail wp-image-42618\" src=\"https:\/\/static-blogs.diariosur.es\/wp-content\/uploads\/sites\/12\/2024\/11\/130738248_10221381944997043_6257362087676436516_n-150x150.jpg\" alt=\"\" width=\"150\" height=\"150\" srcset=\"https:\/\/static-blogs.diariosur.es\/wp-content\/uploads\/sites\/12\/2024\/11\/130738248_10221381944997043_6257362087676436516_n-150x150.jpg 150w, https:\/\/static-blogs.diariosur.es\/wp-content\/uploads\/sites\/12\/2024\/11\/130738248_10221381944997043_6257362087676436516_n-400x400.jpg 400w, https:\/\/static-blogs.diariosur.es\/wp-content\/uploads\/sites\/12\/2024\/11\/130738248_10221381944997043_6257362087676436516_n.jpg 768w\" sizes=\"(max-width: 150px) 100vw, 150px\" \/><\/a><\/p>\n<p data-pm-slice=\"1 1 []\">Buenos d\u00edas, amigos de la meteo. Cuando son las siete de la ma\u00f1ana en M\u00e1laga capital, el Aeropuerto registra 8,8 \u00baC, en el Centro Meteorol\u00f3gico 9,5 \u00baC y en el Puerto 12,3 \u00baC. Nuevamente hoy viernes 24 de enero sobrepasaremos los 20 grados en M\u00e1laga capital y otras zonas de la provincia malague\u00f1a.<\/p>\n<p>Ayer jueves, la temperatura m\u00e1xima se registr\u00f3 en la estaci\u00f3n de la Aemet del Puerto con 22 \u00baC; en el Aeropuerto y Centro Meteorol\u00f3gico se registr\u00f3 21,5 \u00baC, temperaturas primaverales.<\/p>\n<h3><strong>Probables acumulados de precipitaci\u00f3n s\u00e1bado, domingo y lunes en la provincia de M\u00e1laga cada 24 horas.<\/strong><\/h3>\n<p>Antes de poneros los probables acumulados, os quiero comentar que el frente fr\u00edo m\u00e1s activo se espera el lunes; una nueva borrasca se acercar\u00e1 a la pen\u00ednsula y probablemente dejar\u00e1 m\u00e1s litros en la provincia malague\u00f1a; no es mucho, pero todo lo que caiga es bueno.<\/p>\n<p><strong>Para que os resulte m\u00e1s f\u00e1cil, pongo los acumulados en litros por metro cuadrado.<\/strong><\/p>\n<p>Os paso los acumulados del modelo europeo cada 24 horas. Fuente: Meteologix<\/p>\n<p><strong>S\u00c1BADO 25 DE ENERO<\/strong><\/p>\n<p>&nbsp;<\/p>\n<p>&nbsp;<\/p>\n<p><a href=\"https:\/\/static-blogs.diariosur.es\/wp-content\/uploads\/sites\/12\/2025\/01\/1.jpg\"><img loading=\"lazy\" class=\"aligncenter size-full wp-image-43140\" src=\"https:\/\/static-blogs.diariosur.es\/wp-content\/uploads\/sites\/12\/2025\/01\/1.jpg\" alt=\"\" width=\"1150\" height=\"1204\" srcset=\"https:\/\/static-blogs.diariosur.es\/wp-content\/uploads\/sites\/12\/2025\/01\/1.jpg 1150w, https:\/\/static-blogs.diariosur.es\/wp-content\/uploads\/sites\/12\/2025\/01\/1-382x400.jpg 382w, https:\/\/static-blogs.diariosur.es\/wp-content\/uploads\/sites\/12\/2025\/01\/1-390x408.jpg 390w, https:\/\/static-blogs.diariosur.es\/wp-content\/uploads\/sites\/12\/2025\/01\/1-768x804.jpg 768w\" sizes=\"(max-width: 1150px) 100vw, 1150px\" \/><\/a><\/p>\n<p><strong>DOMINGO 26 DE ENERO<\/strong><\/p>\n<p><a href=\"https:\/\/static-blogs.diariosur.es\/wp-content\/uploads\/sites\/12\/2025\/01\/2.jpg\"><img loading=\"lazy\" class=\"aligncenter size-full wp-image-43141\" src=\"https:\/\/static-blogs.diariosur.es\/wp-content\/uploads\/sites\/12\/2025\/01\/2.jpg\" alt=\"\" width=\"1147\" height=\"1194\" srcset=\"https:\/\/static-blogs.diariosur.es\/wp-content\/uploads\/sites\/12\/2025\/01\/2.jpg 1147w, https:\/\/static-blogs.diariosur.es\/wp-content\/uploads\/sites\/12\/2025\/01\/2-384x400.jpg 384w, https:\/\/static-blogs.diariosur.es\/wp-content\/uploads\/sites\/12\/2025\/01\/2-392x408.jpg 392w, https:\/\/static-blogs.diariosur.es\/wp-content\/uploads\/sites\/12\/2025\/01\/2-768x799.jpg 768w\" sizes=\"(max-width: 1147px) 100vw, 1147px\" \/><\/a><\/p>\n<p>&nbsp;<\/p>\n<p><strong>LUNES 27 DE ENERO<\/strong><\/p>\n<p>&nbsp;<\/p>\n<p><a href=\"https:\/\/static-blogs.diariosur.es\/wp-content\/uploads\/sites\/12\/2025\/01\/3.jpg\"><img loading=\"lazy\" class=\"aligncenter size-full wp-image-43142\" src=\"https:\/\/static-blogs.diariosur.es\/wp-content\/uploads\/sites\/12\/2025\/01\/3.jpg\" alt=\"\" width=\"1144\" height=\"1191\" srcset=\"https:\/\/static-blogs.diariosur.es\/wp-content\/uploads\/sites\/12\/2025\/01\/3.jpg 1144w, https:\/\/static-blogs.diariosur.es\/wp-content\/uploads\/sites\/12\/2025\/01\/3-384x400.jpg 384w, https:\/\/static-blogs.diariosur.es\/wp-content\/uploads\/sites\/12\/2025\/01\/3-392x408.jpg 392w, https:\/\/static-blogs.diariosur.es\/wp-content\/uploads\/sites\/12\/2025\/01\/3-768x800.jpg 768w\" sizes=\"(max-width: 1144px) 100vw, 1144px\" \/><\/a><\/p>\n<p>&nbsp;<\/p>\n<p>Nos vemos ma\u00f1ana para ir confirmando si caen m\u00e1s o menos estos litros. El modelo americano es un poco m\u00e1s r\u00e1cano en el litoral malague\u00f1o.<\/p>\n<p>&nbsp;<\/p>\n","protected":false},"excerpt":{"rendered":"<p>Buenos d\u00edas, amigos de la meteo. Cuando son las siete de la ma\u00f1ana en M\u00e1laga capital, el Aeropuerto registra 8,8 \u00baC, en el Centro Meteorol\u00f3gico 9,5 \u00baC y en el Puerto 12,3 \u00baC. Nuevamente hoy viernes 24 de enero sobrepasaremos los 20 grados en M\u00e1laga capital y otras zonas de la provincia malague\u00f1a. Ayer jueves, [&hellip;]<\/p>\n","protected":false},"author":16,"featured_media":43143,"comment_status":"open","ping_status":"open","sticky":false,"template":"","format":"standard","meta":[],"categories":[2],"tags":[100,188,358,569,587,800],"_links":{"self":[{"href":"https:\/\/blogs.diariosur.es\/tormentas-y-rayos\/wp-json\/wp\/v2\/posts\/43139"}],"collection":[{"href":"https:\/\/blogs.diariosur.es\/tormentas-y-rayos\/wp-json\/wp\/v2\/posts"}],"about":[{"href":"https:\/\/blogs.diariosur.es\/tormentas-y-rayos\/wp-json\/wp\/v2\/types\/post"}],"author":[{"embeddable":true,"href":"https:\/\/blogs.diariosur.es\/tormentas-y-rayos\/wp-json\/wp\/v2\/users\/16"}],"replies":[{"embeddable":true,"href":"https:\/\/blogs.diariosur.es\/tormentas-y-rayos\/wp-json\/wp\/v2\/comments?post=43139"}],"version-history":[{"count":2,"href":"https:\/\/blogs.diariosur.es\/tormentas-y-rayos\/wp-json\/wp\/v2\/posts\/43139\/revisions"}],"predecessor-version":[{"id":47198,"href":"https:\/\/blogs.diariosur.es\/tormentas-y-rayos\/wp-json\/wp\/v2\/posts\/43139\/revisions\/47198"}],"wp:featuredmedia":[{"embeddable":true,"href":"https:\/\/blogs.diariosur.es\/tormentas-y-rayos\/wp-json\/wp\/v2\/media\/43143"}],"wp:attachment":[{"href":"https:\/\/blogs.diariosur.es\/tormentas-y-rayos\/wp-json\/wp\/v2\/media?parent=43139"}],"wp:term":[{"taxonomy":"category","embeddable":true,"href":"https:\/\/blogs.diariosur.es\/tormentas-y-rayos\/wp-json\/wp\/v2\/categories?post=43139"},{"taxonomy":"post_tag","embeddable":true,"href":"https:\/\/blogs.diariosur.es\/tormentas-y-rayos\/wp-json\/wp\/v2\/tags?post=43139"}],"curies":[{"name":"wp","href":"https:\/\/api.w.org\/{rel}","templated":true}]}}