{"id":43145,"date":"2025-01-25T09:52:24","date_gmt":"2025-01-25T08:52:24","guid":{"rendered":"https:\/\/blogs.diariosur.es\/tormentas-y-rayos\/?p=43145"},"modified":"2025-11-08T07:30:46","modified_gmt":"2025-11-08T06:30:46","slug":"borrasca-heminia-aviso-amarillo-por-viento-y-fenomenos-costeros-en-andalucia","status":"publish","type":"post","link":"https:\/\/blogs.diariosur.es\/tormentas-y-rayos\/2025\/01\/25\/borrasca-heminia-aviso-amarillo-por-viento-y-fenomenos-costeros-en-andalucia\/","title":{"rendered":"Borrasca Heminia. Aviso amarillo por viento y fen\u00f3menos costeros en M\u00e1laga y Andaluc\u00eda"},"content":{"rendered":"<p><a href=\"https:\/\/static-blogs.diariosur.es\/wp-content\/uploads\/sites\/12\/2024\/11\/130738248_10221381944997043_6257362087676436516_n.jpg\"><img loading=\"lazy\" class=\"aligncenter size-thumbnail wp-image-42618\" src=\"https:\/\/static-blogs.diariosur.es\/wp-content\/uploads\/sites\/12\/2024\/11\/130738248_10221381944997043_6257362087676436516_n-150x150.jpg\" alt=\"\" width=\"150\" height=\"150\" srcset=\"https:\/\/static-blogs.diariosur.es\/wp-content\/uploads\/sites\/12\/2024\/11\/130738248_10221381944997043_6257362087676436516_n-150x150.jpg 150w, https:\/\/static-blogs.diariosur.es\/wp-content\/uploads\/sites\/12\/2024\/11\/130738248_10221381944997043_6257362087676436516_n-400x400.jpg 400w, https:\/\/static-blogs.diariosur.es\/wp-content\/uploads\/sites\/12\/2024\/11\/130738248_10221381944997043_6257362087676436516_n.jpg 768w\" sizes=\"(max-width: 150px) 100vw, 150px\" \/><\/a><\/p>\n<p data-pm-slice=\"1 1 []\">Buenos d\u00edas, amigos de la meteo. Cuando son las siete y media de la ma\u00f1ana en M\u00e1laga capital, el Aeropuerto registra 9,3 \u00baC, el Centro Meteorol\u00f3gico 10,8 y el Puerto 13 \u00baC.\u00a0 Hoy se esperan precipitaciones d\u00e9biles y ocasionales por el interior, siendo menos probables en el litoral. En algunos puntos de la provincia malague\u00f1a se alcanzar\u00e1n los 20 \u00baC.<\/p>\n<p>Ayer la temperatura m\u00e1xima en la capital la registr\u00f3 la estaci\u00f3n de la Aemet del Puerto con 22,6 \u00baC; destacar \u00c1lora, 23,3 \u00baC. Las estaciones de V\u00e9lez-M\u00e1laga y Rinc\u00f3n de la Victoria no las menciono porque no est\u00e1n bien calibradas y posicionadas.<\/p>\n<p>Con vuestro permiso me voy para la playa para fotografiar el amanecer; si est\u00e1 bonito, os pondr\u00e9 fotos.<\/p>\n<p>Ya de vuelta, amigos, ha estado bonito el amanecer de hoy. Os paso dos videos; luego, m\u00e1s tarde, en X y Facebook os pondr\u00e9 las fotos.<\/p>\n<p>&nbsp;<\/p>\n<p>&nbsp;<\/p>\n<p><iframe loading=\"lazy\" title=\"YouTube video player\" src=\"https:\/\/www.youtube.com\/embed\/fr13IVApAqk?si=gMUM29O8dSHtRSt0\" width=\"560\" height=\"315\" frameborder=\"0\" allowfullscreen=\"allowfullscreen\"><\/iframe><\/p>\n<p><iframe loading=\"lazy\" title=\"YouTube video player\" src=\"https:\/\/www.youtube.com\/embed\/QtwRVbYEf3A?si=_V11al6LYejy8n_g\" width=\"560\" height=\"315\" frameborder=\"0\" allowfullscreen=\"allowfullscreen\"><\/iframe><\/p>\n<p>&nbsp;<\/p>\n<p data-pm-slice=\"1 1 []\">La profunda borrasca que afectar\u00e1 a Espa\u00f1a a partir de ma\u00f1ana domingo lleva el nombre de Herminia. En Andaluc\u00eda se notar\u00e1 m\u00e1s el lunes.<\/p>\n<p>No espero ma\u00f1ana domingo precipitaci\u00f3n en M\u00e1laga capital. Algunas gotas por la tarde en la zona interior m\u00e1s occidental de la provincia.<\/p>\n<p>Reedito con los avisos actualizados. Mucha precauci\u00f3n si sal\u00eds a navegar.<\/p>\n<p>Es la octava de la temporada del grupo suroeste y la ha nombrado Aemet. Traer\u00e1 fuertes rachas de viento a la mayor parte de la pen\u00ednsula; en Andaluc\u00eda, las zonas m\u00e1s afectadas por el viento ser\u00e1n las provincias de Granada y Almer\u00eda. Estas provincias de momento est\u00e1n en aviso amarillo por vientos y olas. Hay probabilidad de que la Axarqu\u00eda en pr\u00f3ximas actualizaciones entre tambi\u00e9n en aviso.<\/p>\n<p>&nbsp;<\/p>\n<p>Costa de M\u00e1laga: viento del oeste y suroeste de 50 a 60 km\/h (fuerza 7) y olas de 2 a 3 metros.<\/p>\n<p>&nbsp;<\/p>\n<p><a href=\"https:\/\/static-blogs.diariosur.es\/wp-content\/uploads\/sites\/12\/2025\/01\/Captura-de-pantalla-2025-01-25-114804.jpg\"><img loading=\"lazy\" class=\"aligncenter size-full wp-image-43151\" src=\"https:\/\/static-blogs.diariosur.es\/wp-content\/uploads\/sites\/12\/2025\/01\/Captura-de-pantalla-2025-01-25-114804.jpg\" alt=\"\" width=\"1039\" height=\"819\" srcset=\"https:\/\/static-blogs.diariosur.es\/wp-content\/uploads\/sites\/12\/2025\/01\/Captura-de-pantalla-2025-01-25-114804.jpg 1039w, https:\/\/static-blogs.diariosur.es\/wp-content\/uploads\/sites\/12\/2025\/01\/Captura-de-pantalla-2025-01-25-114804-507x400.jpg 507w, https:\/\/static-blogs.diariosur.es\/wp-content\/uploads\/sites\/12\/2025\/01\/Captura-de-pantalla-2025-01-25-114804-518x408.jpg 518w, https:\/\/static-blogs.diariosur.es\/wp-content\/uploads\/sites\/12\/2025\/01\/Captura-de-pantalla-2025-01-25-114804-768x605.jpg 768w\" sizes=\"(max-width: 1039px) 100vw, 1039px\" \/><\/a><\/p>\n<p>&nbsp;<\/p>\n<p>&nbsp;<\/p>\n<p>Os paso hasta ahora las borrascas de gran impacto que hemos tenido.<\/p>\n<p>&nbsp;<\/p>\n<p><a href=\"https:\/\/static-blogs.diariosur.es\/wp-content\/uploads\/sites\/12\/2025\/01\/Captura-de-pantalla-2025-01-25-065505.jpg\"><img loading=\"lazy\" class=\"aligncenter size-full wp-image-43147\" src=\"https:\/\/static-blogs.diariosur.es\/wp-content\/uploads\/sites\/12\/2025\/01\/Captura-de-pantalla-2025-01-25-065505.jpg\" alt=\"\" width=\"852\" height=\"627\" srcset=\"https:\/\/static-blogs.diariosur.es\/wp-content\/uploads\/sites\/12\/2025\/01\/Captura-de-pantalla-2025-01-25-065505.jpg 852w, https:\/\/static-blogs.diariosur.es\/wp-content\/uploads\/sites\/12\/2025\/01\/Captura-de-pantalla-2025-01-25-065505-544x400.jpg 544w, https:\/\/static-blogs.diariosur.es\/wp-content\/uploads\/sites\/12\/2025\/01\/Captura-de-pantalla-2025-01-25-065505-554x408.jpg 554w, https:\/\/static-blogs.diariosur.es\/wp-content\/uploads\/sites\/12\/2025\/01\/Captura-de-pantalla-2025-01-25-065505-768x565.jpg 768w\" sizes=\"(max-width: 852px) 100vw, 852px\" \/><\/a><\/p>\n<p>&nbsp;<\/p>\n<p data-pm-slice=\"1 1 []\">Ma\u00f1ana actualizar\u00e9 los probables acumulados de precipitaci\u00f3n en la provincia malague\u00f1a, que se esperan el lunes.<\/p>\n<p>Os dejo con esta bonita foto que hice ayer desde el Parador de Gibralfaro.<\/p>\n<p>&nbsp;<\/p>\n<p><a href=\"https:\/\/static-blogs.diariosur.es\/wp-content\/uploads\/sites\/12\/2025\/01\/zzzz.jpg\"><img loading=\"lazy\" class=\"aligncenter size-full wp-image-43148\" src=\"https:\/\/static-blogs.diariosur.es\/wp-content\/uploads\/sites\/12\/2025\/01\/zzzz.jpg\" alt=\"\" width=\"1024\" height=\"683\" srcset=\"https:\/\/static-blogs.diariosur.es\/wp-content\/uploads\/sites\/12\/2025\/01\/zzzz.jpg 1024w, https:\/\/static-blogs.diariosur.es\/wp-content\/uploads\/sites\/12\/2025\/01\/zzzz-600x400.jpg 600w, https:\/\/static-blogs.diariosur.es\/wp-content\/uploads\/sites\/12\/2025\/01\/zzzz-612x408.jpg 612w, https:\/\/static-blogs.diariosur.es\/wp-content\/uploads\/sites\/12\/2025\/01\/zzzz-768x512.jpg 768w\" sizes=\"(max-width: 1024px) 100vw, 1024px\" \/><\/a><\/p>\n","protected":false},"excerpt":{"rendered":"<p>Buenos d\u00edas, amigos de la meteo. Cuando son las siete y media de la ma\u00f1ana en M\u00e1laga capital, el Aeropuerto registra 9,3 \u00baC, el Centro Meteorol\u00f3gico 10,8 y el Puerto 13 \u00baC.\u00a0 Hoy se esperan precipitaciones d\u00e9biles y ocasionales por el interior, siendo menos probables en el litoral. En algunos puntos de la provincia malague\u00f1a [&hellip;]<\/p>\n","protected":false},"author":16,"featured_media":43148,"comment_status":"open","ping_status":"open","sticky":false,"template":"","format":"standard","meta":[],"categories":[2],"tags":[1604,100,151,188,1983,587,676,736,800,1059],"_links":{"self":[{"href":"https:\/\/blogs.diariosur.es\/tormentas-y-rayos\/wp-json\/wp\/v2\/posts\/43145"}],"collection":[{"href":"https:\/\/blogs.diariosur.es\/tormentas-y-rayos\/wp-json\/wp\/v2\/posts"}],"about":[{"href":"https:\/\/blogs.diariosur.es\/tormentas-y-rayos\/wp-json\/wp\/v2\/types\/post"}],"author":[{"embeddable":true,"href":"https:\/\/blogs.diariosur.es\/tormentas-y-rayos\/wp-json\/wp\/v2\/users\/16"}],"replies":[{"embeddable":true,"href":"https:\/\/blogs.diariosur.es\/tormentas-y-rayos\/wp-json\/wp\/v2\/comments?post=43145"}],"version-history":[{"count":11,"href":"https:\/\/blogs.diariosur.es\/tormentas-y-rayos\/wp-json\/wp\/v2\/posts\/43145\/revisions"}],"predecessor-version":[{"id":47197,"href":"https:\/\/blogs.diariosur.es\/tormentas-y-rayos\/wp-json\/wp\/v2\/posts\/43145\/revisions\/47197"}],"wp:featuredmedia":[{"embeddable":true,"href":"https:\/\/blogs.diariosur.es\/tormentas-y-rayos\/wp-json\/wp\/v2\/media\/43148"}],"wp:attachment":[{"href":"https:\/\/blogs.diariosur.es\/tormentas-y-rayos\/wp-json\/wp\/v2\/media?parent=43145"}],"wp:term":[{"taxonomy":"category","embeddable":true,"href":"https:\/\/blogs.diariosur.es\/tormentas-y-rayos\/wp-json\/wp\/v2\/categories?post=43145"},{"taxonomy":"post_tag","embeddable":true,"href":"https:\/\/blogs.diariosur.es\/tormentas-y-rayos\/wp-json\/wp\/v2\/tags?post=43145"}],"curies":[{"name":"wp","href":"https:\/\/api.w.org\/{rel}","templated":true}]}}