{"id":43156,"date":"2025-01-25T15:24:45","date_gmt":"2025-01-25T14:24:45","guid":{"rendered":"https:\/\/blogs.diariosur.es\/tormentas-y-rayos\/?p=43156"},"modified":"2025-10-12T20:10:54","modified_gmt":"2025-10-12T18:10:54","slug":"tal-dia-como-hoy-de-2020-se-inundo-campanillas","status":"publish","type":"post","link":"https:\/\/blogs.diariosur.es\/tormentas-y-rayos\/2025\/01\/25\/tal-dia-como-hoy-de-2020-se-inundo-campanillas\/","title":{"rendered":"Tal d\u00eda como hoy de 2020 se inundo Campanillas"},"content":{"rendered":"<p><a href=\"https:\/\/static-blogs.diariosur.es\/wp-content\/uploads\/sites\/12\/2024\/11\/130738248_10221381944997043_6257362087676436516_n.jpg\"><img loading=\"lazy\" class=\"aligncenter size-thumbnail wp-image-42618\" src=\"https:\/\/static-blogs.diariosur.es\/wp-content\/uploads\/sites\/12\/2024\/11\/130738248_10221381944997043_6257362087676436516_n-150x150.jpg\" alt=\"\" width=\"150\" height=\"150\" srcset=\"https:\/\/static-blogs.diariosur.es\/wp-content\/uploads\/sites\/12\/2024\/11\/130738248_10221381944997043_6257362087676436516_n-150x150.jpg 150w, https:\/\/static-blogs.diariosur.es\/wp-content\/uploads\/sites\/12\/2024\/11\/130738248_10221381944997043_6257362087676436516_n-400x400.jpg 400w, https:\/\/static-blogs.diariosur.es\/wp-content\/uploads\/sites\/12\/2024\/11\/130738248_10221381944997043_6257362087676436516_n.jpg 768w\" sizes=\"(max-width: 150px) 100vw, 150px\" \/><\/a><\/p>\n<p data-pm-slice=\"1 1 []\">Buenas tardes, amigos de la meteo. Hoy se cumplen 5 a\u00f1os de las inundaciones de Campanillas; os pongo el post que escrib\u00ed hace 3 a\u00f1os.<\/p>\n<h3><strong>Se cumplen dos a\u00f1os de la inundaci\u00f3n de Campanillas. \u00bfPuede volver a pasar?<\/strong><\/h3>\n<p>Hoy se cumplen dos a\u00f1os de la inundaci\u00f3n de Campanillas. Ese s\u00e1bado de madrugada y primeras horas de la ma\u00f1ana le afect\u00f3 una <strong>tormenta est\u00e1tica<\/strong>, en la que en algunos puntos se contabilizaron en poco tiempo m\u00e1s de 200 litros, sobre todo en los arroyos que desembocan en el r\u00edo Campanillas.\u00a0 Un amigo de Campanillas, seguidor de mi blog, me comentaba por WhatsApp que su casa cerca del r\u00edo se estaba inundando; Protecci\u00f3n Civil y Guardia Civil los sacaban de las casas.<\/p>\n<p>Desde mi terraza ve\u00eda caer los rayos sobre las cinco y media de la ma\u00f1ana. Os paso unas fotos.<\/p>\n<p>&nbsp;<\/p>\n<p><a href=\"https:\/\/static-blogs.diariosur.es\/wp-content\/uploads\/sites\/12\/2022\/01\/82820023_10218604020470666_2271923127036411904_n.jpg\"><img loading=\"lazy\" class=\"aligncenter size-full wp-image-32299\" src=\"https:\/\/static-blogs.diariosur.es\/wp-content\/uploads\/sites\/12\/2022\/01\/82820023_10218604020470666_2271923127036411904_n.jpg\" alt=\"\" width=\"960\" height=\"640\" srcset=\"https:\/\/static-blogs.diariosur.es\/wp-content\/uploads\/sites\/12\/2022\/01\/82820023_10218604020470666_2271923127036411904_n.jpg 960w, https:\/\/static-blogs.diariosur.es\/wp-content\/uploads\/sites\/12\/2022\/01\/82820023_10218604020470666_2271923127036411904_n-600x400.jpg 600w, https:\/\/static-blogs.diariosur.es\/wp-content\/uploads\/sites\/12\/2022\/01\/82820023_10218604020470666_2271923127036411904_n-768x512.jpg 768w\" sizes=\"(max-width: 960px) 100vw, 960px\" \/><\/a><\/p>\n<p>&nbsp;<\/p>\n<p><a href=\"https:\/\/static-blogs.diariosur.es\/wp-content\/uploads\/sites\/12\/2022\/01\/83371428_10218604020750673_240268145644797952_n.jpg\"><img loading=\"lazy\" class=\"aligncenter size-full wp-image-32300\" src=\"https:\/\/static-blogs.diariosur.es\/wp-content\/uploads\/sites\/12\/2022\/01\/83371428_10218604020750673_240268145644797952_n.jpg\" alt=\"\" width=\"1080\" height=\"531\" srcset=\"https:\/\/static-blogs.diariosur.es\/wp-content\/uploads\/sites\/12\/2022\/01\/83371428_10218604020750673_240268145644797952_n.jpg 1080w, https:\/\/static-blogs.diariosur.es\/wp-content\/uploads\/sites\/12\/2022\/01\/83371428_10218604020750673_240268145644797952_n-640x315.jpg 640w, https:\/\/static-blogs.diariosur.es\/wp-content\/uploads\/sites\/12\/2022\/01\/83371428_10218604020750673_240268145644797952_n-768x378.jpg 768w\" sizes=\"(max-width: 1080px) 100vw, 1080px\" \/><\/a><\/p>\n<p>&nbsp;<\/p>\n<p data-pm-slice=\"1 1 []\">A la pregunta que hago en el post:\u00a0 \u00bfPuede volver a pasar? Os aseguro que s\u00ed; las inundaciones en esa zona son c\u00edclicas y hasta ahora no se han hecho infraestructuras en el r\u00edo Campanillas.<\/p>\n<p>Hoy hay convocada una marcha por el barrio malague\u00f1o para reclamar mejoras e infraestructuras.<\/p>\n<p>No solo el r\u00edo Campanillas es el problema de las inundaciones, tambi\u00e9n todos los arroyos que desembocan en este r\u00edo, el m\u00e1s importante, el arroyo Pilones. Este arroyo lo regula el Embalse del Tomillar. Otros arroyos importantes son\u00a0Maqueda, Canto, Somera, Negrete y Zapateros; cuando llueve torrencialmente, en poco tiempo da miedo verlos.<\/p>\n<p>Os dejo con algunas fotos que tom\u00e9 ese d\u00eda. Hasta ma\u00f1ana.<\/p>\n<p>&nbsp;<\/p>\n<p>&nbsp;<\/p>\n<p><a href=\"https:\/\/static-blogs.diariosur.es\/wp-content\/uploads\/sites\/12\/2020\/01\/bb.jpg\"><img loading=\"lazy\" class=\"aligncenter size-full wp-image-26413\" src=\"https:\/\/static-blogs.diariosur.es\/wp-content\/uploads\/sites\/12\/2020\/01\/bb.jpg\" sizes=\"(max-width: 1200px) 100vw, 1200px\" srcset=\"https:\/\/static-blogs.diariosur.es\/wp-content\/uploads\/sites\/12\/2020\/01\/bb.jpg 1200w, https:\/\/static-blogs.diariosur.es\/wp-content\/uploads\/sites\/12\/2020\/01\/bb-600x400.jpg 600w, https:\/\/static-blogs.diariosur.es\/wp-content\/uploads\/sites\/12\/2020\/01\/bb-768x512.jpg 768w\" alt=\"\" width=\"1200\" height=\"800\" \/><\/a><\/p>\n<p>&nbsp;<\/p>\n<p><a href=\"https:\/\/static-blogs.diariosur.es\/wp-content\/uploads\/sites\/12\/2020\/01\/a-1.jpg\"><img loading=\"lazy\" class=\"aligncenter size-full wp-image-26404\" src=\"https:\/\/static-blogs.diariosur.es\/wp-content\/uploads\/sites\/12\/2020\/01\/a-1-e1579949393114.jpg\" alt=\"\" width=\"1200\" height=\"800\" \/><\/a><\/p>\n<p>&nbsp;<\/p>\n<p><a href=\"https:\/\/static-blogs.diariosur.es\/wp-content\/uploads\/sites\/12\/2020\/01\/a1.jpg\"><img loading=\"lazy\" class=\"aligncenter size-full wp-image-26405\" src=\"https:\/\/static-blogs.diariosur.es\/wp-content\/uploads\/sites\/12\/2020\/01\/a1-e1579949435644.jpg\" alt=\"\" width=\"1200\" height=\"800\" \/><\/a><\/p>\n<p>&nbsp;<\/p>\n<p><a href=\"https:\/\/static-blogs.diariosur.es\/wp-content\/uploads\/sites\/12\/2020\/01\/a3-e1579949471792.jpg\"><img loading=\"lazy\" class=\"aligncenter size-full wp-image-26406\" src=\"https:\/\/static-blogs.diariosur.es\/wp-content\/uploads\/sites\/12\/2020\/01\/a3-e1579949471792.jpg\" alt=\"\" width=\"1200\" height=\"800\" \/><\/a><\/p>\n<p>&nbsp;<\/p>\n<p><a href=\"https:\/\/static-blogs.diariosur.es\/wp-content\/uploads\/sites\/12\/2020\/01\/a5-e1579949525759.jpg\"><img loading=\"lazy\" class=\"aligncenter size-full wp-image-26407\" src=\"https:\/\/static-blogs.diariosur.es\/wp-content\/uploads\/sites\/12\/2020\/01\/a5-e1579949525759.jpg\" alt=\"\" width=\"1200\" height=\"800\" \/><\/a><\/p>\n<p>&nbsp;<\/p>\n<p><a href=\"https:\/\/static-blogs.diariosur.es\/wp-content\/uploads\/sites\/12\/2020\/01\/a6-e1579949599286.jpg\"><img loading=\"lazy\" class=\"aligncenter size-full wp-image-26408\" src=\"https:\/\/static-blogs.diariosur.es\/wp-content\/uploads\/sites\/12\/2020\/01\/a6-e1579949599286.jpg\" alt=\"\" width=\"1200\" height=\"800\" \/><\/a><\/p>\n<p>&nbsp;<\/p>\n<p><a href=\"https:\/\/static-blogs.diariosur.es\/wp-content\/uploads\/sites\/12\/2020\/01\/b-1.jpg\"><img loading=\"lazy\" class=\"aligncenter size-full wp-image-26409\" src=\"https:\/\/static-blogs.diariosur.es\/wp-content\/uploads\/sites\/12\/2020\/01\/b-1.jpg\" sizes=\"(max-width: 960px) 100vw, 960px\" srcset=\"https:\/\/static-blogs.diariosur.es\/wp-content\/uploads\/sites\/12\/2020\/01\/b-1.jpg 960w, https:\/\/static-blogs.diariosur.es\/wp-content\/uploads\/sites\/12\/2020\/01\/b-1-640x360.jpg 640w, https:\/\/static-blogs.diariosur.es\/wp-content\/uploads\/sites\/12\/2020\/01\/b-1-768x432.jpg 768w\" alt=\"\" width=\"960\" height=\"540\" \/><\/a><\/p>\n<p>&nbsp;<\/p>\n<p><a href=\"https:\/\/static-blogs.diariosur.es\/wp-content\/uploads\/sites\/12\/2020\/01\/b1.jpg\"><img loading=\"lazy\" class=\"aligncenter size-full wp-image-26410\" src=\"https:\/\/static-blogs.diariosur.es\/wp-content\/uploads\/sites\/12\/2020\/01\/b1.jpg\" sizes=\"(max-width: 528px) 100vw, 528px\" srcset=\"https:\/\/static-blogs.diariosur.es\/wp-content\/uploads\/sites\/12\/2020\/01\/b1.jpg 528w, https:\/\/static-blogs.diariosur.es\/wp-content\/uploads\/sites\/12\/2020\/01\/b1-220x400.jpg 220w\" alt=\"\" width=\"528\" height=\"960\" \/><\/a><\/p>\n<p>&nbsp;<\/p>\n<p><a href=\"https:\/\/static-blogs.diariosur.es\/wp-content\/uploads\/sites\/12\/2020\/01\/b3.jpg\"><img loading=\"lazy\" class=\"aligncenter size-full wp-image-26411\" src=\"https:\/\/static-blogs.diariosur.es\/wp-content\/uploads\/sites\/12\/2020\/01\/b3.jpg\" sizes=\"(max-width: 960px) 100vw, 960px\" srcset=\"https:\/\/static-blogs.diariosur.es\/wp-content\/uploads\/sites\/12\/2020\/01\/b3.jpg 960w, https:\/\/static-blogs.diariosur.es\/wp-content\/uploads\/sites\/12\/2020\/01\/b3-640x360.jpg 640w, https:\/\/static-blogs.diariosur.es\/wp-content\/uploads\/sites\/12\/2020\/01\/b3-768x432.jpg 768w\" alt=\"\" width=\"960\" height=\"540\" \/><\/a><\/p>\n<p>&nbsp;<\/p>\n<p><a href=\"https:\/\/static-blogs.diariosur.es\/wp-content\/uploads\/sites\/12\/2020\/01\/b4.jpg\"><img loading=\"lazy\" class=\"aligncenter size-full wp-image-26412\" src=\"https:\/\/static-blogs.diariosur.es\/wp-content\/uploads\/sites\/12\/2020\/01\/b4.jpg\" sizes=\"(max-width: 960px) 100vw, 960px\" srcset=\"https:\/\/static-blogs.diariosur.es\/wp-content\/uploads\/sites\/12\/2020\/01\/b4.jpg 960w, https:\/\/static-blogs.diariosur.es\/wp-content\/uploads\/sites\/12\/2020\/01\/b4-640x360.jpg 640w, https:\/\/static-blogs.diariosur.es\/wp-content\/uploads\/sites\/12\/2020\/01\/b4-768x432.jpg 768w\" alt=\"\" width=\"960\" height=\"540\" \/><\/a><\/p>\n<p>&nbsp;<\/p>\n<p>Os pongo los registros de lluvia que se dieron ese d\u00eda. Y una foto de Nany Lavado.<\/p>\n<p>&nbsp;<\/p>\n<p><a href=\"https:\/\/static-blogs.diariosur.es\/wp-content\/uploads\/sites\/12\/2025\/01\/zzzzz.jpg\"><img loading=\"lazy\" class=\"aligncenter size-full wp-image-43160\" src=\"https:\/\/static-blogs.diariosur.es\/wp-content\/uploads\/sites\/12\/2025\/01\/zzzzz.jpg\" alt=\"\" width=\"1200\" height=\"716\" srcset=\"https:\/\/static-blogs.diariosur.es\/wp-content\/uploads\/sites\/12\/2025\/01\/zzzzz.jpg 1200w, https:\/\/static-blogs.diariosur.es\/wp-content\/uploads\/sites\/12\/2025\/01\/zzzzz-640x382.jpg 640w, https:\/\/static-blogs.diariosur.es\/wp-content\/uploads\/sites\/12\/2025\/01\/zzzzz-684x408.jpg 684w, https:\/\/static-blogs.diariosur.es\/wp-content\/uploads\/sites\/12\/2025\/01\/zzzzz-768x458.jpg 768w\" sizes=\"(max-width: 1200px) 100vw, 1200px\" \/><\/a><\/p>\n<h3><\/h3>\n<h3><span style=\"color: #0000ff;\"><strong>Acumulados de lluvias m\u00e1s importantes en la provincia de M\u00e1laga el 25 de enero de 2020<\/strong><\/span><\/h3>\n<p>Datos Hidrosur. Si lo veis con el m\u00f3vil usar los dedos para agrandar.<\/p>\n<p>&nbsp;<\/p>\n<p><a href=\"https:\/\/static-blogs.diariosur.es\/wp-content\/uploads\/sites\/12\/2020\/01\/a-horz.jpg\"><img loading=\"lazy\" class=\"aligncenter size-full wp-image-26419\" src=\"https:\/\/static-blogs.diariosur.es\/wp-content\/uploads\/sites\/12\/2020\/01\/a-horz.jpg\" alt=\"\" width=\"652\" height=\"1165\" srcset=\"https:\/\/static-blogs.diariosur.es\/wp-content\/uploads\/sites\/12\/2020\/01\/a-horz.jpg 652w, https:\/\/static-blogs.diariosur.es\/wp-content\/uploads\/sites\/12\/2020\/01\/a-horz-224x400.jpg 224w\" sizes=\"(max-width: 652px) 100vw, 652px\" \/><\/a><\/p>\n<p>&nbsp;<\/p>\n<p><a href=\"https:\/\/static-blogs.diariosur.es\/wp-content\/uploads\/sites\/12\/2020\/01\/a2-horz.jpg\"><img loading=\"lazy\" class=\"aligncenter size-full wp-image-26420\" src=\"https:\/\/static-blogs.diariosur.es\/wp-content\/uploads\/sites\/12\/2020\/01\/a2-horz.jpg\" alt=\"\" width=\"761\" height=\"331\" srcset=\"https:\/\/static-blogs.diariosur.es\/wp-content\/uploads\/sites\/12\/2020\/01\/a2-horz.jpg 761w, https:\/\/static-blogs.diariosur.es\/wp-content\/uploads\/sites\/12\/2020\/01\/a2-horz-640x278.jpg 640w\" sizes=\"(max-width: 761px) 100vw, 761px\" \/><\/a><\/p>\n<h3><span style=\"color: #0000ff;\"><strong>Datos de mis amigos con pluvi\u00f3metro de mano y estaci\u00f3n.<\/strong><\/span><\/h3>\n<p><strong>CO\u00cdN <span style=\"color: #ff0000;\">408 LITROS<\/span><\/strong><\/p>\n<p><strong>C\u00c1RTAMA <span style=\"color: #ff0000;\">230 LITROS<\/span><\/strong><\/p>\n<p><strong>CAMPANILLAS <span style=\"color: #ff0000;\">180 LITROS<\/span><\/strong><\/p>\n<h3><span style=\"color: #0000ff;\"><strong>AEMET\u00a0<\/strong><\/span><\/h3>\n<p><strong>M\u00c1LAGA AEROPUERTO <span style=\"color: #ff0000;\">141.6 LITROS<\/span><\/strong><\/p>\n<p><strong>CENTRO METEOROL\u00d3GICO <span style=\"color: #ff0000;\">149.3 LITROS<\/span><\/strong><\/p>\n<p><strong>M\u00c1LAGA PUERTO\u00a0 <span style=\"color: #ff0000;\">157 LITROS\u00a0<\/span><\/strong><\/p>\n<p><strong>ANTEQUERA <span style=\"color: #ff0000;\">50 LITROS<\/span><\/strong><\/p>\n<p><strong>\u00c1LORA <span style=\"color: #ff0000;\">110 LITROS<\/span><\/strong><\/p>\n<p><strong>FUENGIROLA <span style=\"color: #ff0000;\">82 LITROS\u00a0<\/span><\/strong><\/p>\n<p><strong>RINC\u00d3N DE LA VICTORIA <span style=\"color: #ff0000;\">136 LITROS<\/span><\/strong><\/p>\n<p><strong>TORREMOLINOS <span style=\"color: #ff0000;\">122 LITROS<\/span><\/strong><\/p>\n<h3><span style=\"color: #0000ff;\"><strong>METEOCLIMATIC<\/strong><\/span><\/h3>\n<p><strong>C\u00c1RTAMA SIERRA LLANA <span style=\"color: #ff0000;\">250 LITROS<\/span><\/strong><\/p>\n<p><strong>MIJAS PUEBLO <span style=\"color: #ff0000;\">150 LITROS<\/span><\/strong><\/p>\n<p><strong>HUERTAS DEL R\u00cdO ARCHIDONA <span style=\"color: #ff0000;\">70 LITROS<\/span><\/strong><\/p>\n<p><strong>ALHAUR\u00cdN DE LA TORRE <span style=\"color: #ff0000;\">75\u00a0LITROS<\/span><\/strong><\/p>\n<p><strong>ALHAUR\u00cdN EL GRANDE <span style=\"color: #ff0000;\">130 LITROS<\/span><\/strong><\/p>\n","protected":false},"excerpt":{"rendered":"<p>Buenas tardes, amigos de la meteo. Hoy se cumplen 5 a\u00f1os de las inundaciones de Campanillas; os pongo el post que escrib\u00ed hace 3 a\u00f1os. Se cumplen dos a\u00f1os de la inundaci\u00f3n de Campanillas. \u00bfPuede volver a pasar? Hoy se cumplen dos a\u00f1os de la inundaci\u00f3n de Campanillas. Ese s\u00e1bado de madrugada y primeras horas [&hellip;]<\/p>\n","protected":false},"author":16,"featured_media":43160,"comment_status":"open","ping_status":"open","sticky":false,"template":"","format":"standard","meta":[],"categories":[2],"tags":[151,1401,366,514,872],"_links":{"self":[{"href":"https:\/\/blogs.diariosur.es\/tormentas-y-rayos\/wp-json\/wp\/v2\/posts\/43156"}],"collection":[{"href":"https:\/\/blogs.diariosur.es\/tormentas-y-rayos\/wp-json\/wp\/v2\/posts"}],"about":[{"href":"https:\/\/blogs.diariosur.es\/tormentas-y-rayos\/wp-json\/wp\/v2\/types\/post"}],"author":[{"embeddable":true,"href":"https:\/\/blogs.diariosur.es\/tormentas-y-rayos\/wp-json\/wp\/v2\/users\/16"}],"replies":[{"embeddable":true,"href":"https:\/\/blogs.diariosur.es\/tormentas-y-rayos\/wp-json\/wp\/v2\/comments?post=43156"}],"version-history":[{"count":4,"href":"https:\/\/blogs.diariosur.es\/tormentas-y-rayos\/wp-json\/wp\/v2\/posts\/43156\/revisions"}],"predecessor-version":[{"id":46846,"href":"https:\/\/blogs.diariosur.es\/tormentas-y-rayos\/wp-json\/wp\/v2\/posts\/43156\/revisions\/46846"}],"wp:featuredmedia":[{"embeddable":true,"href":"https:\/\/blogs.diariosur.es\/tormentas-y-rayos\/wp-json\/wp\/v2\/media\/43160"}],"wp:attachment":[{"href":"https:\/\/blogs.diariosur.es\/tormentas-y-rayos\/wp-json\/wp\/v2\/media?parent=43156"}],"wp:term":[{"taxonomy":"category","embeddable":true,"href":"https:\/\/blogs.diariosur.es\/tormentas-y-rayos\/wp-json\/wp\/v2\/categories?post=43156"},{"taxonomy":"post_tag","embeddable":true,"href":"https:\/\/blogs.diariosur.es\/tormentas-y-rayos\/wp-json\/wp\/v2\/tags?post=43156"}],"curies":[{"name":"wp","href":"https:\/\/api.w.org\/{rel}","templated":true}]}}