{"id":43184,"date":"2025-01-28T07:31:59","date_gmt":"2025-01-28T06:31:59","guid":{"rendered":"https:\/\/blogs.diariosur.es\/tormentas-y-rayos\/?p=43184"},"modified":"2025-11-08T07:23:13","modified_gmt":"2025-11-08T06:23:13","slug":"borrasca-ivo-que-tiempo-hara-en-la-provincia-de-malaga-hoy-martes-y-manana-miercoles","status":"publish","type":"post","link":"https:\/\/blogs.diariosur.es\/tormentas-y-rayos\/2025\/01\/28\/borrasca-ivo-que-tiempo-hara-en-la-provincia-de-malaga-hoy-martes-y-manana-miercoles\/","title":{"rendered":"Borrasca Ivo. \u00bfQu\u00e9 tiempo har\u00e1 en la provincia de M\u00e1laga hoy martes y ma\u00f1ana mi\u00e9rcoles?"},"content":{"rendered":"<p><a href=\"https:\/\/static-blogs.diariosur.es\/wp-content\/uploads\/sites\/12\/2025\/01\/130738248_10221381944997043_6257362087676436516_n.jpg\"><img loading=\"lazy\" class=\"aligncenter size-thumbnail wp-image-43171\" src=\"https:\/\/static-blogs.diariosur.es\/wp-content\/uploads\/sites\/12\/2025\/01\/130738248_10221381944997043_6257362087676436516_n-150x150.jpg\" alt=\"\" width=\"150\" height=\"150\" srcset=\"https:\/\/static-blogs.diariosur.es\/wp-content\/uploads\/sites\/12\/2025\/01\/130738248_10221381944997043_6257362087676436516_n-150x150.jpg 150w, https:\/\/static-blogs.diariosur.es\/wp-content\/uploads\/sites\/12\/2025\/01\/130738248_10221381944997043_6257362087676436516_n-400x400.jpg 400w, https:\/\/static-blogs.diariosur.es\/wp-content\/uploads\/sites\/12\/2025\/01\/130738248_10221381944997043_6257362087676436516_n-408x408.jpg 408w, https:\/\/static-blogs.diariosur.es\/wp-content\/uploads\/sites\/12\/2025\/01\/130738248_10221381944997043_6257362087676436516_n.jpg 768w\" sizes=\"(max-width: 150px) 100vw, 150px\" \/><\/a><\/p>\n<p>&nbsp;<\/p>\n<p data-pm-slice=\"1 1 []\">Buenos d\u00edas, amigos de la meteo. Cuando son las seis y media de la ma\u00f1ana en M\u00e1laga capital, el Aeropuerto registra 13,5 \u00baC, los cielos est\u00e1n poco nubosos de momento y el viento sopla de terral de invierno con rachas moderadas. Hay probabilidad de algunas precipitaciones por el interior de la provincia sobre el mediod\u00eda; esto se deber\u00e1 al paso de una l\u00ednea de inestabilidad. No espero gran cosa, probablemente no se mojen muchos portales. Por la tarde espero rachas fuertes de terral y poniente en la costa malague\u00f1a y zonas altas del interior.<\/p>\n<h3><strong>Predicci\u00f3n mi\u00e9rcoles 29 de enero<\/strong><\/h3>\n<p>El Instituto de Portugal de Meteorolog\u00eda ha nombrado a la novena borrasca de gran impacto del a\u00f1o 2024-2025 con el nombre de Ivo. Os paso el mapa de superficie de la Aemet.<\/p>\n<p>&nbsp;<\/p>\n<p><a href=\"https:\/\/static-blogs.diariosur.es\/wp-content\/uploads\/sites\/12\/2025\/01\/2025012712048_ww_g1x0a2d2-e1738043195282.gif\"><img loading=\"lazy\" class=\"aligncenter size-full wp-image-43185\" src=\"https:\/\/static-blogs.diariosur.es\/wp-content\/uploads\/sites\/12\/2025\/01\/2025012712048_ww_g1x0a2d2-e1738043195282.gif\" alt=\"\" width=\"1000\" height=\"700\" \/><\/a><\/p>\n<p>&nbsp;<\/p>\n<p data-pm-slice=\"1 1 []\">La borrasca Ivo traer\u00e1 nuevamente rachas muy fuertes de viento y temporal mar\u00edtimo al norte peninsular.<\/p>\n<p><strong>En cuanto a la predicci\u00f3n de la provincia de M\u00e1laga, se espera a \u00faltima hora de la tarde el paso de un frente fr\u00edo. La probabilidad de precipitaciones es alta por el interior; no descarto algunos chubascos d\u00e9biles en el litoral. Por la noche tendremos rachas de moderadas a fuertes de terral y poniente en todo el litoral malague\u00f1o.\u00a0\u00a0<\/strong><\/p>\n<p>Entre la noche del domingo y ayer lunes, la zona m\u00e1s beneficiada por las precipitaciones ha sido el Valle del Genal; en algunos puntos se han dado acumulados de 20 y 38 mm. En zonas de costa entre Estepona y Fuengirola, los 2 y 4 mm.<\/p>\n<p>Las temperaturas m\u00e1ximas estuvieron muy por encima de la media. Cuando termine el mes de enero, os pondr\u00e9 los acumulados del mes de la provincia.<\/p>\n<p>Os dejo con esta foto que hice ayer a unos amigos cuando ca\u00edan unas gotillas en Avda. Jos\u00e9 Ortega y Gasset. Gracias, Yanira.<\/p>\n<p>&nbsp;<\/p>\n<p><a href=\"https:\/\/static-blogs.diariosur.es\/wp-content\/uploads\/sites\/12\/2025\/01\/475071849_10231470837373047_7071625989274361165_n-e1738045550208.jpg\"><img loading=\"lazy\" class=\"aligncenter size-full wp-image-43186\" src=\"https:\/\/static-blogs.diariosur.es\/wp-content\/uploads\/sites\/12\/2025\/01\/475071849_10231470837373047_7071625989274361165_n-e1738045550208.jpg\" alt=\"\" width=\"1000\" height=\"750\" \/><\/a><\/p>\n<p>&nbsp;<\/p>\n<p>&nbsp;<\/p>\n","protected":false},"excerpt":{"rendered":"<p>&nbsp; Buenos d\u00edas, amigos de la meteo. Cuando son las seis y media de la ma\u00f1ana en M\u00e1laga capital, el Aeropuerto registra 13,5 \u00baC, los cielos est\u00e1n poco nubosos de momento y el viento sopla de terral de invierno con rachas moderadas. Hay probabilidad de algunas precipitaciones por el interior de la provincia sobre el [&hellip;]<\/p>\n","protected":false},"author":16,"featured_media":43186,"comment_status":"open","ping_status":"open","sticky":false,"template":"","format":"standard","meta":[],"categories":[2],"tags":[151,188,358,1983,1984,800,872,1059],"_links":{"self":[{"href":"https:\/\/blogs.diariosur.es\/tormentas-y-rayos\/wp-json\/wp\/v2\/posts\/43184"}],"collection":[{"href":"https:\/\/blogs.diariosur.es\/tormentas-y-rayos\/wp-json\/wp\/v2\/posts"}],"about":[{"href":"https:\/\/blogs.diariosur.es\/tormentas-y-rayos\/wp-json\/wp\/v2\/types\/post"}],"author":[{"embeddable":true,"href":"https:\/\/blogs.diariosur.es\/tormentas-y-rayos\/wp-json\/wp\/v2\/users\/16"}],"replies":[{"embeddable":true,"href":"https:\/\/blogs.diariosur.es\/tormentas-y-rayos\/wp-json\/wp\/v2\/comments?post=43184"}],"version-history":[{"count":4,"href":"https:\/\/blogs.diariosur.es\/tormentas-y-rayos\/wp-json\/wp\/v2\/posts\/43184\/revisions"}],"predecessor-version":[{"id":47196,"href":"https:\/\/blogs.diariosur.es\/tormentas-y-rayos\/wp-json\/wp\/v2\/posts\/43184\/revisions\/47196"}],"wp:featuredmedia":[{"embeddable":true,"href":"https:\/\/blogs.diariosur.es\/tormentas-y-rayos\/wp-json\/wp\/v2\/media\/43186"}],"wp:attachment":[{"href":"https:\/\/blogs.diariosur.es\/tormentas-y-rayos\/wp-json\/wp\/v2\/media?parent=43184"}],"wp:term":[{"taxonomy":"category","embeddable":true,"href":"https:\/\/blogs.diariosur.es\/tormentas-y-rayos\/wp-json\/wp\/v2\/categories?post=43184"},{"taxonomy":"post_tag","embeddable":true,"href":"https:\/\/blogs.diariosur.es\/tormentas-y-rayos\/wp-json\/wp\/v2\/tags?post=43184"}],"curies":[{"name":"wp","href":"https:\/\/api.w.org\/{rel}","templated":true}]}}