{"id":43188,"date":"2025-01-31T07:33:23","date_gmt":"2025-01-31T06:33:23","guid":{"rendered":"https:\/\/blogs.diariosur.es\/tormentas-y-rayos\/?p=43188"},"modified":"2025-11-08T07:20:39","modified_gmt":"2025-11-08T06:20:39","slug":"acumulados-de-precipitacion-mes-de-enero-en-la-provincia-de-malaga-en102-estaciones","status":"publish","type":"post","link":"https:\/\/blogs.diariosur.es\/tormentas-y-rayos\/2025\/01\/31\/acumulados-de-precipitacion-mes-de-enero-en-la-provincia-de-malaga-en102-estaciones\/","title":{"rendered":"Acumulados de precipitaci\u00f3n mes de enero en la provincia de M\u00e1laga en 102 estaciones."},"content":{"rendered":"<p><a href=\"https:\/\/static-blogs.diariosur.es\/wp-content\/uploads\/sites\/12\/2025\/01\/474591997_10231480374091459_5977821584942016476_n-1.jpg\"><img loading=\"lazy\" class=\"aligncenter size-thumbnail wp-image-43211\" src=\"https:\/\/static-blogs.diariosur.es\/wp-content\/uploads\/sites\/12\/2025\/01\/474591997_10231480374091459_5977821584942016476_n-1-150x150.jpg\" alt=\"\" width=\"150\" height=\"150\" srcset=\"https:\/\/static-blogs.diariosur.es\/wp-content\/uploads\/sites\/12\/2025\/01\/474591997_10231480374091459_5977821584942016476_n-1-150x150.jpg 150w, https:\/\/static-blogs.diariosur.es\/wp-content\/uploads\/sites\/12\/2025\/01\/474591997_10231480374091459_5977821584942016476_n-1-400x400.jpg 400w, https:\/\/static-blogs.diariosur.es\/wp-content\/uploads\/sites\/12\/2025\/01\/474591997_10231480374091459_5977821584942016476_n-1-408x408.jpg 408w, https:\/\/static-blogs.diariosur.es\/wp-content\/uploads\/sites\/12\/2025\/01\/474591997_10231480374091459_5977821584942016476_n-1-768x768.jpg 768w, https:\/\/static-blogs.diariosur.es\/wp-content\/uploads\/sites\/12\/2025\/01\/474591997_10231480374091459_5977821584942016476_n-1.jpg 1000w\" sizes=\"(max-width: 150px) 100vw, 150px\" \/><\/a><\/p>\n<p data-pm-slice=\"1 1 []\">Buenos d\u00edas, amigos de la meteo. Antes de daros los acumulados de precipitaci\u00f3n de la provincia malague\u00f1a, os hago un resumen de ayer en M\u00e1laga capital.<\/p>\n<p>La temperatura m\u00e1xima se registr\u00f3 en la estaci\u00f3n de la Aemet del Puerto con<strong> 18,1 \u00baC;<\/strong> el Centro Meteorol\u00f3gico registr\u00f3 17,2 \u00baC y el Aeropuerto 16,9 \u00baC. Pero debido a las rachas fuertes de viento, la sensaci\u00f3n t\u00e9rmica de fr\u00edo era de menos grados. La temperatura m\u00ednima se dio en el aeropuerto con 8,5 \u00b0C. La racha m\u00e1s fuerte de viento fue de 65 km\/h.<\/p>\n<h3><strong>Acumulados de precipitaci\u00f3n mes de enero en la provincia de M\u00e1laga.<\/strong><\/h3>\n<p>Me he dado un buen curro para poner los acumulados del mes de enero de la provincia de M\u00e1laga (100 estaciones). Como comprender\u00e9is, no est\u00e1n todos los pueblos; en algunos no hay estaciones\u00a0meteorol\u00f3gicas. En tono azul pod\u00e9is ver la precipitaci\u00f3n acumulada en los embalses de M\u00e1laga en la Red Hidrosur.<\/p>\n<p>Os recuerdo que mm son litros por metro cuadrado. Enero de 2025 y 2024, en conjunto, han sido muy parecidos en precipitaci\u00f3n. La zona m\u00e1s beneficiada: el Valle del Genal.<\/p>\n<h3><strong>\u00a0Fuente: Acamet<\/strong><\/h3>\n<p>Pilones\u00a0101 mm<\/p>\n<p>Juanar\u00a0120 mm<\/p>\n<p>Or\u00e9ganal\u00a0122 mm<\/p>\n<p>Libar 138 mm.<\/p>\n<h3><strong>Fuente: Meteoclimatic<\/strong><\/h3>\n<p>Avda. Ortega y Gasset 36,6 mm<\/p>\n<p>Alameda\u00a041,4 mm<\/p>\n<p>Alhaur\u00edn de la Torre 29 mm<\/p>\n<p>Alhaur\u00edn el Grande 30,4 mm<\/p>\n<p>Archidona Norte\u00a040,7\u00a0mm<\/p>\n<p>Archidona Huertas del R\u00edo 40 mm<\/p>\n<p>Benalm\u00e1dena Arroyo de la Miel\u00a036,4 mm<\/p>\n<p>Arroyo de la Miel\u00a040,3<\/p>\n<p>C\u00e1rtama Sierra Llana\u00a037,1<\/p>\n<p>El Colmenar las Buitreras\u00a0100,8 mm<\/p>\n<p>Frigiliana 56,4 mm<\/p>\n<p>Ist\u00e1n 70,4 mm<\/p>\n<p>La Cala del Moral 40,8 mm<\/p>\n<p>La Cala de Mijas 60,4 mm<\/p>\n<p>Mijas Pueblo 46 mm<\/p>\n<p>Nerja Las Palmeras 54,3 mm<\/p>\n<p>Ronda San Crist\u00f3bal\u00a040 mm<\/p>\n<p>Tolox\u00a038,9 mm<\/p>\n<h3><strong>Fuente: Red Hidrosur<\/strong><\/h3>\n<p>Sierra Mijas 49,6 mm<\/p>\n<p>Los Reales: 117,4 mm<\/p>\n<p>Majada de las Lomas: 81,3 mm<\/p>\n<p>R\u00edo Genal Jubrique\u00a092,8 mm<\/p>\n<p>Pujerra\u00a0100,2 mm<\/p>\n<p>Cuevas del Becerro\u00a055,3 mm<\/p>\n<p>Oj\u00e9n\u00a074,6 mm<\/p>\n<p>El Torcal: 40,6 mm<\/p>\n<p>M\u00e1laga Paseo de la Farola 29,5 mm<\/p>\n<p>Depuradora de Marbella 68,9 mm<\/p>\n<p>Santo Pitar 38,2 mm<\/p>\n<p>Ca\u00f1ete la Real: 48,2 mm<\/p>\n<p>Laguna Fuente Piedra 30,3 mm<\/p>\n<p>Canal La Encantada 27,9 mm<\/p>\n<p>Azud de Paredones: 28,4 mm<\/p>\n<p>Coin 22,9 mm<\/p>\n<p>Alcauc\u00edn 43 mm<\/p>\n<p>Rio Guadalhorce C\u00e1rtama 32,6 mm<\/p>\n<p>Villanueva de la Concepci\u00f3n 47,4 mm<\/p>\n<p>Casarabonela 29,5 mm<\/p>\n<p>Colmenar 43,9 mm<\/p>\n<p>Alfarnatejo 63, mm<\/p>\n<p>Rio Benamargosa 41,1 mm<\/p>\n<p>Torre del Mar 33,7 mm<\/p>\n<p>Torrox 33,8 mm<\/p>\n<p>La ara\u00f1a 37,1 mm.<\/p>\n<p>Rio Guadiaro Majaceite 99,7 mm<\/p>\n<p>R\u00edo Grande\u00a023,5 mm<\/p>\n<p>Las golondrinas: 77,2 mm<\/p>\n<p>Depuradora del Trapiche 17,1 mm<\/p>\n<p>Fahala 25,4 mm<\/p>\n<p>Rio Guadalhorce Bobadilla 26 mm<\/p>\n<p>Rio Tur\u00f3n Ardales 27,4 mm<\/p>\n<p>R\u00edo Guadalteba Aforo Teba 30,1 mm<\/p>\n<p>Rio Guadalhorce Archidona 38,1 mm<\/p>\n<p>Embalse de la Concepci\u00f3n: 60 mm<\/p>\n<p>Embalse del Guadalteba: 24,3<\/p>\n<p>Embalse Conde del Guadalhorce 22,7 mm<\/p>\n<p>Embalse del Limonero 30 mm<\/p>\n<p>Embalse de la Vi\u00f1uela: 32 mm<\/p>\n<p>Embalse de Casasola: 27,7 mm<\/p>\n<p>Embalse Guadalmina 64,2 mm<\/p>\n<p>Embalse Guadalmansa: 77 mm<\/p>\n<h3><strong>Fuente AEMET<\/strong><\/h3>\n<p>Cortes de la Frontera 109,6 mm<\/p>\n<p>Alpande\u00edre\u00a0101,4 mm<\/p>\n<p>Gauc\u00edn\u00a0128,6 mm<\/p>\n<p>Manilva\u00a058,6 mm<\/p>\n<p>Benahav\u00eds 51,8 mm<\/p>\n<p>Estepona\u00a059,6 mm<\/p>\n<p>Fuengirola\u00a045,9 mm<\/p>\n<p>Fuente de Piedra: 37,2 mm<\/p>\n<p>Torremolinos\u00a038,2 mm<\/p>\n<p>M\u00e1laga Aeropuerto: 29 mm, a\u00f1o pasado: 21,3 mm.<\/p>\n<p>M\u00e1laga Centro Meteorol\u00f3gico: 37,4 mm, a\u00f1o pasado 28 mm.<\/p>\n<p>\u00c1lora\u00a028 mm<\/p>\n<p>Marbella\u00a051,6\u00a0mm<\/p>\n<p>V\u00e9lez M\u00e1laga\u00a028,2<\/p>\n<p>Ronda\u00a0Instituto\u00a051 mm<\/p>\n<h3><strong>Fuente: Wunderground<\/strong><\/h3>\n<p>Antequera\u00a036,8 mm<\/p>\n<p>Yunquera\u00a038,6 mm<\/p>\n<p>El Burgo 44 mm<\/p>\n<p>Arriate 49 mm<\/p>\n<p>Pizarra 28 mm<\/p>\n<p>Ardales\u00a063,2 mm<\/p>\n<p>Campillos 43,9 mm<\/p>\n<p>Sierra Yeguas: 38,1 mm<\/p>\n<p>Humilladero\u00a035,1 mm<\/p>\n<p>Cuevas de San Marcos: 53,9 mm<\/p>\n<p>Villanueva de Algaidas\u00a039,2 mm<\/p>\n<p>Villanueva de Tapia\u00a060,6 mm<\/p>\n<p>Villanueva del Trabuco 50,1 mm<\/p>\n<p>Villanueva del Rosario: 55,6 mm<\/p>\n<p>Casabermeja 24 mm<\/p>\n<p>Periana 48,3 mm<\/p>\n<p>Canillas del Aceituno\u00a052 mm<\/p>\n<p>Benamocarra 39 mm<\/p>\n<p>Iznate 39,2 mm<\/p>\n<p>Almachar 42,6 mm<\/p>\n<p>El Borge 50,8\u00a0mm<\/p>\n<p>C\u00f3mpeta\u00a058 mm<\/p>\n<p>&nbsp;<\/p>\n<p>&nbsp;<\/p>\n<p>&nbsp;<\/p>\n<p>&nbsp;<\/p>\n<p>&nbsp;<\/p>\n","protected":false},"excerpt":{"rendered":"<p>Buenos d\u00edas, amigos de la meteo. Antes de daros los acumulados de precipitaci\u00f3n de la provincia malague\u00f1a, os hago un resumen de ayer en M\u00e1laga capital. La temperatura m\u00e1xima se registr\u00f3 en la estaci\u00f3n de la Aemet del Puerto con 18,1 \u00baC; el Centro Meteorol\u00f3gico registr\u00f3 17,2 \u00baC y el Aeropuerto 16,9 \u00baC. Pero debido [&hellip;]<\/p>\n","protected":false},"author":16,"featured_media":43210,"comment_status":"open","ping_status":"open","sticky":false,"template":"","format":"standard","meta":[],"categories":[2],"tags":[1093,1986,1154],"_links":{"self":[{"href":"https:\/\/blogs.diariosur.es\/tormentas-y-rayos\/wp-json\/wp\/v2\/posts\/43188"}],"collection":[{"href":"https:\/\/blogs.diariosur.es\/tormentas-y-rayos\/wp-json\/wp\/v2\/posts"}],"about":[{"href":"https:\/\/blogs.diariosur.es\/tormentas-y-rayos\/wp-json\/wp\/v2\/types\/post"}],"author":[{"embeddable":true,"href":"https:\/\/blogs.diariosur.es\/tormentas-y-rayos\/wp-json\/wp\/v2\/users\/16"}],"replies":[{"embeddable":true,"href":"https:\/\/blogs.diariosur.es\/tormentas-y-rayos\/wp-json\/wp\/v2\/comments?post=43188"}],"version-history":[{"count":18,"href":"https:\/\/blogs.diariosur.es\/tormentas-y-rayos\/wp-json\/wp\/v2\/posts\/43188\/revisions"}],"predecessor-version":[{"id":47195,"href":"https:\/\/blogs.diariosur.es\/tormentas-y-rayos\/wp-json\/wp\/v2\/posts\/43188\/revisions\/47195"}],"wp:featuredmedia":[{"embeddable":true,"href":"https:\/\/blogs.diariosur.es\/tormentas-y-rayos\/wp-json\/wp\/v2\/media\/43210"}],"wp:attachment":[{"href":"https:\/\/blogs.diariosur.es\/tormentas-y-rayos\/wp-json\/wp\/v2\/media?parent=43188"}],"wp:term":[{"taxonomy":"category","embeddable":true,"href":"https:\/\/blogs.diariosur.es\/tormentas-y-rayos\/wp-json\/wp\/v2\/categories?post=43188"},{"taxonomy":"post_tag","embeddable":true,"href":"https:\/\/blogs.diariosur.es\/tormentas-y-rayos\/wp-json\/wp\/v2\/tags?post=43188"}],"curies":[{"name":"wp","href":"https:\/\/api.w.org\/{rel}","templated":true}]}}