{"id":43191,"date":"2025-01-29T08:08:39","date_gmt":"2025-01-29T07:08:39","guid":{"rendered":"https:\/\/blogs.diariosur.es\/tormentas-y-rayos\/?p=43191"},"modified":"2025-10-12T11:58:24","modified_gmt":"2025-10-12T09:58:24","slug":"ultima-hora-del-frente-frio-que-se-espera-hoy-miercoles-en-la-provincia-de-malaga-borrasca-ivo","status":"publish","type":"post","link":"https:\/\/blogs.diariosur.es\/tormentas-y-rayos\/2025\/01\/29\/ultima-hora-del-frente-frio-que-se-espera-hoy-miercoles-en-la-provincia-de-malaga-borrasca-ivo\/","title":{"rendered":"\u00daltima hora del frente fr\u00edo que se espera hoy mi\u00e9rcoles en la provincia de M\u00e1laga. Borrasca Ivo"},"content":{"rendered":"<p><a href=\"https:\/\/static-blogs.diariosur.es\/wp-content\/uploads\/sites\/12\/2025\/01\/130738248_10221381944997043_6257362087676436516_n.jpg\"><img loading=\"lazy\" class=\"aligncenter size-thumbnail wp-image-43171\" src=\"https:\/\/static-blogs.diariosur.es\/wp-content\/uploads\/sites\/12\/2025\/01\/130738248_10221381944997043_6257362087676436516_n-150x150.jpg\" alt=\"\" width=\"150\" height=\"150\" srcset=\"https:\/\/static-blogs.diariosur.es\/wp-content\/uploads\/sites\/12\/2025\/01\/130738248_10221381944997043_6257362087676436516_n-150x150.jpg 150w, https:\/\/static-blogs.diariosur.es\/wp-content\/uploads\/sites\/12\/2025\/01\/130738248_10221381944997043_6257362087676436516_n-400x400.jpg 400w, https:\/\/static-blogs.diariosur.es\/wp-content\/uploads\/sites\/12\/2025\/01\/130738248_10221381944997043_6257362087676436516_n-408x408.jpg 408w, https:\/\/static-blogs.diariosur.es\/wp-content\/uploads\/sites\/12\/2025\/01\/130738248_10221381944997043_6257362087676436516_n.jpg 768w\" sizes=\"(max-width: 150px) 100vw, 150px\" \/><\/a><\/p>\n<p data-pm-slice=\"1 1 []\">Buenos d\u00edas, amigos de la meteo. Cuando son las ocho menos cuarto de la ma\u00f1ana en M\u00e1laga capital, mi estaci\u00f3n registra 11,3 \u00baC, los cielos est\u00e1n nubosos y el viento sopla flojo de direcci\u00f3n variable.<\/p>\n<p>Ha cambiado un poco la predicci\u00f3n que daba ayer para hoy mi\u00e9rcoles, as\u00ed que la actualizo.<\/p>\n<p>La llegada del frente fr\u00edo se espera por la tarde-noche; todo hace indicar que se reactivar\u00e1 por la zona m\u00e1s occidental de la provincia de M\u00e1laga. Hay probabilidad de <strong>tormentas en esta zona;<\/strong> las precipitaciones pueden ir acompa\u00f1adas de granizo menudo. En la Sierra de las Nieves puede nevar a partir de 1600 metros.<\/p>\n<p>En la capital tambi\u00e9n hay probabilidad de alg\u00fan chubasco, pero poca cosa. Habr\u00e1 portales que no se mojen. Ma\u00f1ana veremos qu\u00e9 acumulados ha dejado en la provincia malague\u00f1a.<\/p>\n<p>Recordaros que la zona del Estrecho y litoral gaditano est\u00e1n en aviso amarillo por tormentas y lluvias de 15 mm en una hora hoy mi\u00e9rcoles.<\/p>\n<p>Ma\u00f1ana jueves tomar\u00e1 protagonismo el terral de invierno; espero rachas fuertes en toda la costa y zonas altas. Debido a estas rachas fuertes, la sensaci\u00f3n t\u00e9rmica ser\u00e1 de m\u00e1s fr\u00edo.<\/p>\n","protected":false},"excerpt":{"rendered":"<p>Buenos d\u00edas, amigos de la meteo. Cuando son las ocho menos cuarto de la ma\u00f1ana en M\u00e1laga capital, mi estaci\u00f3n registra 11,3 \u00baC, los cielos est\u00e1n nubosos y el viento sopla flojo de direcci\u00f3n variable. Ha cambiado un poco la predicci\u00f3n que daba ayer para hoy mi\u00e9rcoles, as\u00ed que la actualizo. La llegada del frente [&hellip;]<\/p>\n","protected":false},"author":16,"featured_media":43192,"comment_status":"open","ping_status":"open","sticky":false,"template":"","format":"standard","meta":[],"categories":[2],"tags":[188,358,467,1985,587,800],"_links":{"self":[{"href":"https:\/\/blogs.diariosur.es\/tormentas-y-rayos\/wp-json\/wp\/v2\/posts\/43191"}],"collection":[{"href":"https:\/\/blogs.diariosur.es\/tormentas-y-rayos\/wp-json\/wp\/v2\/posts"}],"about":[{"href":"https:\/\/blogs.diariosur.es\/tormentas-y-rayos\/wp-json\/wp\/v2\/types\/post"}],"author":[{"embeddable":true,"href":"https:\/\/blogs.diariosur.es\/tormentas-y-rayos\/wp-json\/wp\/v2\/users\/16"}],"replies":[{"embeddable":true,"href":"https:\/\/blogs.diariosur.es\/tormentas-y-rayos\/wp-json\/wp\/v2\/comments?post=43191"}],"version-history":[{"count":3,"href":"https:\/\/blogs.diariosur.es\/tormentas-y-rayos\/wp-json\/wp\/v2\/posts\/43191\/revisions"}],"predecessor-version":[{"id":46837,"href":"https:\/\/blogs.diariosur.es\/tormentas-y-rayos\/wp-json\/wp\/v2\/posts\/43191\/revisions\/46837"}],"wp:featuredmedia":[{"embeddable":true,"href":"https:\/\/blogs.diariosur.es\/tormentas-y-rayos\/wp-json\/wp\/v2\/media\/43192"}],"wp:attachment":[{"href":"https:\/\/blogs.diariosur.es\/tormentas-y-rayos\/wp-json\/wp\/v2\/media?parent=43191"}],"wp:term":[{"taxonomy":"category","embeddable":true,"href":"https:\/\/blogs.diariosur.es\/tormentas-y-rayos\/wp-json\/wp\/v2\/categories?post=43191"},{"taxonomy":"post_tag","embeddable":true,"href":"https:\/\/blogs.diariosur.es\/tormentas-y-rayos\/wp-json\/wp\/v2\/tags?post=43191"}],"curies":[{"name":"wp","href":"https:\/\/api.w.org\/{rel}","templated":true}]}}