{"id":4320,"date":"2012-12-05T15:22:19","date_gmt":"2012-12-05T14:22:19","guid":{"rendered":"http:\/\/blogs.diariosur.es\/tormentas-y-rayos\/?p=4320"},"modified":"2012-12-05T15:22:19","modified_gmt":"2012-12-05T14:22:19","slug":"prediccion-del-tiempo-puente-de-la-constitucion-se-confirman-los-chubascos-el-dia-7","status":"publish","type":"post","link":"https:\/\/blogs.diariosur.es\/tormentas-y-rayos\/2012\/12\/05\/prediccion-del-tiempo-puente-de-la-constitucion-se-confirman-los-chubascos-el-dia-7\/","title":{"rendered":"PREDICCI\u00d3N DEL TIEMPO  PUENTE DE LA CONSTITUCI\u00d3N. DIAS 6 y 7"},"content":{"rendered":"<p>&nbsp;<\/p>\n<p><span style=\"color: #ff0000;\"><strong>ULTIMA HORA AMIGOS, LA AEMET ACTIVA LA ALERTA AMARILLA POR LLUVIAS EN MALAGA EN VIERN<\/strong><strong>ES<\/strong> 7<\/span><\/p>\n<p>&nbsp;<\/p>\n<p><a href=\"https:\/\/blogs.diariosur.es\/tormentas-y-rayos\/2012\/12\/05\/prediccion-del-tiempo-puente-de-la-constitucion-se-confirman-los-chubascos-el-dia-7\/alerta-malaga-2\/\" rel=\"attachment wp-att-4333\"><img loading=\"lazy\" class=\"aligncenter size-full wp-image-4333\" title=\"alerta malaga\" src=\"\/tormentas-y-rayos\/wp-content\/uploads\/sites\/12\/2012\/12\/alerta-malaga.jpg\" alt=\"\" width=\"594\" height=\"425\" srcset=\"https:\/\/static-blogs.diariosur.es\/wp-content\/uploads\/sites\/12\/2012\/12\/alerta-malaga.jpg 594w, https:\/\/static-blogs.diariosur.es\/wp-content\/uploads\/sites\/12\/2012\/12\/alerta-malaga-559x400.jpg 559w\" sizes=\"(max-width: 594px) 100vw, 594px\" \/><\/a><\/p>\n<p>&nbsp;<\/p>\n<p><a href=\"https:\/\/blogs.diariosur.es\/tormentas-y-rayos\/2012\/12\/05\/prediccion-del-tiempo-puente-de-la-constitucion-se-confirman-los-chubascos-el-dia-7\/alertass\/\" rel=\"attachment wp-att-4334\"><img loading=\"lazy\" class=\"aligncenter size-full wp-image-4334\" title=\"alertass\" src=\"\/tormentas-y-rayos\/wp-content\/uploads\/sites\/12\/2012\/12\/alertass.jpg\" alt=\"\" width=\"520\" height=\"213\" \/><\/a><\/p>\n<p>&nbsp;<\/p>\n<p>&nbsp;<\/p>\n<p><strong>Buenas tardes amigos de la meteo. Son las dos y media de la tarde, registro 14,2 grados y el viento de terral de oto\u00f1o y los lenticularis de nuevo son los protagonistas. Estas fotos que os pongo, son de hace escasos minutos. Es el mismo lenticular, pero como era tan grande y lo tenia tan cerca , le he tenido que echar dos fotos.<\/strong><\/p>\n<p><a href=\"https:\/\/blogs.diariosur.es\/tormentas-y-rayos\/2012\/12\/05\/prediccion-del-tiempo-puente-de-la-constitucion-se-confirman-los-chubascos-el-dia-7\/001_1-4\/\" rel=\"attachment wp-att-4321\"><img loading=\"lazy\" class=\"aligncenter size-full wp-image-4321\" title=\"001_1\" src=\"\/tormentas-y-rayos\/wp-content\/uploads\/sites\/12\/2012\/12\/001_1.jpg\" alt=\"\" width=\"680\" height=\"454\" srcset=\"https:\/\/static-blogs.diariosur.es\/wp-content\/uploads\/sites\/12\/2012\/12\/001_1.jpg 680w, https:\/\/static-blogs.diariosur.es\/wp-content\/uploads\/sites\/12\/2012\/12\/001_1-599x400.jpg 599w\" sizes=\"(max-width: 680px) 100vw, 680px\" \/><\/a><\/p>\n<p>&nbsp;<\/p>\n<p><a href=\"https:\/\/blogs.diariosur.es\/tormentas-y-rayos\/2012\/12\/05\/prediccion-del-tiempo-puente-de-la-constitucion-se-confirman-los-chubascos-el-dia-7\/002-5\/\" rel=\"attachment wp-att-4322\"><img loading=\"lazy\" class=\"aligncenter size-full wp-image-4322\" title=\"002\" src=\"\/tormentas-y-rayos\/wp-content\/uploads\/sites\/12\/2012\/12\/002.jpg\" alt=\"\" width=\"680\" height=\"454\" srcset=\"https:\/\/static-blogs.diariosur.es\/wp-content\/uploads\/sites\/12\/2012\/12\/002.jpg 680w, https:\/\/static-blogs.diariosur.es\/wp-content\/uploads\/sites\/12\/2012\/12\/002-599x400.jpg 599w\" sizes=\"(max-width: 680px) 100vw, 680px\" \/><\/a><\/p>\n<p><strong>Este tipo de nubes son bonitas hasta vi\u00e9ndolas desde un satelite. Esta imagen del Satelite Modis es de ayer por la tarde. La provincia de Almer\u00eda y Granada estaba invadida de platillos volantes ji ji ji.<\/strong><\/p>\n<p><a href=\"https:\/\/blogs.diariosur.es\/tormentas-y-rayos\/2012\/12\/05\/prediccion-del-tiempo-puente-de-la-constitucion-se-confirman-los-chubascos-el-dia-7\/lenti-3\/\" rel=\"attachment wp-att-4324\"><img loading=\"lazy\" class=\"aligncenter size-full wp-image-4324\" title=\"LENTI\" src=\"\/tormentas-y-rayos\/wp-content\/uploads\/sites\/12\/2012\/12\/LENTI1.jpg\" alt=\"\" width=\"690\" height=\"425\" srcset=\"https:\/\/static-blogs.diariosur.es\/wp-content\/uploads\/sites\/12\/2012\/12\/LENTI1.jpg 690w, https:\/\/static-blogs.diariosur.es\/wp-content\/uploads\/sites\/12\/2012\/12\/LENTI1-640x394.jpg 640w\" sizes=\"(max-width: 690px) 100vw, 690px\" \/><\/a><\/p>\n<p>&nbsp;<\/p>\n<p><span style=\"color: #ff0000;\"><strong>Predicci\u00f3n del tiempo dias 6 y 7 de diciembre:<\/strong><\/span><\/p>\n<p><strong>La borrasca de origen subtropical, se va rellenando poco a poco.<\/strong><\/p>\n<p><a href=\"https:\/\/blogs.diariosur.es\/tormentas-y-rayos\/2012\/12\/05\/prediccion-del-tiempo-puente-de-la-constitucion-se-confirman-los-chubascos-el-dia-7\/mm-2\/\" rel=\"attachment wp-att-4330\"><img loading=\"lazy\" class=\"aligncenter size-full wp-image-4330\" title=\"mm\" src=\"\/tormentas-y-rayos\/wp-content\/uploads\/sites\/12\/2012\/12\/mm.jpg\" alt=\"\" width=\"759\" height=\"534\" srcset=\"https:\/\/static-blogs.diariosur.es\/wp-content\/uploads\/sites\/12\/2012\/12\/mm.jpg 759w, https:\/\/static-blogs.diariosur.es\/wp-content\/uploads\/sites\/12\/2012\/12\/mm-569x400.jpg 569w\" sizes=\"(max-width: 759px) 100vw, 759px\" \/><\/a><\/p>\n<p><strong>La presi\u00f3n que ten\u00eda ayer era de 988 mb, ahora mismo ronda los 994. Pero a medida que se acerque a la zona del Cabo de San Vicente, su presi\u00f3n seguir\u00eda subiendo, seg\u00fan los modelos. Os paso estas dos im\u00e1genes del Hirlam fuente Aemet. <a href=\"https:\/\/blogs.diariosur.es\/tormentas-y-rayos\/2012\/12\/04\/el-tiempo-en-el-puente-de-la-constitucion-los-lenticularis-y-el-viento-de-terral-de-otono-protagonistas-hoy-martes-fotos\/\">En este enlace podeis ver la diferencia de como estaba la borrasca ayer y como esta ahora mismo como\u00a0pod\u00e9is\u00a0verla arriba.<\/a>\u00a0<\/strong><\/p>\n<p><a href=\"https:\/\/blogs.diariosur.es\/tormentas-y-rayos\/2012\/12\/05\/prediccion-del-tiempo-puente-de-la-constitucion-se-confirman-los-chubascos-el-dia-7\/b1-4\/\" rel=\"attachment wp-att-4325\"><img loading=\"lazy\" class=\"aligncenter size-full wp-image-4325\" title=\"b1\" src=\"\/tormentas-y-rayos\/wp-content\/uploads\/sites\/12\/2012\/12\/b1.jpg\" alt=\"\" width=\"717\" height=\"502\" srcset=\"https:\/\/static-blogs.diariosur.es\/wp-content\/uploads\/sites\/12\/2012\/12\/b1.jpg 717w, https:\/\/static-blogs.diariosur.es\/wp-content\/uploads\/sites\/12\/2012\/12\/b1-571x400.jpg 571w\" sizes=\"(max-width: 717px) 100vw, 717px\" \/><\/a><\/p>\n<p>&nbsp;<\/p>\n<p><a href=\"https:\/\/blogs.diariosur.es\/tormentas-y-rayos\/2012\/12\/05\/prediccion-del-tiempo-puente-de-la-constitucion-se-confirman-los-chubascos-el-dia-7\/b2\/\" rel=\"attachment wp-att-4326\"><img loading=\"lazy\" class=\"aligncenter size-full wp-image-4326\" title=\"b2\" src=\"\/tormentas-y-rayos\/wp-content\/uploads\/sites\/12\/2012\/12\/b2.jpg\" alt=\"\" width=\"754\" height=\"544\" srcset=\"https:\/\/static-blogs.diariosur.es\/wp-content\/uploads\/sites\/12\/2012\/12\/b2.jpg 754w, https:\/\/static-blogs.diariosur.es\/wp-content\/uploads\/sites\/12\/2012\/12\/b2-554x400.jpg 554w\" sizes=\"(max-width: 754px) 100vw, 754px\" \/><\/a><\/p>\n<p><strong>\u00a0 <\/strong><\/p>\n<p>&nbsp;<\/p>\n<p><strong>Pero las lluvias en la zona Occidental Andaluza est\u00e1n garantizadas, asi como tambi\u00e9n en la Provincia Malague\u00f1a. De momento la Aemet, activa la alerta amarilla por lluvias en la provincia de C\u00e1diz, que ser\u00e1 donde pueda llover mas. Estas lluvias\u00a0comenzar\u00edan\u00a0seg\u00fan\u00a0los modelos por la tarde noche del jueves, siendo las provincias mas occidentales andaluzas las primeras en tener chubascos.<\/strong><\/p>\n<p><a href=\"https:\/\/blogs.diariosur.es\/tormentas-y-rayos\/2012\/12\/05\/prediccion-del-tiempo-puente-de-la-constitucion-se-confirman-los-chubascos-el-dia-7\/captura-114\/\" rel=\"attachment wp-att-4327\"><img loading=\"lazy\" class=\"aligncenter size-full wp-image-4327\" title=\"Captura\" src=\"\/tormentas-y-rayos\/wp-content\/uploads\/sites\/12\/2012\/12\/Captura1.jpg\" alt=\"\" width=\"561\" height=\"415\" srcset=\"https:\/\/static-blogs.diariosur.es\/wp-content\/uploads\/sites\/12\/2012\/12\/Captura1.jpg 561w, https:\/\/static-blogs.diariosur.es\/wp-content\/uploads\/sites\/12\/2012\/12\/Captura1-541x400.jpg 541w\" sizes=\"(max-width: 561px) 100vw, 561px\" \/><\/a><\/p>\n<p>&nbsp;<\/p>\n<p>&nbsp;<\/p>\n<p><strong>\u00a0<\/strong><\/p>\n<p><strong><span style=\"color: #0000ff;\">Ma\u00f1ana dia 6, no espero lluvias en la Provincia Malague\u00f1a. Si acaso y si se adelanta el frente, caer\u00edan por la noche, con mas probabilidad en la zona mas occidental.<\/span><\/strong><\/p>\n<p><strong><span><span style=\"color: #0000ff;\">El dia 7, durante la madrugada llegaran los primeros chubascos, que nos acompa\u00f1ar\u00edan durante toda la ma\u00f1ana, al llegar la tarde noche se\u00a0ir\u00e1n\u00a0quitando, quedando los cielos despejados. El sabado dia 8 y el domingo dia 9 no espero lluvias amigos.<\/span><\/span><\/strong><\/p>\n<p><strong><span style=\"color: #ff0000;\">NO ME\u00a0<\/span><span style=\"color: #ff0000;\">EXTRA\u00d1AR\u00cdA\u00a0QUE DURANTE EL DIA DE HOY O MA\u00d1ANA, LA AEMET\u00a0TAMBI\u00c9N\u00a0PONGA EN ALERTA AMARILLA A LA PROVINCIA MALAGUE\u00d1A.\u00a0<\/span><\/strong><\/p>\n<p><strong>Os dejo con estos dos fotones de nuestro amigo y seguidor del blog Fernando Berrocal. Son unos lenticularis que\u00a0fotografi\u00f3\u00a0ayer.<\/strong><\/p>\n<p>&nbsp;<\/p>\n<p><a href=\"https:\/\/blogs.diariosur.es\/tormentas-y-rayos\/2012\/12\/05\/prediccion-del-tiempo-puente-de-la-constitucion-se-confirman-los-chubascos-el-dia-7\/fernando-berrocal-1\/\" rel=\"attachment wp-att-4328\"><img loading=\"lazy\" class=\"aligncenter size-full wp-image-4328\" title=\"FERNANDO bERROCAL (1)\" src=\"\/tormentas-y-rayos\/wp-content\/uploads\/sites\/12\/2012\/12\/FERNANDO-bERROCAL-1.jpg\" alt=\"\" width=\"680\" height=\"383\" srcset=\"https:\/\/static-blogs.diariosur.es\/wp-content\/uploads\/sites\/12\/2012\/12\/FERNANDO-bERROCAL-1.jpg 680w, https:\/\/static-blogs.diariosur.es\/wp-content\/uploads\/sites\/12\/2012\/12\/FERNANDO-bERROCAL-1-640x360.jpg 640w\" sizes=\"(max-width: 680px) 100vw, 680px\" \/><\/a><\/p>\n<p>&nbsp;<\/p>\n<p><a href=\"https:\/\/blogs.diariosur.es\/tormentas-y-rayos\/2012\/12\/05\/prediccion-del-tiempo-puente-de-la-constitucion-se-confirman-los-chubascos-el-dia-7\/fernando-berrocal-2\/\" rel=\"attachment wp-att-4329\"><img loading=\"lazy\" class=\"aligncenter size-full wp-image-4329\" title=\"FERNANDO bERROCAL (2)\" src=\"\/tormentas-y-rayos\/wp-content\/uploads\/sites\/12\/2012\/12\/FERNANDO-bERROCAL-2.jpg\" alt=\"\" width=\"680\" height=\"383\" srcset=\"https:\/\/static-blogs.diariosur.es\/wp-content\/uploads\/sites\/12\/2012\/12\/FERNANDO-bERROCAL-2.jpg 680w, https:\/\/static-blogs.diariosur.es\/wp-content\/uploads\/sites\/12\/2012\/12\/FERNANDO-bERROCAL-2-640x360.jpg 640w\" sizes=\"(max-width: 680px) 100vw, 680px\" \/><\/a><\/p>\n<p>&nbsp;<\/p>\n<p><strong>\u00a0Y asi amaneceia hoy desde la Playa de la Misericordia, nuestra amiga Paloma Maria quiere compartir esta bonita foto del amanecer, pilas cargadas.<\/strong><\/p>\n<p><a href=\"https:\/\/blogs.diariosur.es\/tormentas-y-rayos\/2012\/12\/05\/prediccion-del-tiempo-puente-de-la-constitucion-se-confirman-los-chubascos-el-dia-7\/458486_465338913516588_471622105_o\/\" rel=\"attachment wp-att-4332\"><img loading=\"lazy\" class=\"aligncenter size-full wp-image-4332\" title=\"458486_465338913516588_471622105_o\" src=\"\/tormentas-y-rayos\/wp-content\/uploads\/sites\/12\/2012\/12\/458486_465338913516588_471622105_o.jpg\" alt=\"\" width=\"690\" height=\"251\" srcset=\"https:\/\/static-blogs.diariosur.es\/wp-content\/uploads\/sites\/12\/2012\/12\/458486_465338913516588_471622105_o.jpg 690w, https:\/\/static-blogs.diariosur.es\/wp-content\/uploads\/sites\/12\/2012\/12\/458486_465338913516588_471622105_o-640x233.jpg 640w\" sizes=\"(max-width: 690px) 100vw, 690px\" \/><\/a><\/p>\n<p>&nbsp;<\/p>\n<p><strong>Un fuerte abrazo a todos. Que se me olvidaba, al final de la semana que viene podemos tener rombo ji ji ji.<\/strong><\/p>\n","protected":false},"excerpt":{"rendered":"<p>&nbsp; ULTIMA HORA AMIGOS, LA AEMET ACTIVA LA ALERTA AMARILLA POR LLUVIAS EN MALAGA EN VIERNES 7 &nbsp; &nbsp; &nbsp; &nbsp; Buenas tardes amigos de la meteo. Son las dos y media de la tarde, registro 14,2 grados y el viento de terral de oto\u00f1o y los lenticularis de nuevo son los protagonistas. Estas fotos [&hellip;]<\/p>\n","protected":false},"author":16,"featured_media":4324,"comment_status":"open","ping_status":"closed","sticky":false,"template":"","format":"standard","meta":[],"categories":[2],"tags":[63,91,276,569,800,832,980],"_links":{"self":[{"href":"https:\/\/blogs.diariosur.es\/tormentas-y-rayos\/wp-json\/wp\/v2\/posts\/4320"}],"collection":[{"href":"https:\/\/blogs.diariosur.es\/tormentas-y-rayos\/wp-json\/wp\/v2\/posts"}],"about":[{"href":"https:\/\/blogs.diariosur.es\/tormentas-y-rayos\/wp-json\/wp\/v2\/types\/post"}],"author":[{"embeddable":true,"href":"https:\/\/blogs.diariosur.es\/tormentas-y-rayos\/wp-json\/wp\/v2\/users\/16"}],"replies":[{"embeddable":true,"href":"https:\/\/blogs.diariosur.es\/tormentas-y-rayos\/wp-json\/wp\/v2\/comments?post=4320"}],"version-history":[{"count":0,"href":"https:\/\/blogs.diariosur.es\/tormentas-y-rayos\/wp-json\/wp\/v2\/posts\/4320\/revisions"}],"wp:featuredmedia":[{"embeddable":true,"href":"https:\/\/blogs.diariosur.es\/tormentas-y-rayos\/wp-json\/wp\/v2\/media\/4324"}],"wp:attachment":[{"href":"https:\/\/blogs.diariosur.es\/tormentas-y-rayos\/wp-json\/wp\/v2\/media?parent=4320"}],"wp:term":[{"taxonomy":"category","embeddable":true,"href":"https:\/\/blogs.diariosur.es\/tormentas-y-rayos\/wp-json\/wp\/v2\/categories?post=4320"},{"taxonomy":"post_tag","embeddable":true,"href":"https:\/\/blogs.diariosur.es\/tormentas-y-rayos\/wp-json\/wp\/v2\/tags?post=4320"}],"curies":[{"name":"wp","href":"https:\/\/api.w.org\/{rel}","templated":true}]}}