{"id":43224,"date":"2025-01-31T09:24:18","date_gmt":"2025-01-31T08:24:18","guid":{"rendered":"https:\/\/blogs.diariosur.es\/tormentas-y-rayos\/?p=43224"},"modified":"2025-10-12T11:57:14","modified_gmt":"2025-10-12T09:57:14","slug":"el-tiempo-fin-de-semana-en-malaga-cuando-se-quitara-el-terral-de-invierno-y-el-poniente","status":"publish","type":"post","link":"https:\/\/blogs.diariosur.es\/tormentas-y-rayos\/2025\/01\/31\/el-tiempo-fin-de-semana-en-malaga-cuando-se-quitara-el-terral-de-invierno-y-el-poniente\/","title":{"rendered":"El tiempo fin de semana en M\u00e1laga \u00bfCu\u00e1ndo se quitara el terral de invierno y el poniente?"},"content":{"rendered":"<p><a href=\"https:\/\/static-blogs.diariosur.es\/wp-content\/uploads\/sites\/12\/2025\/01\/474591997_10231480374091459_5977821584942016476_n-1.jpg\"><img loading=\"lazy\" class=\"aligncenter size-thumbnail wp-image-43211\" src=\"https:\/\/static-blogs.diariosur.es\/wp-content\/uploads\/sites\/12\/2025\/01\/474591997_10231480374091459_5977821584942016476_n-1-150x150.jpg\" alt=\"\" width=\"150\" height=\"150\" srcset=\"https:\/\/static-blogs.diariosur.es\/wp-content\/uploads\/sites\/12\/2025\/01\/474591997_10231480374091459_5977821584942016476_n-1-150x150.jpg 150w, https:\/\/static-blogs.diariosur.es\/wp-content\/uploads\/sites\/12\/2025\/01\/474591997_10231480374091459_5977821584942016476_n-1-400x400.jpg 400w, https:\/\/static-blogs.diariosur.es\/wp-content\/uploads\/sites\/12\/2025\/01\/474591997_10231480374091459_5977821584942016476_n-1-408x408.jpg 408w, https:\/\/static-blogs.diariosur.es\/wp-content\/uploads\/sites\/12\/2025\/01\/474591997_10231480374091459_5977821584942016476_n-1-768x768.jpg 768w, https:\/\/static-blogs.diariosur.es\/wp-content\/uploads\/sites\/12\/2025\/01\/474591997_10231480374091459_5977821584942016476_n-1.jpg 1000w\" sizes=\"(max-width: 150px) 100vw, 150px\" \/><\/a><\/p>\n<p>Hola de nuevo, amigos de la meteo. <a href=\"https:\/\/blogs.diariosur.es\/tormentas-y-rayos\/2025\/01\/29\/ultima-hora-del-frente-frio-que-se-espera-hoy-miercoles-en-la-provincia-de-malaga-borrasca-ivo\/\">\u00bfHab\u00e9is leido los acumulados de precipitaci\u00f3n de el mes de enero en la provincia malague\u00f1a? Pinchar.<\/a><\/p>\n<p data-pm-slice=\"1 1 []\">Hoy viernes, a partir del mediod\u00eda, el terral nos dar\u00e1 un respiro; se espera viento flojo de direcci\u00f3n variable, incluso de componente sureste.<\/p>\n<h3><strong>S\u00e1bado 1 de febrero<\/strong><\/h3>\n<p>El poniente y el terral de invierno vuelven a partir de primeras horas de la ma\u00f1ana; las rachas m\u00e1s fuertes se esperan por la tarde.<\/p>\n<p>La probabilidad de precipitaciones es del 0%.<\/p>\n<p>Las temperaturas m\u00e1ximas y m\u00ednimas estar\u00e1n dentro de la media.<\/p>\n<h3><strong>Domingo 2 de febrero<\/strong><\/h3>\n<p>A partir de primeras horas de la ma\u00f1ana, el terral de invierno y el poniente nos dar\u00e1n un respiro.<\/p>\n<p>Las temperaturas m\u00e1ximas y m\u00ednimas estar\u00e1n dentro de la media.<\/p>\n<p>En cuanto a la probabilidad de precipitaciones, a\u00fan no est\u00e1 muy claro; depender\u00e1 de la formaci\u00f3n de una bolsa de aire fr\u00edo y su posici\u00f3n. En todo caso, de caer alguna precipitaci\u00f3n, ser\u00eda a \u00faltima hora de la noche.<\/p>\n<p>Un abrazo, nos vemos ma\u00f1ana con una efem\u00e9ride muy interesante.<\/p>\n","protected":false},"excerpt":{"rendered":"<p>Hola de nuevo, amigos de la meteo. \u00bfHab\u00e9is leido los acumulados de precipitaci\u00f3n de el mes de enero en la provincia malague\u00f1a? Pinchar. Hoy viernes, a partir del mediod\u00eda, el terral nos dar\u00e1 un respiro; se espera viento flojo de direcci\u00f3n variable, incluso de componente sureste. S\u00e1bado 1 de febrero El poniente y el terral [&hellip;]<\/p>\n","protected":false},"author":16,"featured_media":43228,"comment_status":"open","ping_status":"open","sticky":false,"template":"","format":"standard","meta":[],"categories":[2],"tags":[358,587,800],"_links":{"self":[{"href":"https:\/\/blogs.diariosur.es\/tormentas-y-rayos\/wp-json\/wp\/v2\/posts\/43224"}],"collection":[{"href":"https:\/\/blogs.diariosur.es\/tormentas-y-rayos\/wp-json\/wp\/v2\/posts"}],"about":[{"href":"https:\/\/blogs.diariosur.es\/tormentas-y-rayos\/wp-json\/wp\/v2\/types\/post"}],"author":[{"embeddable":true,"href":"https:\/\/blogs.diariosur.es\/tormentas-y-rayos\/wp-json\/wp\/v2\/users\/16"}],"replies":[{"embeddable":true,"href":"https:\/\/blogs.diariosur.es\/tormentas-y-rayos\/wp-json\/wp\/v2\/comments?post=43224"}],"version-history":[{"count":6,"href":"https:\/\/blogs.diariosur.es\/tormentas-y-rayos\/wp-json\/wp\/v2\/posts\/43224\/revisions"}],"predecessor-version":[{"id":46836,"href":"https:\/\/blogs.diariosur.es\/tormentas-y-rayos\/wp-json\/wp\/v2\/posts\/43224\/revisions\/46836"}],"wp:featuredmedia":[{"embeddable":true,"href":"https:\/\/blogs.diariosur.es\/tormentas-y-rayos\/wp-json\/wp\/v2\/media\/43228"}],"wp:attachment":[{"href":"https:\/\/blogs.diariosur.es\/tormentas-y-rayos\/wp-json\/wp\/v2\/media?parent=43224"}],"wp:term":[{"taxonomy":"category","embeddable":true,"href":"https:\/\/blogs.diariosur.es\/tormentas-y-rayos\/wp-json\/wp\/v2\/categories?post=43224"},{"taxonomy":"post_tag","embeddable":true,"href":"https:\/\/blogs.diariosur.es\/tormentas-y-rayos\/wp-json\/wp\/v2\/tags?post=43224"}],"curies":[{"name":"wp","href":"https:\/\/api.w.org\/{rel}","templated":true}]}}