{"id":43232,"date":"2025-02-01T08:43:12","date_gmt":"2025-02-01T07:43:12","guid":{"rendered":"https:\/\/blogs.diariosur.es\/tormentas-y-rayos\/?p=43232"},"modified":"2025-10-08T08:08:47","modified_gmt":"2025-10-08T06:08:47","slug":"se-cumplen-16-anos-del-tornado-fuerza-2-que-arraso-muchas-barriadas-de-malaga-estudio-por-jose-maria-sanchez-laulhe","status":"publish","type":"post","link":"https:\/\/blogs.diariosur.es\/tormentas-y-rayos\/2025\/02\/01\/se-cumplen-16-anos-del-tornado-fuerza-2-que-arraso-muchas-barriadas-de-malaga-estudio-por-jose-maria-sanchez-laulhe\/","title":{"rendered":"Se cumplen 16 a\u00f1os del tornado fuerza 2 que arraso muchas barriadas de M\u00e1laga. Estudio por Jos\u00e9 Mar\u00eda S\u00e1nchez-Laulh\u00e9"},"content":{"rendered":"<p><a href=\"https:\/\/static-blogs.diariosur.es\/wp-content\/uploads\/sites\/12\/2025\/01\/474591997_10231480374091459_5977821584942016476_n-1.jpg\"><img loading=\"lazy\" class=\"aligncenter size-thumbnail wp-image-43211\" src=\"https:\/\/static-blogs.diariosur.es\/wp-content\/uploads\/sites\/12\/2025\/01\/474591997_10231480374091459_5977821584942016476_n-1-150x150.jpg\" alt=\"\" width=\"150\" height=\"150\" srcset=\"https:\/\/static-blogs.diariosur.es\/wp-content\/uploads\/sites\/12\/2025\/01\/474591997_10231480374091459_5977821584942016476_n-1-150x150.jpg 150w, https:\/\/static-blogs.diariosur.es\/wp-content\/uploads\/sites\/12\/2025\/01\/474591997_10231480374091459_5977821584942016476_n-1-400x400.jpg 400w, https:\/\/static-blogs.diariosur.es\/wp-content\/uploads\/sites\/12\/2025\/01\/474591997_10231480374091459_5977821584942016476_n-1-408x408.jpg 408w, https:\/\/static-blogs.diariosur.es\/wp-content\/uploads\/sites\/12\/2025\/01\/474591997_10231480374091459_5977821584942016476_n-1-768x768.jpg 768w, https:\/\/static-blogs.diariosur.es\/wp-content\/uploads\/sites\/12\/2025\/01\/474591997_10231480374091459_5977821584942016476_n-1.jpg 1000w\" sizes=\"(max-width: 150px) 100vw, 150px\" \/><\/a><\/p>\n<p data-pm-slice=\"1 1 []\">Buenos d\u00edas, amigos de la meteo. Hoy s\u00e1bado 1 de febrero, se cumplen 16 a\u00f1os del tornado fuerza 2 que arras\u00f3 muchas barriadas de M\u00e1laga capital. Antes de hablaros del tornado, os pongo las temperaturas m\u00ednimas m\u00e1s destacadas que hemos tenido.<\/p>\n<p>Fuentes: Aemet, Meteoclimatic, Wunderground<\/p>\n<p>Antequera -0,4 grados bajo cero.<\/p>\n<p>Ronda 0,9 \u00b0C<\/p>\n<p>El Burgo 0,1 \u00baC<\/p>\n<p>Archidona Huertas del R\u00edo: -1,8 grados bajo cero.<\/p>\n<p>Fuente de la Yedra: -4,4 grados bajo cero<\/p>\n<p>Villanueva del Rosario: -1,5 grados bajo cero.<\/p>\n<p>Bobadilla: -2,2 grados bajo cero<\/p>\n<p>Alfarnate -0,7 grados bajo cero.<\/p>\n<p>Fuente de Piedra: -0,6 grados bajo cero.<\/p>\n<p>En M\u00e1laga Aeropuerto, 4,8 \u00baC.<\/p>\n<h3><strong>Se cumplen 16 a\u00f1os del tornado fuerza 2 que arras\u00f3 muchas barriadas de M\u00e1laga. Estudio por Jos\u00e9 Mar\u00eda S\u00e1nchez-Laulh\u00e9<\/strong><\/h3>\n<p>EL domingo 1 de febrero de 2009 a las 21.15 horas, un tornado categor\u00eda 2,\u00a0que alcanz\u00f3 velocidades entre<strong> 185 y 220 km\/h<\/strong>, produjo muchos da\u00f1os en la zona oeste de M\u00e1laga, en un corredor de unos 4 km de longitud y de hasta 300 m de anchura, seg\u00fan estudios hechos por mi amigo Jos\u00e9 Mar\u00eda S\u00e1nchez-Laulh\u00e9 Ollero, exdirector del Centro Meteorol\u00f3gico de M\u00e1laga.<\/p>\n<p>Me acuerdo perfectamente de este d\u00eda; aunque mi terraza da al norte, escuch\u00e9 perfectamente el viento, ese ruido t\u00edpico de los tornados. Estaba claro que no era un frente de racha o revent\u00f3n.<\/p>\n<p>Antes de que se escucharan las sirenas de bomberos y ambulancias, le coment\u00e9 a mi mujer, Geno&#8230; creo que hemos tenido un tornado. En mi calle, cerca del Camino de San Rafael, ca\u00edan trozos de ramas e incluso uralita en mi terraza. En la azotea, donde tengo ahora instalada la estaci\u00f3n meteorol\u00f3gica, sigue habiendo muchos trozos de uralita e incluso una antena parab\u00f3lica que la trajo el tornado. Al d\u00eda siguiente me ped\u00ed el d\u00eda libre en mi trabajo, para poder hacer fotos y ver el recorrido del tornado. Menos mal que era domingo y no un d\u00eda laborable; si no, hubi\u00e9ramos tenido fallecidos.<\/p>\n<p>Este tornado se debi\u00f3 a una profunda borrasca situada cerca de la nariz de Portugal, que afectaba a toda la pen\u00ednsula, como pod\u00e9is ver en este mapa a 500 hpa del modelo europeo, fuente meteociel. M\u00e1s adelante, Jos\u00e9 Mar\u00eda S\u00e1nchez-Laulh\u00e9 lo explica mucho mejor.<\/p>\n<p>&nbsp;<\/p>\n<p>&nbsp;<\/p>\n<p><a href=\"https:\/\/static-blogs.diariosur.es\/wp-content\/uploads\/sites\/12\/2022\/02\/archives-2009-2-1-18-0.png\"><img loading=\"lazy\" class=\"aligncenter size-full wp-image-32355\" src=\"https:\/\/static-blogs.diariosur.es\/wp-content\/uploads\/sites\/12\/2022\/02\/archives-2009-2-1-18-0.png\" alt=\"\" width=\"768\" height=\"512\" srcset=\"https:\/\/static-blogs.diariosur.es\/wp-content\/uploads\/sites\/12\/2022\/02\/archives-2009-2-1-18-0.png 768w, https:\/\/static-blogs.diariosur.es\/wp-content\/uploads\/sites\/12\/2022\/02\/archives-2009-2-1-18-0-600x400.png 600w\" sizes=\"(max-width: 768px) 100vw, 768px\" \/><\/a><\/p>\n<p>&nbsp;<\/p>\n<p>Os dejo con el mi amigo\u00a0Jos\u00e9 Mar\u00eda S\u00e1nchez-Laulh\u00e9 Ollero, que fue Director del Centro Meteorol\u00f3gico de M\u00e1laga. Hace unos a\u00f1os hizo este estudio del tornado que os pongo a continuaci\u00f3n, merece la pena leerlo.<\/p>\n<p>Pinchar en el enlace<\/p>\n<h3><a href=\"https:\/\/repositorio.aemet.es\/bitstream\/20.500.11765\/2724\/1\/TyC_2009_24_03.pdf\" rel=\"external nofollow\"><strong> El tornado de M\u00e1laga del 1 de Febrero de 2009<\/strong><\/a><\/h3>\n<p><strong>Os dejo con fotos m\u00edas y videos que grabaron algunos malague\u00f1os.\u00a0<\/strong><\/p>\n<p>Mi azotea, esto cayo del tornado<\/p>\n<p>&nbsp;<\/p>\n<p><a href=\"https:\/\/static-blogs.diariosur.es\/wp-content\/uploads\/sites\/12\/2023\/02\/326262029_938605353968482_3397734321638711488_n.jpg\"><img loading=\"lazy\" class=\"aligncenter size-full wp-image-35790\" src=\"https:\/\/static-blogs.diariosur.es\/wp-content\/uploads\/sites\/12\/2023\/02\/326262029_938605353968482_3397734321638711488_n.jpg\" alt=\"\" width=\"960\" height=\"720\" srcset=\"https:\/\/static-blogs.diariosur.es\/wp-content\/uploads\/sites\/12\/2023\/02\/326262029_938605353968482_3397734321638711488_n.jpg 960w, https:\/\/static-blogs.diariosur.es\/wp-content\/uploads\/sites\/12\/2023\/02\/326262029_938605353968482_3397734321638711488_n-533x400.jpg 533w, https:\/\/static-blogs.diariosur.es\/wp-content\/uploads\/sites\/12\/2023\/02\/326262029_938605353968482_3397734321638711488_n-768x576.jpg 768w\" sizes=\"(max-width: 960px) 100vw, 960px\" \/><\/a><\/p>\n<p>&nbsp;<\/p>\n<p><a href=\"https:\/\/static-blogs.diariosur.es\/wp-content\/uploads\/sites\/12\/2023\/02\/328481612_1257796805175281_5655933654208340264_n.jpg\"><img loading=\"lazy\" class=\"aligncenter size-full wp-image-35791\" src=\"https:\/\/static-blogs.diariosur.es\/wp-content\/uploads\/sites\/12\/2023\/02\/328481612_1257796805175281_5655933654208340264_n.jpg\" alt=\"\" width=\"960\" height=\"720\" srcset=\"https:\/\/static-blogs.diariosur.es\/wp-content\/uploads\/sites\/12\/2023\/02\/328481612_1257796805175281_5655933654208340264_n.jpg 960w, https:\/\/static-blogs.diariosur.es\/wp-content\/uploads\/sites\/12\/2023\/02\/328481612_1257796805175281_5655933654208340264_n-533x400.jpg 533w, https:\/\/static-blogs.diariosur.es\/wp-content\/uploads\/sites\/12\/2023\/02\/328481612_1257796805175281_5655933654208340264_n-768x576.jpg 768w\" sizes=\"(max-width: 960px) 100vw, 960px\" \/><\/a><\/p>\n<p>&nbsp;<\/p>\n<p>Mi terraza el lunes 2 de febrero<\/p>\n<p>&nbsp;<\/p>\n<p>&nbsp;<\/p>\n<p><a href=\"https:\/\/static-blogs.diariosur.es\/wp-content\/uploads\/sites\/12\/2022\/02\/6.jpg\"><img loading=\"lazy\" class=\"aligncenter size-full wp-image-32364\" src=\"https:\/\/static-blogs.diariosur.es\/wp-content\/uploads\/sites\/12\/2022\/02\/6.jpg\" alt=\"\" width=\"805\" height=\"644\" srcset=\"https:\/\/static-blogs.diariosur.es\/wp-content\/uploads\/sites\/12\/2022\/02\/6.jpg 805w, https:\/\/static-blogs.diariosur.es\/wp-content\/uploads\/sites\/12\/2022\/02\/6-500x400.jpg 500w, https:\/\/static-blogs.diariosur.es\/wp-content\/uploads\/sites\/12\/2022\/02\/6-768x614.jpg 768w\" sizes=\"(max-width: 805px) 100vw, 805px\" \/><\/a><\/p>\n<p>&nbsp;<\/p>\n<p><a href=\"https:\/\/static-blogs.diariosur.es\/wp-content\/uploads\/sites\/12\/2022\/02\/1.jpg\"><img loading=\"lazy\" class=\"aligncenter size-full wp-image-32365\" src=\"https:\/\/static-blogs.diariosur.es\/wp-content\/uploads\/sites\/12\/2022\/02\/1.jpg\" alt=\"\" width=\"790\" height=\"595\" srcset=\"https:\/\/static-blogs.diariosur.es\/wp-content\/uploads\/sites\/12\/2022\/02\/1.jpg 790w, https:\/\/static-blogs.diariosur.es\/wp-content\/uploads\/sites\/12\/2022\/02\/1-531x400.jpg 531w, https:\/\/static-blogs.diariosur.es\/wp-content\/uploads\/sites\/12\/2022\/02\/1-768x578.jpg 768w\" sizes=\"(max-width: 790px) 100vw, 790px\" \/><\/a><\/p>\n<p>&nbsp;<\/p>\n<p><a href=\"https:\/\/static-blogs.diariosur.es\/wp-content\/uploads\/sites\/12\/2022\/02\/3.jpg\"><img loading=\"lazy\" class=\"aligncenter size-full wp-image-32366\" src=\"https:\/\/static-blogs.diariosur.es\/wp-content\/uploads\/sites\/12\/2022\/02\/3.jpg\" alt=\"\" width=\"792\" height=\"598\" srcset=\"https:\/\/static-blogs.diariosur.es\/wp-content\/uploads\/sites\/12\/2022\/02\/3.jpg 792w, https:\/\/static-blogs.diariosur.es\/wp-content\/uploads\/sites\/12\/2022\/02\/3-530x400.jpg 530w, https:\/\/static-blogs.diariosur.es\/wp-content\/uploads\/sites\/12\/2022\/02\/3-768x580.jpg 768w\" sizes=\"(max-width: 792px) 100vw, 792px\" \/><\/a><\/p>\n<p>&nbsp;<\/p>\n<p><a href=\"https:\/\/static-blogs.diariosur.es\/wp-content\/uploads\/sites\/12\/2022\/02\/4.jpg\"><img loading=\"lazy\" class=\"aligncenter size-full wp-image-32367\" src=\"https:\/\/static-blogs.diariosur.es\/wp-content\/uploads\/sites\/12\/2022\/02\/4.jpg\" alt=\"\" width=\"875\" height=\"654\" srcset=\"https:\/\/static-blogs.diariosur.es\/wp-content\/uploads\/sites\/12\/2022\/02\/4.jpg 875w, https:\/\/static-blogs.diariosur.es\/wp-content\/uploads\/sites\/12\/2022\/02\/4-535x400.jpg 535w, https:\/\/static-blogs.diariosur.es\/wp-content\/uploads\/sites\/12\/2022\/02\/4-768x574.jpg 768w\" sizes=\"(max-width: 875px) 100vw, 875px\" \/><\/a><\/p>\n<p>&nbsp;<\/p>\n<p><a href=\"https:\/\/static-blogs.diariosur.es\/wp-content\/uploads\/sites\/12\/2023\/02\/3247351826_cbf7437a32_o.jpg\"><img loading=\"lazy\" class=\"size-full wp-image-35786\" src=\"https:\/\/static-blogs.diariosur.es\/wp-content\/uploads\/sites\/12\/2023\/02\/3247351826_cbf7437a32_o.jpg\" alt=\"\" width=\"900\" height=\"675\" srcset=\"https:\/\/static-blogs.diariosur.es\/wp-content\/uploads\/sites\/12\/2023\/02\/3247351826_cbf7437a32_o.jpg 900w, https:\/\/static-blogs.diariosur.es\/wp-content\/uploads\/sites\/12\/2023\/02\/3247351826_cbf7437a32_o-533x400.jpg 533w, https:\/\/static-blogs.diariosur.es\/wp-content\/uploads\/sites\/12\/2023\/02\/3247351826_cbf7437a32_o-768x576.jpg 768w\" sizes=\"(max-width: 900px) 100vw, 900px\" \/><\/a><\/p>\n<p>&nbsp;<\/p>\n<p>&nbsp;<\/p>\n<p>&nbsp;<\/p>\n<p>&nbsp;<\/p>\n<p><a href=\"https:\/\/static-blogs.diariosur.es\/wp-content\/uploads\/sites\/12\/2023\/02\/3247351386_ebdbd561a9_o.jpg\"><img loading=\"lazy\" class=\"aligncenter size-full wp-image-35787\" src=\"https:\/\/static-blogs.diariosur.es\/wp-content\/uploads\/sites\/12\/2023\/02\/3247351386_ebdbd561a9_o.jpg\" alt=\"\" width=\"900\" height=\"675\" srcset=\"https:\/\/static-blogs.diariosur.es\/wp-content\/uploads\/sites\/12\/2023\/02\/3247351386_ebdbd561a9_o.jpg 900w, https:\/\/static-blogs.diariosur.es\/wp-content\/uploads\/sites\/12\/2023\/02\/3247351386_ebdbd561a9_o-533x400.jpg 533w, https:\/\/static-blogs.diariosur.es\/wp-content\/uploads\/sites\/12\/2023\/02\/3247351386_ebdbd561a9_o-768x576.jpg 768w\" sizes=\"(max-width: 900px) 100vw, 900px\" \/><\/a><\/p>\n<p>&nbsp;<\/p>\n<p>Video de mi amigo David Mancebo.<\/p>\n<p>&nbsp;<\/p>\n<p><iframe loading=\"lazy\" title=\"YouTube video player\" src=\"https:\/\/www.youtube.com\/embed\/8QU8D8f4WxA\" width=\"560\" height=\"315\" frameborder=\"0\" allowfullscreen=\"allowfullscreen\" data-mce-fragment=\"1\"><\/iframe><\/p>\n<p>&nbsp;<\/p>\n<p>&nbsp;<\/p>\n<p><iframe loading=\"lazy\" title=\"YouTube video player\" src=\"https:\/\/www.youtube.com\/embed\/QpeIFHgkQS4\" width=\"560\" height=\"315\" frameborder=\"0\" allowfullscreen=\"allowfullscreen\" data-mce-fragment=\"1\"><\/iframe><\/p>\n<p>&nbsp;<\/p>\n<p>&nbsp;<\/p>\n<p><iframe loading=\"lazy\" title=\"YouTube video player\" src=\"https:\/\/www.youtube.com\/embed\/ZkYM_UD3IEs\" width=\"560\" height=\"315\" frameborder=\"0\" allowfullscreen=\"allowfullscreen\" data-mce-fragment=\"1\"><\/iframe><\/p>\n<p>&nbsp;<\/p>\n<p><iframe loading=\"lazy\" title=\"YouTube video player\" src=\"https:\/\/www.youtube.com\/embed\/EMSERvLLy9o\" width=\"560\" height=\"315\" frameborder=\"0\" allowfullscreen=\"allowfullscreen\" data-mce-fragment=\"1\"><\/iframe><\/p>\n<p>&nbsp;<\/p>\n<p><a href=\"https:\/\/static-blogs.diariosur.es\/wp-content\/uploads\/sites\/12\/2023\/02\/Captura-de-pantalla-2023-02-01-075142.jpg\"><img loading=\"lazy\" class=\"aligncenter size-full wp-image-35788\" src=\"https:\/\/static-blogs.diariosur.es\/wp-content\/uploads\/sites\/12\/2023\/02\/Captura-de-pantalla-2023-02-01-075142.jpg\" alt=\"\" width=\"718\" height=\"505\" srcset=\"https:\/\/static-blogs.diariosur.es\/wp-content\/uploads\/sites\/12\/2023\/02\/Captura-de-pantalla-2023-02-01-075142.jpg 718w, https:\/\/static-blogs.diariosur.es\/wp-content\/uploads\/sites\/12\/2023\/02\/Captura-de-pantalla-2023-02-01-075142-569x400.jpg 569w\" sizes=\"(max-width: 718px) 100vw, 718px\" \/><\/a><\/p>\n<p>&nbsp;<\/p>\n<p>Fotos Diario Sur. Salvador Salas, Antonio Salas.<\/p>\n<p>&nbsp;<\/p>\n<p><a href=\"https:\/\/static-blogs.diariosur.es\/wp-content\/uploads\/sites\/12\/2023\/02\/1.jpg\"><img loading=\"lazy\" class=\"aligncenter wp-image-35780 size-full\" src=\"https:\/\/static-blogs.diariosur.es\/wp-content\/uploads\/sites\/12\/2023\/02\/1-e1675232428801.jpg\" alt=\"\" width=\"900\" height=\"602\" \/><\/a><\/p>\n<p>&nbsp;<\/p>\n<p><a href=\"https:\/\/static-blogs.diariosur.es\/wp-content\/uploads\/sites\/12\/2023\/02\/2.jpg\"><img loading=\"lazy\" class=\"aligncenter wp-image-35781 size-full\" src=\"https:\/\/static-blogs.diariosur.es\/wp-content\/uploads\/sites\/12\/2023\/02\/2-e1675232447719.jpg\" alt=\"\" width=\"900\" height=\"600\" \/><\/a><\/p>\n<p>&nbsp;<\/p>\n<p><a href=\"https:\/\/static-blogs.diariosur.es\/wp-content\/uploads\/sites\/12\/2023\/02\/3.jpg\"><img loading=\"lazy\" class=\"aligncenter wp-image-35782 size-full\" src=\"https:\/\/static-blogs.diariosur.es\/wp-content\/uploads\/sites\/12\/2023\/02\/3-e1675232466267.jpg\" alt=\"\" width=\"900\" height=\"604\" \/><\/a><\/p>\n<p>&nbsp;<\/p>\n<p><a href=\"https:\/\/static-blogs.diariosur.es\/wp-content\/uploads\/sites\/12\/2023\/02\/1233535493879.jpg\"><img loading=\"lazy\" class=\"aligncenter size-full wp-image-35783\" src=\"https:\/\/static-blogs.diariosur.es\/wp-content\/uploads\/sites\/12\/2023\/02\/1233535493879.jpg\" alt=\"\" width=\"591\" height=\"394\" \/><\/a><\/p>\n<p>&nbsp;<\/p>\n<p><a href=\"https:\/\/static-blogs.diariosur.es\/wp-content\/uploads\/sites\/12\/2023\/02\/5-e1675232996435.jpg\"><img loading=\"lazy\" class=\"aligncenter size-full wp-image-35784\" src=\"https:\/\/static-blogs.diariosur.es\/wp-content\/uploads\/sites\/12\/2023\/02\/5-e1675232996435.jpg\" alt=\"\" width=\"900\" height=\"583\" \/><\/a><\/p>\n<p>&nbsp;<\/p>\n<p>Os dejo con esta \u00faltima foto que hizo\u00a0Mariano Rubio Orsi<\/p>\n<p>Marzo del 1971 Tromba Marina frente a la t\u00e9rmica.<\/p>\n<p>&nbsp;<\/p>\n<p><a href=\"https:\/\/static-blogs.diariosur.es\/wp-content\/uploads\/sites\/12\/2023\/02\/20046859_1317488628348597_8969759166563428612_n.jpg\"><img loading=\"lazy\" class=\"aligncenter size-full wp-image-35789\" src=\"https:\/\/static-blogs.diariosur.es\/wp-content\/uploads\/sites\/12\/2023\/02\/20046859_1317488628348597_8969759166563428612_n.jpg\" alt=\"\" width=\"873\" height=\"864\" srcset=\"https:\/\/static-blogs.diariosur.es\/wp-content\/uploads\/sites\/12\/2023\/02\/20046859_1317488628348597_8969759166563428612_n.jpg 873w, https:\/\/static-blogs.diariosur.es\/wp-content\/uploads\/sites\/12\/2023\/02\/20046859_1317488628348597_8969759166563428612_n-404x400.jpg 404w, https:\/\/static-blogs.diariosur.es\/wp-content\/uploads\/sites\/12\/2023\/02\/20046859_1317488628348597_8969759166563428612_n-768x760.jpg 768w\" sizes=\"(max-width: 873px) 100vw, 873px\" \/><\/a><\/p>\n<p>&nbsp;<\/p>\n","protected":false},"excerpt":{"rendered":"<p>Buenos d\u00edas, amigos de la meteo. Hoy s\u00e1bado 1 de febrero, se cumplen 16 a\u00f1os del tornado fuerza 2 que arras\u00f3 muchas barriadas de M\u00e1laga capital. Antes de hablaros del tornado, os pongo las temperaturas m\u00ednimas m\u00e1s destacadas que hemos tenido. Fuentes: Aemet, Meteoclimatic, Wunderground Antequera -0,4 grados bajo cero. Ronda 0,9 \u00b0C El Burgo [&hellip;]<\/p>\n","protected":false},"author":16,"featured_media":43239,"comment_status":"open","ping_status":"open","sticky":false,"template":"","format":"standard","meta":[],"categories":[2],"tags":[349,403,1987,587,1004],"_links":{"self":[{"href":"https:\/\/blogs.diariosur.es\/tormentas-y-rayos\/wp-json\/wp\/v2\/posts\/43232"}],"collection":[{"href":"https:\/\/blogs.diariosur.es\/tormentas-y-rayos\/wp-json\/wp\/v2\/posts"}],"about":[{"href":"https:\/\/blogs.diariosur.es\/tormentas-y-rayos\/wp-json\/wp\/v2\/types\/post"}],"author":[{"embeddable":true,"href":"https:\/\/blogs.diariosur.es\/tormentas-y-rayos\/wp-json\/wp\/v2\/users\/16"}],"replies":[{"embeddable":true,"href":"https:\/\/blogs.diariosur.es\/tormentas-y-rayos\/wp-json\/wp\/v2\/comments?post=43232"}],"version-history":[{"count":7,"href":"https:\/\/blogs.diariosur.es\/tormentas-y-rayos\/wp-json\/wp\/v2\/posts\/43232\/revisions"}],"predecessor-version":[{"id":46780,"href":"https:\/\/blogs.diariosur.es\/tormentas-y-rayos\/wp-json\/wp\/v2\/posts\/43232\/revisions\/46780"}],"wp:featuredmedia":[{"embeddable":true,"href":"https:\/\/blogs.diariosur.es\/tormentas-y-rayos\/wp-json\/wp\/v2\/media\/43239"}],"wp:attachment":[{"href":"https:\/\/blogs.diariosur.es\/tormentas-y-rayos\/wp-json\/wp\/v2\/media?parent=43232"}],"wp:term":[{"taxonomy":"category","embeddable":true,"href":"https:\/\/blogs.diariosur.es\/tormentas-y-rayos\/wp-json\/wp\/v2\/categories?post=43232"},{"taxonomy":"post_tag","embeddable":true,"href":"https:\/\/blogs.diariosur.es\/tormentas-y-rayos\/wp-json\/wp\/v2\/tags?post=43232"}],"curies":[{"name":"wp","href":"https:\/\/api.w.org\/{rel}","templated":true}]}}