{"id":43281,"date":"2025-02-03T09:13:50","date_gmt":"2025-02-03T08:13:50","guid":{"rendered":"https:\/\/blogs.diariosur.es\/tormentas-y-rayos\/?p=43281"},"modified":"2025-10-08T08:00:43","modified_gmt":"2025-10-08T06:00:43","slug":"acumulados-de-momento-en-zonas-de-torremolinos-mijas-benalmadena-y-malaga-capital","status":"publish","type":"post","link":"https:\/\/blogs.diariosur.es\/tormentas-y-rayos\/2025\/02\/03\/acumulados-de-momento-en-zonas-de-torremolinos-mijas-benalmadena-y-malaga-capital\/","title":{"rendered":"Acumulados de momento en zonas de Torremolinos, Mijas, Benalm\u00e1dena y M\u00e1laga Capital"},"content":{"rendered":"<p><a href=\"https:\/\/static-blogs.diariosur.es\/wp-content\/uploads\/sites\/12\/2025\/01\/474591997_10231480374091459_5977821584942016476_n-1.jpg\"><img loading=\"lazy\" class=\"aligncenter size-thumbnail wp-image-43211\" src=\"https:\/\/static-blogs.diariosur.es\/wp-content\/uploads\/sites\/12\/2025\/01\/474591997_10231480374091459_5977821584942016476_n-1-150x150.jpg\" alt=\"\" width=\"150\" height=\"150\" srcset=\"https:\/\/static-blogs.diariosur.es\/wp-content\/uploads\/sites\/12\/2025\/01\/474591997_10231480374091459_5977821584942016476_n-1-150x150.jpg 150w, https:\/\/static-blogs.diariosur.es\/wp-content\/uploads\/sites\/12\/2025\/01\/474591997_10231480374091459_5977821584942016476_n-1-400x400.jpg 400w, https:\/\/static-blogs.diariosur.es\/wp-content\/uploads\/sites\/12\/2025\/01\/474591997_10231480374091459_5977821584942016476_n-1-408x408.jpg 408w, https:\/\/static-blogs.diariosur.es\/wp-content\/uploads\/sites\/12\/2025\/01\/474591997_10231480374091459_5977821584942016476_n-1-768x768.jpg 768w, https:\/\/static-blogs.diariosur.es\/wp-content\/uploads\/sites\/12\/2025\/01\/474591997_10231480374091459_5977821584942016476_n-1.jpg 1000w\" sizes=\"(max-width: 150px) 100vw, 150px\" \/><\/a><\/p>\n<p data-pm-slice=\"1 1 []\">Buenos d\u00edas, amigos de la meteo. Se activa el aviso naranja en Sol y Guadalhorce. Precipitaci\u00f3n acumulada en una hora: 30 mm. Las precipitaciones pueden ir ocasionalmente acompa\u00f1adas de tormentas y granizo peque\u00f1o. Precipitaci\u00f3n acumulada en 12 horas: 100 mm. Las precipitaciones pueden ir ocasionalmente acompa\u00f1adas de tormentas y granizo peque\u00f1o. Con el movimiento de la dana, espero otra l\u00ednea de precipitaci\u00f3n en un rato; ya veremos qu\u00e9 zonas dar\u00e1n m\u00e1s acumulados. Me comentan que en Fuengirola tienen tormenta.<\/p>\n<p>Como todos sab\u00e9is y est\u00e1 ocurriendo, las danas\u00a0pueden dejar lluvias torrenciales en una zona y a 30 kil\u00f3metros apenas nada; hoy est\u00e1 pasando en zonas de Torremolinos, Benalm\u00e1dena y Mijas, compar\u00e1ndolas con M\u00e1laga capital.<\/p>\n<p>Os paso algunos acumulados hasta las 8:30 de la ma\u00f1ana.<\/p>\n<p>Fijaros la diferencia entre el Aeropuerto de M\u00e1laga y el Puerto; en l\u00ednea recta, muy pocos kil\u00f3metros.<\/p>\n<p>M\u00e1laga Aeropuerto 32 mm<\/p>\n<p>Puerto\u00a012,9 mm<\/p>\n<p>Centro Meteorol\u00f3gico 18 mm<\/p>\n<p>Torremolinos Aemet 80 mm<\/p>\n<p>Benalm\u00e1dena Arroyo de la Miel\u00a081 mm<\/p>\n<p>Torremolinos, zona del Pinillo, 110 mm.<\/p>\n<p>Mijas Los Espartales 45,3 mm<\/p>\n<p>Mijas Pueblo\u00a038 mm<\/p>\n<p>Alhaur\u00edn de la Torre 56 mm<\/p>\n<p>Arroyo de la Miel: 51 mm<\/p>\n<p>Sierra Mijas\u00a063 mm<\/p>\n<p>En la Comarca de Antequera hemos tenido tambi\u00e9n precipitaciones entre los 10 y 28 mm; la zona m\u00e1s beneficiada ha sido Archidona y Alameda con acumulados de 20 mm. La mala noticia, de momento, es que en los embalses del Guadalhorce y Vi\u00f1uela, muy poco.<\/p>\n<p>&nbsp;<\/p>\n<p>Os dejo con este video que he grabado a las siete de la ma\u00f1ana. La lluvia dur\u00f3 poco; he recogido en mi estaci\u00f3n 15 mm.<\/p>\n<p>&nbsp;<\/p>\n<p>&nbsp;<\/p>\n<p>&nbsp;<\/p>\n<p>&nbsp;<\/p>\n<p><iframe loading=\"lazy\" title=\"YouTube video player\" src=\"https:\/\/www.youtube.com\/embed\/lE5orF4oqSs?si=yjH53Y5Im7Bbl1oj\" width=\"560\" height=\"315\" frameborder=\"0\" allowfullscreen=\"allowfullscreen\"><\/iframe><\/p>\n","protected":false},"excerpt":{"rendered":"<p>Buenos d\u00edas, amigos de la meteo. Se activa el aviso naranja en Sol y Guadalhorce. Precipitaci\u00f3n acumulada en una hora: 30 mm. Las precipitaciones pueden ir ocasionalmente acompa\u00f1adas de tormentas y granizo peque\u00f1o. Precipitaci\u00f3n acumulada en 12 horas: 100 mm. Las precipitaciones pueden ir ocasionalmente acompa\u00f1adas de tormentas y granizo peque\u00f1o. Con el movimiento de [&hellip;]<\/p>\n","protected":false},"author":16,"featured_media":43285,"comment_status":"open","ping_status":"open","sticky":false,"template":"","format":"standard","meta":[],"categories":[2],"tags":[151,514,587,676,1011],"_links":{"self":[{"href":"https:\/\/blogs.diariosur.es\/tormentas-y-rayos\/wp-json\/wp\/v2\/posts\/43281"}],"collection":[{"href":"https:\/\/blogs.diariosur.es\/tormentas-y-rayos\/wp-json\/wp\/v2\/posts"}],"about":[{"href":"https:\/\/blogs.diariosur.es\/tormentas-y-rayos\/wp-json\/wp\/v2\/types\/post"}],"author":[{"embeddable":true,"href":"https:\/\/blogs.diariosur.es\/tormentas-y-rayos\/wp-json\/wp\/v2\/users\/16"}],"replies":[{"embeddable":true,"href":"https:\/\/blogs.diariosur.es\/tormentas-y-rayos\/wp-json\/wp\/v2\/comments?post=43281"}],"version-history":[{"count":7,"href":"https:\/\/blogs.diariosur.es\/tormentas-y-rayos\/wp-json\/wp\/v2\/posts\/43281\/revisions"}],"predecessor-version":[{"id":46776,"href":"https:\/\/blogs.diariosur.es\/tormentas-y-rayos\/wp-json\/wp\/v2\/posts\/43281\/revisions\/46776"}],"wp:featuredmedia":[{"embeddable":true,"href":"https:\/\/blogs.diariosur.es\/tormentas-y-rayos\/wp-json\/wp\/v2\/media\/43285"}],"wp:attachment":[{"href":"https:\/\/blogs.diariosur.es\/tormentas-y-rayos\/wp-json\/wp\/v2\/media?parent=43281"}],"wp:term":[{"taxonomy":"category","embeddable":true,"href":"https:\/\/blogs.diariosur.es\/tormentas-y-rayos\/wp-json\/wp\/v2\/categories?post=43281"},{"taxonomy":"post_tag","embeddable":true,"href":"https:\/\/blogs.diariosur.es\/tormentas-y-rayos\/wp-json\/wp\/v2\/tags?post=43281"}],"curies":[{"name":"wp","href":"https:\/\/api.w.org\/{rel}","templated":true}]}}