{"id":43290,"date":"2025-02-03T16:07:05","date_gmt":"2025-02-03T15:07:05","guid":{"rendered":"https:\/\/blogs.diariosur.es\/tormentas-y-rayos\/?p=43290"},"modified":"2025-10-08T08:01:59","modified_gmt":"2025-10-08T06:01:59","slug":"impresionante-nevada-en-la-sierra-de-las-nieves-hoy-3-de-febrero-en-malaga-fotos-y-videos-de-antonio-jesus-galiano-en-el-torrecilla","status":"publish","type":"post","link":"https:\/\/blogs.diariosur.es\/tormentas-y-rayos\/2025\/02\/03\/impresionante-nevada-en-la-sierra-de-las-nieves-hoy-3-de-febrero-en-malaga-fotos-y-videos-de-antonio-jesus-galiano-en-el-torrecilla\/","title":{"rendered":"Impresionante nevada en la Sierra de las Nieves, hoy 3 de febrero en M\u00e1laga. Fotos y v\u00eddeos de Antonio Jes\u00fas Galiano en el Torrecilla."},"content":{"rendered":"<p><a href=\"https:\/\/static-blogs.diariosur.es\/wp-content\/uploads\/sites\/12\/2025\/01\/474591997_10231480374091459_5977821584942016476_n-1.jpg\"><img loading=\"lazy\" class=\"aligncenter size-thumbnail wp-image-43211\" src=\"https:\/\/static-blogs.diariosur.es\/wp-content\/uploads\/sites\/12\/2025\/01\/474591997_10231480374091459_5977821584942016476_n-1-150x150.jpg\" alt=\"\" width=\"150\" height=\"150\" srcset=\"https:\/\/static-blogs.diariosur.es\/wp-content\/uploads\/sites\/12\/2025\/01\/474591997_10231480374091459_5977821584942016476_n-1-150x150.jpg 150w, https:\/\/static-blogs.diariosur.es\/wp-content\/uploads\/sites\/12\/2025\/01\/474591997_10231480374091459_5977821584942016476_n-1-400x400.jpg 400w, https:\/\/static-blogs.diariosur.es\/wp-content\/uploads\/sites\/12\/2025\/01\/474591997_10231480374091459_5977821584942016476_n-1-408x408.jpg 408w, https:\/\/static-blogs.diariosur.es\/wp-content\/uploads\/sites\/12\/2025\/01\/474591997_10231480374091459_5977821584942016476_n-1-768x768.jpg 768w, https:\/\/static-blogs.diariosur.es\/wp-content\/uploads\/sites\/12\/2025\/01\/474591997_10231480374091459_5977821584942016476_n-1.jpg 1000w\" sizes=\"(max-width: 150px) 100vw, 150px\" \/><\/a><\/p>\n<p data-pm-slice=\"1 1 []\">Buenas tardes, amigos de la meteo. Antes de poneros las impresionantes fotos y videos de mi amigo Antonio Jes\u00fas Galiano, solo un par de palabras: os dais cuenta de c\u00f3mo son las danas; muchas veces os lo he comentado. Que cada uno saque sus conclusiones con sus portales.<\/p>\n<p>Mi amigo Antonio Galiano, experto monta\u00f1ero, ha hecho hoy la subida al Torrecilla en la Sierra de las Nieves. Toda la ma\u00f1ana he estado en contacto con \u00e9l, y parec\u00eda que yo tambi\u00e9n hac\u00eda la subida, pero va a ser que no, jijijiji. Yo me hubiera quedado en los 800 metros, no dig\u00e1is nada.<\/p>\n<p>Al final de la coronaci\u00f3n y bajar hasta los 1000 metros, me comentaba esto: parada a comer y una infusi\u00f3n con nieve, jijij.<\/p>\n<p>&nbsp;<\/p>\n<p><a href=\"https:\/\/static-blogs.diariosur.es\/wp-content\/uploads\/sites\/12\/2025\/02\/475868147_10231506923035166_2231226884671953076_n-e1738594276535.jpg\"><img loading=\"lazy\" class=\"aligncenter size-full wp-image-43294\" src=\"https:\/\/static-blogs.diariosur.es\/wp-content\/uploads\/sites\/12\/2025\/02\/475868147_10231506923035166_2231226884671953076_n-e1738594276535.jpg\" alt=\"\" width=\"800\" height=\"1063\" \/><\/a><\/p>\n<p>&nbsp;<\/p>\n<p>Os paso estos dos primeros videos y a continuaci\u00f3n unas fotos. Impresionante el segundo video, llegando al Torrecilla<\/p>\n<p>&nbsp;<\/p>\n<p>&amp;<iframe loading=\"lazy\" title=\"YouTube video player\" src=\"https:\/\/www.youtube.com\/embed\/tGKzuL0hTAM?si=HUGAmbXgr6QP7Rip\" width=\"560\" height=\"315\" frameborder=\"0\" allowfullscreen=\"allowfullscreen\"><\/iframe>;<\/p>\n<p><iframe loading=\"lazy\" title=\"YouTube video player\" src=\"https:\/\/www.youtube.com\/embed\/3q52qok65kI?si=diGE8UEqS6E6nJxM\" width=\"560\" height=\"315\" frameborder=\"0\" allowfullscreen=\"allowfullscreen\"><\/iframe><\/p>\n<p>&nbsp;<\/p>\n<p><a href=\"https:\/\/static-blogs.diariosur.es\/wp-content\/uploads\/sites\/12\/2025\/02\/1-2.jpg\"><img loading=\"lazy\" class=\"aligncenter size-full wp-image-43304\" src=\"https:\/\/static-blogs.diariosur.es\/wp-content\/uploads\/sites\/12\/2025\/02\/1-2.jpg\" alt=\"\" width=\"1080\" height=\"784\" srcset=\"https:\/\/static-blogs.diariosur.es\/wp-content\/uploads\/sites\/12\/2025\/02\/1-2.jpg 1080w, https:\/\/static-blogs.diariosur.es\/wp-content\/uploads\/sites\/12\/2025\/02\/1-2-551x400.jpg 551w, https:\/\/static-blogs.diariosur.es\/wp-content\/uploads\/sites\/12\/2025\/02\/1-2-562x408.jpg 562w, https:\/\/static-blogs.diariosur.es\/wp-content\/uploads\/sites\/12\/2025\/02\/1-2-768x558.jpg 768w\" sizes=\"(max-width: 1080px) 100vw, 1080px\" \/><\/a><\/p>\n<p>&nbsp;<\/p>\n<p><a href=\"https:\/\/static-blogs.diariosur.es\/wp-content\/uploads\/sites\/12\/2025\/02\/475482134_10231506668348799_2367231936383125187_n-e1738594680281.jpg\"><img loading=\"lazy\" class=\"aligncenter size-full wp-image-43295\" src=\"https:\/\/static-blogs.diariosur.es\/wp-content\/uploads\/sites\/12\/2025\/02\/475482134_10231506668348799_2367231936383125187_n-e1738594680281.jpg\" alt=\"\" width=\"1000\" height=\"753\" \/><\/a><\/p>\n<p>&nbsp;<\/p>\n<p><a href=\"https:\/\/static-blogs.diariosur.es\/wp-content\/uploads\/sites\/12\/2025\/02\/476367741_10231506668708808_3365310560355445124_n-e1738594709643.jpg\"><img loading=\"lazy\" class=\"aligncenter size-full wp-image-43296\" src=\"https:\/\/static-blogs.diariosur.es\/wp-content\/uploads\/sites\/12\/2025\/02\/476367741_10231506668708808_3365310560355445124_n-e1738594709643.jpg\" alt=\"\" width=\"1000\" height=\"753\" \/><\/a><\/p>\n<p>&nbsp;<\/p>\n<p><a href=\"https:\/\/static-blogs.diariosur.es\/wp-content\/uploads\/sites\/12\/2025\/02\/475974409_10231506670068842_512129020048853958_n-e1738594747134.jpg\"><img loading=\"lazy\" class=\"aligncenter size-full wp-image-43297\" src=\"https:\/\/static-blogs.diariosur.es\/wp-content\/uploads\/sites\/12\/2025\/02\/475974409_10231506670068842_512129020048853958_n-e1738594747134.jpg\" alt=\"\" width=\"800\" height=\"1063\" \/><\/a><\/p>\n<p>&nbsp;<\/p>\n<p><a href=\"https:\/\/static-blogs.diariosur.es\/wp-content\/uploads\/sites\/12\/2025\/02\/476001637_10231506670348849_2295448355430075813_n-e1738594783341.jpg\"><img loading=\"lazy\" class=\"aligncenter size-full wp-image-43298\" src=\"https:\/\/static-blogs.diariosur.es\/wp-content\/uploads\/sites\/12\/2025\/02\/476001637_10231506670348849_2295448355430075813_n-e1738594783341.jpg\" alt=\"\" width=\"1000\" height=\"753\" \/><\/a><\/p>\n<p>&nbsp;<\/p>\n<p><a href=\"https:\/\/static-blogs.diariosur.es\/wp-content\/uploads\/sites\/12\/2025\/02\/476148890_10231506670628856_8431138403976239185_n-e1738594815466.jpg\"><img loading=\"lazy\" class=\"aligncenter size-full wp-image-43299\" src=\"https:\/\/static-blogs.diariosur.es\/wp-content\/uploads\/sites\/12\/2025\/02\/476148890_10231506670628856_8431138403976239185_n-e1738594815466.jpg\" alt=\"\" width=\"1000\" height=\"753\" \/><\/a><\/p>\n<p>&nbsp;<\/p>\n<p><a href=\"https:\/\/static-blogs.diariosur.es\/wp-content\/uploads\/sites\/12\/2025\/02\/475894005_10231506669468827_4951678007112181689_n-horz-scaled-e1738594863643.jpg\"><img loading=\"lazy\" class=\"aligncenter size-full wp-image-43300\" src=\"https:\/\/static-blogs.diariosur.es\/wp-content\/uploads\/sites\/12\/2025\/02\/475894005_10231506669468827_4951678007112181689_n-horz-scaled-e1738594863643.jpg\" alt=\"\" width=\"1100\" height=\"413\" \/><\/a><\/p>\n<p>&nbsp;<\/p>\n<p><a href=\"https:\/\/static-blogs.diariosur.es\/wp-content\/uploads\/sites\/12\/2025\/02\/z-1.jpg\"><img loading=\"lazy\" class=\"aligncenter size-full wp-image-43302\" src=\"https:\/\/static-blogs.diariosur.es\/wp-content\/uploads\/sites\/12\/2025\/02\/z-1.jpg\" alt=\"\" width=\"1080\" height=\"596\" srcset=\"https:\/\/static-blogs.diariosur.es\/wp-content\/uploads\/sites\/12\/2025\/02\/z-1.jpg 1080w, https:\/\/static-blogs.diariosur.es\/wp-content\/uploads\/sites\/12\/2025\/02\/z-1-640x353.jpg 640w, https:\/\/static-blogs.diariosur.es\/wp-content\/uploads\/sites\/12\/2025\/02\/z-1-739x408.jpg 739w, https:\/\/static-blogs.diariosur.es\/wp-content\/uploads\/sites\/12\/2025\/02\/z-1-768x424.jpg 768w\" sizes=\"(max-width: 1080px) 100vw, 1080px\" \/><\/a><\/p>\n<p>&nbsp;<\/p>\n<p>Espero que os haya gustado. En la Marona tambi\u00e9n ha ca\u00eddo una buena nevada. Nos vemos ma\u00f1ana.<\/p>\n","protected":false},"excerpt":{"rendered":"<p>Buenas tardes, amigos de la meteo. Antes de poneros las impresionantes fotos y videos de mi amigo Antonio Jes\u00fas Galiano, solo un par de palabras: os dais cuenta de c\u00f3mo son las danas; muchas veces os lo he comentado. Que cada uno saque sus conclusiones con sus portales. Mi amigo Antonio Galiano, experto monta\u00f1ero, ha [&hellip;]<\/p>\n","protected":false},"author":16,"featured_media":43300,"comment_status":"open","ping_status":"open","sticky":false,"template":"","format":"standard","meta":[],"categories":[2],"tags":[1952,403,1988,689,1660],"_links":{"self":[{"href":"https:\/\/blogs.diariosur.es\/tormentas-y-rayos\/wp-json\/wp\/v2\/posts\/43290"}],"collection":[{"href":"https:\/\/blogs.diariosur.es\/tormentas-y-rayos\/wp-json\/wp\/v2\/posts"}],"about":[{"href":"https:\/\/blogs.diariosur.es\/tormentas-y-rayos\/wp-json\/wp\/v2\/types\/post"}],"author":[{"embeddable":true,"href":"https:\/\/blogs.diariosur.es\/tormentas-y-rayos\/wp-json\/wp\/v2\/users\/16"}],"replies":[{"embeddable":true,"href":"https:\/\/blogs.diariosur.es\/tormentas-y-rayos\/wp-json\/wp\/v2\/comments?post=43290"}],"version-history":[{"count":7,"href":"https:\/\/blogs.diariosur.es\/tormentas-y-rayos\/wp-json\/wp\/v2\/posts\/43290\/revisions"}],"predecessor-version":[{"id":46777,"href":"https:\/\/blogs.diariosur.es\/tormentas-y-rayos\/wp-json\/wp\/v2\/posts\/43290\/revisions\/46777"}],"wp:featuredmedia":[{"embeddable":true,"href":"https:\/\/blogs.diariosur.es\/tormentas-y-rayos\/wp-json\/wp\/v2\/media\/43300"}],"wp:attachment":[{"href":"https:\/\/blogs.diariosur.es\/tormentas-y-rayos\/wp-json\/wp\/v2\/media?parent=43290"}],"wp:term":[{"taxonomy":"category","embeddable":true,"href":"https:\/\/blogs.diariosur.es\/tormentas-y-rayos\/wp-json\/wp\/v2\/categories?post=43290"},{"taxonomy":"post_tag","embeddable":true,"href":"https:\/\/blogs.diariosur.es\/tormentas-y-rayos\/wp-json\/wp\/v2\/tags?post=43290"}],"curies":[{"name":"wp","href":"https:\/\/api.w.org\/{rel}","templated":true}]}}