{"id":43316,"date":"2025-02-04T20:57:55","date_gmt":"2025-02-04T19:57:55","guid":{"rendered":"https:\/\/blogs.diariosur.es\/tormentas-y-rayos\/?p=43316"},"modified":"2025-10-08T07:59:01","modified_gmt":"2025-10-08T05:59:01","slug":"subida-al-torrecilla-sierra-de-las-nieves-hoy-4-de-febrero-muchas-gracias-a-francisco-codez-y-marcos-riveros","status":"publish","type":"post","link":"https:\/\/blogs.diariosur.es\/tormentas-y-rayos\/2025\/02\/04\/subida-al-torrecilla-sierra-de-las-nieves-hoy-4-de-febrero-muchas-gracias-a-francisco-codez-y-marcos-riveros\/","title":{"rendered":"Subida al Torrecilla (Sierra de las Nieves) hoy 4 de febrero. Muchas gracias a Francisco Cod\u00e9z y Marcos Riveros"},"content":{"rendered":"<p><a href=\"https:\/\/static-blogs.diariosur.es\/wp-content\/uploads\/sites\/12\/2025\/01\/474591997_10231480374091459_5977821584942016476_n-1.jpg\"><img loading=\"lazy\" class=\"aligncenter size-thumbnail wp-image-43211\" src=\"https:\/\/static-blogs.diariosur.es\/wp-content\/uploads\/sites\/12\/2025\/01\/474591997_10231480374091459_5977821584942016476_n-1-150x150.jpg\" alt=\"\" width=\"150\" height=\"150\" srcset=\"https:\/\/static-blogs.diariosur.es\/wp-content\/uploads\/sites\/12\/2025\/01\/474591997_10231480374091459_5977821584942016476_n-1-150x150.jpg 150w, https:\/\/static-blogs.diariosur.es\/wp-content\/uploads\/sites\/12\/2025\/01\/474591997_10231480374091459_5977821584942016476_n-1-400x400.jpg 400w, https:\/\/static-blogs.diariosur.es\/wp-content\/uploads\/sites\/12\/2025\/01\/474591997_10231480374091459_5977821584942016476_n-1-408x408.jpg 408w, https:\/\/static-blogs.diariosur.es\/wp-content\/uploads\/sites\/12\/2025\/01\/474591997_10231480374091459_5977821584942016476_n-1-768x768.jpg 768w, https:\/\/static-blogs.diariosur.es\/wp-content\/uploads\/sites\/12\/2025\/01\/474591997_10231480374091459_5977821584942016476_n-1.jpg 1000w\" sizes=\"(max-width: 150px) 100vw, 150px\" \/><\/a><\/p>\n<p>&nbsp;<\/p>\n<p data-pm-slice=\"1 1 []\">Buenas noches,\u00a0amigos de la meteo. Hoy quiero compartir este bonito reportaje de mis amigos, expertos monta\u00f1eros, Francisco Cod\u00e9z y Marcos Riveros. Muchas gracias.<\/p>\n<p>Esta ma\u00f1ana muy temprano, nuestros amigos han hecho la subida al Torrecilla desde la vertiente de Tolox; me comentan que estaba todo precioso, sobre todo el Pilar. Al principio estaba despejado, pero luego se ech\u00f3 la niebla.<\/p>\n<p>Cuando yo est\u00e9 m\u00e1s en forma, os acompa\u00f1ar\u00e9.<\/p>\n<p>Os paso las fotos.<\/p>\n<p>&nbsp;<\/p>\n<p><a href=\"https:\/\/static-blogs.diariosur.es\/wp-content\/uploads\/sites\/12\/2025\/02\/a1-e1738698933216.jpg\"><img loading=\"lazy\" class=\"aligncenter size-full wp-image-43330\" src=\"https:\/\/static-blogs.diariosur.es\/wp-content\/uploads\/sites\/12\/2025\/02\/a1-e1738698933216.jpg\" alt=\"\" width=\"1000\" height=\"451\" \/><\/a><\/p>\n<p>&nbsp;<\/p>\n<p><a href=\"https:\/\/static-blogs.diariosur.es\/wp-content\/uploads\/sites\/12\/2025\/02\/a3-e1738698976620.jpg\"><img loading=\"lazy\" class=\"aligncenter size-full wp-image-43331\" src=\"https:\/\/static-blogs.diariosur.es\/wp-content\/uploads\/sites\/12\/2025\/02\/a3-e1738698976620.jpg\" alt=\"\" width=\"1000\" height=\"451\" \/><\/a><\/p>\n<p>&nbsp;<\/p>\n<p><a href=\"https:\/\/static-blogs.diariosur.es\/wp-content\/uploads\/sites\/12\/2025\/02\/476250613_10231512675858983_7861241446836711652_n-e1738691645539.jpg\"><img loading=\"lazy\" class=\"aligncenter size-full wp-image-43317\" src=\"https:\/\/static-blogs.diariosur.es\/wp-content\/uploads\/sites\/12\/2025\/02\/476250613_10231512675858983_7861241446836711652_n-e1738691645539.jpg\" alt=\"\" width=\"540\" height=\"1200\" \/><\/a><\/p>\n<p>&nbsp;<\/p>\n<p><a href=\"https:\/\/static-blogs.diariosur.es\/wp-content\/uploads\/sites\/12\/2025\/02\/476155996_10231512676699004_6458551771624486747_n-e1738691673586.jpg\"><img loading=\"lazy\" class=\"aligncenter size-full wp-image-43318\" src=\"https:\/\/static-blogs.diariosur.es\/wp-content\/uploads\/sites\/12\/2025\/02\/476155996_10231512676699004_6458551771624486747_n-e1738691673586.jpg\" alt=\"\" width=\"1000\" height=\"451\" \/><\/a><\/p>\n<p>&nbsp;<\/p>\n<p><a href=\"https:\/\/static-blogs.diariosur.es\/wp-content\/uploads\/sites\/12\/2025\/02\/476117141_10231512676258993_1735528413570673756_n-e1738691702940.jpg\"><img loading=\"lazy\" class=\"aligncenter size-full wp-image-43319\" src=\"https:\/\/static-blogs.diariosur.es\/wp-content\/uploads\/sites\/12\/2025\/02\/476117141_10231512676258993_1735528413570673756_n-e1738691702940.jpg\" alt=\"\" width=\"440\" height=\"978\" \/><\/a><\/p>\n<p>&nbsp;<\/p>\n<p><a href=\"https:\/\/static-blogs.diariosur.es\/wp-content\/uploads\/sites\/12\/2025\/02\/475987361_10231512678179041_1800152384613254615_n-e1738691730824.jpg\"><img loading=\"lazy\" class=\"aligncenter size-full wp-image-43320\" src=\"https:\/\/static-blogs.diariosur.es\/wp-content\/uploads\/sites\/12\/2025\/02\/475987361_10231512678179041_1800152384613254615_n-e1738691730824.jpg\" alt=\"\" width=\"1000\" height=\"451\" \/><\/a><\/p>\n<p>&nbsp;<\/p>\n<p><a href=\"https:\/\/static-blogs.diariosur.es\/wp-content\/uploads\/sites\/12\/2025\/02\/475883630_10231512677059013_2121141362249468500_n-e1738691757584.jpg\"><img loading=\"lazy\" class=\"aligncenter size-full wp-image-43321\" src=\"https:\/\/static-blogs.diariosur.es\/wp-content\/uploads\/sites\/12\/2025\/02\/475883630_10231512677059013_2121141362249468500_n-e1738691757584.jpg\" alt=\"\" width=\"450\" height=\"1000\" \/><\/a><\/p>\n<p>&nbsp;<\/p>\n<p><a href=\"https:\/\/static-blogs.diariosur.es\/wp-content\/uploads\/sites\/12\/2025\/02\/475805840_10231512677899034_6393707645897187671_n-e1738691795887.jpg\"><img loading=\"lazy\" class=\"aligncenter size-full wp-image-43322\" src=\"https:\/\/static-blogs.diariosur.es\/wp-content\/uploads\/sites\/12\/2025\/02\/475805840_10231512677899034_6393707645897187671_n-e1738691795887.jpg\" alt=\"\" width=\"1000\" height=\"451\" \/><\/a><\/p>\n<p>&nbsp;<\/p>\n<p><a href=\"https:\/\/static-blogs.diariosur.es\/wp-content\/uploads\/sites\/12\/2025\/02\/475804448_10231512691859383_1242515384013577528_n-e1738691820266.jpg\"><img loading=\"lazy\" class=\"aligncenter size-full wp-image-43323\" src=\"https:\/\/static-blogs.diariosur.es\/wp-content\/uploads\/sites\/12\/2025\/02\/475804448_10231512691859383_1242515384013577528_n-e1738691820266.jpg\" alt=\"\" width=\"500\" height=\"1111\" \/><\/a><\/p>\n<p>&nbsp;<\/p>\n<p><a href=\"https:\/\/static-blogs.diariosur.es\/wp-content\/uploads\/sites\/12\/2025\/02\/475780614_10231512677419022_4340053081551525799_n-e1738691848803.jpg\"><img loading=\"lazy\" class=\"aligncenter size-full wp-image-43324\" src=\"https:\/\/static-blogs.diariosur.es\/wp-content\/uploads\/sites\/12\/2025\/02\/475780614_10231512677419022_4340053081551525799_n-e1738691848803.jpg\" alt=\"\" width=\"1000\" height=\"450\" \/><\/a><\/p>\n<p>&nbsp;<\/p>\n<p><a href=\"https:\/\/static-blogs.diariosur.es\/wp-content\/uploads\/sites\/12\/2025\/02\/475509294_10231512691379371_7166753132588199907_n-e1738691873400.jpg\"><img loading=\"lazy\" class=\"aligncenter size-full wp-image-43325\" src=\"https:\/\/static-blogs.diariosur.es\/wp-content\/uploads\/sites\/12\/2025\/02\/475509294_10231512691379371_7166753132588199907_n-e1738691873400.jpg\" alt=\"\" width=\"1200\" height=\"540\" \/><\/a><\/p>\n<p>&nbsp;<\/p>\n<p><a href=\"https:\/\/static-blogs.diariosur.es\/wp-content\/uploads\/sites\/12\/2025\/02\/a5-e1738699026634.jpg\"><img loading=\"lazy\" class=\"aligncenter size-full wp-image-43332\" src=\"https:\/\/static-blogs.diariosur.es\/wp-content\/uploads\/sites\/12\/2025\/02\/a5-e1738699026634.jpg\" alt=\"\" width=\"500\" height=\"1111\" \/><\/a><\/p>\n","protected":false},"excerpt":{"rendered":"<p>&nbsp; Buenas noches,\u00a0amigos de la meteo. Hoy quiero compartir este bonito reportaje de mis amigos, expertos monta\u00f1eros, Francisco Cod\u00e9z y Marcos Riveros. Muchas gracias. Esta ma\u00f1ana muy temprano, nuestros amigos han hecho la subida al Torrecilla desde la vertiente de Tolox; me comentan que estaba todo precioso, sobre todo el Pilar. Al principio estaba despejado, [&hellip;]<\/p>\n","protected":false},"author":16,"featured_media":43325,"comment_status":"open","ping_status":"open","sticky":false,"template":"","format":"standard","meta":[],"categories":[2],"tags":[1975,773,913,1566],"_links":{"self":[{"href":"https:\/\/blogs.diariosur.es\/tormentas-y-rayos\/wp-json\/wp\/v2\/posts\/43316"}],"collection":[{"href":"https:\/\/blogs.diariosur.es\/tormentas-y-rayos\/wp-json\/wp\/v2\/posts"}],"about":[{"href":"https:\/\/blogs.diariosur.es\/tormentas-y-rayos\/wp-json\/wp\/v2\/types\/post"}],"author":[{"embeddable":true,"href":"https:\/\/blogs.diariosur.es\/tormentas-y-rayos\/wp-json\/wp\/v2\/users\/16"}],"replies":[{"embeddable":true,"href":"https:\/\/blogs.diariosur.es\/tormentas-y-rayos\/wp-json\/wp\/v2\/comments?post=43316"}],"version-history":[{"count":5,"href":"https:\/\/blogs.diariosur.es\/tormentas-y-rayos\/wp-json\/wp\/v2\/posts\/43316\/revisions"}],"predecessor-version":[{"id":46775,"href":"https:\/\/blogs.diariosur.es\/tormentas-y-rayos\/wp-json\/wp\/v2\/posts\/43316\/revisions\/46775"}],"wp:featuredmedia":[{"embeddable":true,"href":"https:\/\/blogs.diariosur.es\/tormentas-y-rayos\/wp-json\/wp\/v2\/media\/43325"}],"wp:attachment":[{"href":"https:\/\/blogs.diariosur.es\/tormentas-y-rayos\/wp-json\/wp\/v2\/media?parent=43316"}],"wp:term":[{"taxonomy":"category","embeddable":true,"href":"https:\/\/blogs.diariosur.es\/tormentas-y-rayos\/wp-json\/wp\/v2\/categories?post=43316"},{"taxonomy":"post_tag","embeddable":true,"href":"https:\/\/blogs.diariosur.es\/tormentas-y-rayos\/wp-json\/wp\/v2\/tags?post=43316"}],"curies":[{"name":"wp","href":"https:\/\/api.w.org\/{rel}","templated":true}]}}